{"id":9184,"date":"2021-02-24T17:53:56","date_gmt":"2021-02-24T16:53:56","guid":{"rendered":"https:\/\/www.culturalusa.com\/news\/?p=9184"},"modified":"2021-02-24T17:56:17","modified_gmt":"2021-02-24T16:56:17","slug":"le-vaccin-dastrazeneca-est-efficace-sur-les-formes-graves-defend-pannier-runacher","status":"publish","type":"post","link":"https:\/\/www.culturalusa.com\/news\/actualite\/le-vaccin-dastrazeneca-est-efficace-sur-les-formes-graves-defend-pannier-runacher\/","title":{"rendered":"Le vaccin d&rsquo;AstraZeneca est efficace sur les formes graves, d\u00e9fend Pannier-Runacher"},"content":{"rendered":"<p>Covid-19: <strong>la ministre d\u00e9l\u00e9gu\u00e9e \u00e0 l&rsquo;Industrie, affirme que le vaccin d&rsquo;AstraZeneca est efficace sur les formes graves du Covid<\/strong>, a martel\u00e9 Agn\u00e8s Pannier-Runacher, mercredi, alors que la vaccination chez les m\u00e9decins g\u00e9n\u00e9ralistes doit d\u00e9marrer jeudi en France avec ce vaccin.<\/p>\n<blockquote><p>\u00ab\u00a0Il y a ce que les gens pensent et ce que les \u00e9tudes scientifiques montrent. Les derni\u00e8res \u00e9tudes scientifiques montrent que le vaccin AstraZeneca est tr\u00e8s efficace sur les formes graves. Et c&rsquo;est ce qu&rsquo;on recherche\u00a0\u00bb, a d\u00e9fendu la ministre, mercredi matin sur LCI.<\/p><\/blockquote>\n<p>\u00ab\u00a0Le vaccin peut \u00eatre moyennement efficace sur le fait que vous d\u00e9marriez la maladie. Mais comme c&rsquo;est une maladie qui \u00e0 80 % est relativement b\u00e9nigne, cela n&rsquo;a pas de port\u00e9e pratique, ni pour vous, ni pour le syst\u00e8me de sant\u00e9\u00a0\u00bb, a-t-elle expliqu\u00e9.<\/p>\n<blockquote><p>\u00ab\u00a0En revanche, une forme grave peut avoir des cons\u00e9quences extr\u00eamement d\u00e9l\u00e9t\u00e8res\u00a0\u00bb, a-t-elle poursuivi, tout en mettant en avant la \u00ab\u00a0logistique simple\u00a0\u00bb du vaccin d&rsquo;AstraZeneca: \u00ab\u00a0Il a une administration simple, et il peut notamment b\u00e9n\u00e9ficier \u00e0 des populations g\u00e9n\u00e9rales, y compris dans des pays en d\u00e9veloppement\u00a0\u00bb.<\/p><\/blockquote>\n<p>La ministre a par ailleurs r\u00e9fut\u00e9 la notion de retard dans la campagne de vaccination contre le Covid-19 en France.<\/p>\n<p>\u00ab\u00a0Par rapport \u00e0 notre calendrier vaccinal, c&rsquo;est-\u00e0-dire vacciner un million de personnes au mois de janvier et 15 millions de personnes vuln\u00e9rables au mois de juin, nous recevons le bon nombre de doses, il n&rsquo;y a pas de manque. Par rapport aux attentes de la population, qui sont plus fortes et qui voudrait \u00eatre vaccin\u00e9e plus vite, nous faisons en sorte d&rsquo;augmenter la production de vaccins\u00a0\u00bb, a-t-elle soulign\u00e9.<\/p>\n<h3>Enfin, Mme Pannier-Runacher a d\u00e9fendu le laboratoire fran\u00e7ais <span style=\"color: #800000;\">Sanofi<\/span>, sous le feu des critiques pour le retard pris par son propre candidat-vaccin.<\/h3>\n<p><strong>\u00ab\u00a0Sanofi est le laboratoire qui va produire trois vaccins\u00a0\u00bb<\/strong>, a rappel\u00e9 Mme Pannier-Runacher. En plus de son propre candidat-vaccin, d\u00e9sormais attendu pour la fin de l&rsquo;ann\u00e9e, le groupe a en effet annonc\u00e9 qu&rsquo;il allait produire des doses des vaccins des laboratoires <strong>Johnson&amp;Johnson et de Pfizer-BioNTech<\/strong>.<\/p>\n<p>\u00ab\u00a0Ces trois vaccins devant arriver en production entre le mois de juin et le mois de septembre (&#8230;) On peut saluer cette responsabilit\u00e9 et on esp\u00e8re qu&rsquo;elle donnera de bonnes id\u00e9es aux autres laboratoires, GSK, Merck, pour se positionner aussi dans la production des vaccins\u00a0\u00bb, a ajout\u00e9 la ministre. (AFP)<\/p>\n","protected":false},"excerpt":{"rendered":"<p>Covid-19: la ministre d\u00e9l\u00e9gu\u00e9e \u00e0 l&rsquo;Industrie, affirme que le vaccin d&rsquo;AstraZeneca est efficace sur les formes graves du Covid, a martel\u00e9 Agn\u00e8s Pannier-Runacher, mercredi, alors que la vaccination chez les m\u00e9decins g\u00e9n\u00e9ralistes doit d\u00e9marrer jeudi en France avec ce vaccin. \u00ab\u00a0Il y a ce que les gens pensent et ce que les \u00e9tudes scientifiques montrent. [&hellip;]<\/p>\n","protected":false},"author":1,"featured_media":9185,"comment_status":"open","ping_status":"closed","sticky":false,"template":"","format":"standard","meta":{"footnotes":""},"categories":[30],"tags":[1336,1510,1667,1636,1484],"class_list":["post-9184","post","type-post","status-publish","format-standard","has-post-thumbnail","hentry","category-actualite","tag-astrazeneca","tag-pfizer-biontech","tag-sanofi","tag-vaccin-dastrazeneca","tag-vaccins-contre-covid-19"],"aioseo_notices":[],"_links":{"self":[{"href":"https:\/\/www.culturalusa.com\/news\/wp-json\/wp\/v2\/posts\/9184","targetHints":{"allow":["GET"]}}],"collection":[{"href":"https:\/\/www.culturalusa.com\/news\/wp-json\/wp\/v2\/posts"}],"about":[{"href":"https:\/\/www.culturalusa.com\/news\/wp-json\/wp\/v2\/types\/post"}],"author":[{"embeddable":true,"href":"https:\/\/www.culturalusa.com\/news\/wp-json\/wp\/v2\/users\/1"}],"replies":[{"embeddable":true,"href":"https:\/\/www.culturalusa.com\/news\/wp-json\/wp\/v2\/comments?post=9184"}],"version-history":[{"count":0,"href":"https:\/\/www.culturalusa.com\/news\/wp-json\/wp\/v2\/posts\/9184\/revisions"}],"wp:featuredmedia":[{"embeddable":true,"href":"https:\/\/www.culturalusa.com\/news\/wp-json\/wp\/v2\/media\/9185"}],"wp:attachment":[{"href":"https:\/\/www.culturalusa.com\/news\/wp-json\/wp\/v2\/media?parent=9184"}],"wp:term":[{"taxonomy":"category","embeddable":true,"href":"https:\/\/www.culturalusa.com\/news\/wp-json\/wp\/v2\/categories?post=9184"},{"taxonomy":"post_tag","embeddable":true,"href":"https:\/\/www.culturalusa.com\/news\/wp-json\/wp\/v2\/tags?post=9184"}],"curies":[{"name":"wp","href":"https:\/\/api.w.org\/{rel}","templated":true}]}}