{"id":9249,"date":"2021-03-04T10:46:48","date_gmt":"2021-03-04T09:46:48","guid":{"rendered":"https:\/\/www.culturalusa.com\/news\/?p=9249"},"modified":"2021-03-04T10:46:48","modified_gmt":"2021-03-04T09:46:48","slug":"le-point-et-les-nouveaux-bilans-sur-la-pandemie-dans-le-monde","status":"publish","type":"post","link":"https:\/\/www.culturalusa.com\/news\/actualite\/le-point-et-les-nouveaux-bilans-sur-la-pandemie-dans-le-monde\/","title":{"rendered":"Le point et les nouveaux bilans sur la pand\u00e9mie dans le monde"},"content":{"rendered":"<p>Coronavirus: les nouvelles mesures, nouveaux bilans et faits marquants : un point sur les derni\u00e8res \u00e9volutions de la pand\u00e9mie de Covid-19 dans le monde.<\/p>\n<h3>L&rsquo;Espagne franchit le cap des 70.000 morts<\/h3>\n<p>L&rsquo;Espagne a franchi mercredi le cap des 70.000 morts, apr\u00e8s avoir connu le mois le plus meurtrier du Covid-19 depuis la premi\u00e8re vague, mais les indicateurs montrent que la situation sanitaire s&rsquo;am\u00e9liore, en particulier dans les maisons de retraite, o\u00f9 ont \u00e9t\u00e9 inject\u00e9s les premiers vaccins.<\/p>\n<h3>USA: appel \u00e0 ne pas se rel\u00e2cher<\/h3>\n<p>Les autorit\u00e9s sanitaires ont demand\u00e9 mercredi aux Am\u00e9ricains de continuer \u00e0 suivre les mesures permettant de r\u00e9duire la transmission du Covid-19, malgr\u00e9 la lev\u00e9e de restrictions comme le port obligatoire du masque dans certains Etats.<\/p>\n<p>\u00ab\u00a0Ce n&rsquo;est pas le moment de lever toutes les restrictions\u00a0\u00bb, a d\u00e9clar\u00e9 Rochelle Walensky, la directrice des Centres am\u00e9ricains de pr\u00e9vention et de lutte contre les maladies (CDC).<\/p>\n<h3>France: retour \u00e0 la normale \u00ab\u00a0mi-avril\u00a0\u00bb?<\/h3>\n<p>Le gouvernement fran\u00e7ais esp\u00e8re \u00ab\u00a0un retour \u00e0 une vie plus normale (&#8230;) peut-\u00eatre d\u00e8s la mi-avril\u00a0\u00bb, m\u00eame si d&rsquo;ici l\u00e0 auront lieu \u00ab\u00a0des semaines de gros temps\u00a0\u00bb, a d\u00e9clar\u00e9 son porte-parole Gabriel Attal, en pr\u00e9cisant que le Premier ministre Jean Castex tiendra jeudi une conf\u00e9rence de presse.<\/p>\n<h3>La Gr\u00e8ce prolonge son confinement<\/h3>\n<p>La Gr\u00e8ce a annonc\u00e9 que le confinement serait \u00e0 nouveau prolong\u00e9 jusqu&rsquo;au 16 mars et s&rsquo;accompagnerait de mesures encore plus restrictives, alors que le pays traverse la p\u00e9riode \u00ab\u00a0la plus dure de la pand\u00e9mie\u00a0\u00bb.<\/p>\n<h3>Slovaquie et Guadeloupe sous couvre-feu<\/h3>\n<p>La Slovaquie imposera un couvre-feu entre 20H00 et 05H00 du matin, \u00e0 partir de mercredi soir, alors que le pays se bat contre le taux de mortalit\u00e9 au Covid le plus \u00e9lev\u00e9 au monde sur les 14 derniers jours.<\/p>\n<p>En Guadeloupe, un couvre-feu entrera en vigueur \u00e0 compter de dimanche, de 22 heures \u00e0 6 heures, face \u00e0 la progression du variant britannique et la d\u00e9tection d&rsquo;un autre variant.<\/p>\n<h3>Pays-Bas: explosion pr\u00e8s d&rsquo;un centre de d\u00e9pistage<\/h3>\n<p>Une explosion s&rsquo;est produite pr\u00e8s d&rsquo;un centre de d\u00e9pistage sans faire de bless\u00e9s aux Pays-Bas.<\/p>\n<p>L&rsquo;engin artisanal a explos\u00e9 dans le village de Bovenkarpsel en Hollande-Septentrionale, provoquant des d\u00e9g\u00e2ts mat\u00e9riels.<\/p>\n<h3>Vaccin Covaxin<\/h3>\n<p>La soci\u00e9t\u00e9 pharmaceutique indienne Bharat Biotech a annonc\u00e9 que son vaccin Covaxin, qui a suscit\u00e9 une controverse apr\u00e8s avoir \u00e9t\u00e9 autoris\u00e9 et distribu\u00e9 en Inde avant la derni\u00e8re phase des essais, avait une efficacit\u00e9 de presque 81% contre le Covid-19.<\/p>\n<p>Premi\u00e8res saisies de faux vaccins<\/p>\n<p>Environ 2.400 doses de faux vaccins ont \u00e9t\u00e9 saisies en Afrique du Sud, tandis qu&rsquo;un r\u00e9seau de vaccins contrefaits a \u00e9t\u00e9 d\u00e9mantel\u00e9 en Chine, a annonc\u00e9 Interpol, en pr\u00e9venant qu&rsquo;il ne s&rsquo;agissait que de \u00ab\u00a0la face \u00e9merg\u00e9e de l&rsquo;iceberg\u00a0\u00bb.<\/p>\n<h3>Soutien budg\u00e9taire dans l&rsquo;UE<\/h3>\n<p>Bruxelles a sugg\u00e9r\u00e9 de maintenir en 2022 la suspension des r\u00e8gles de stricte discipline budg\u00e9taire impos\u00e9es aux Etats membres depuis mars 2020 en raison de la crise li\u00e9e au coronavirus.<\/p>\n<p>Un expert de l&rsquo;ONU accuse la Cor\u00e9e du Nord<\/p>\n<p>Les violations des droits humains et la faim ont empir\u00e9 en Cor\u00e9e du Nord \u00e0 cause des mesures radicales de lutte contre la pand\u00e9mie, a estim\u00e9 un expert de l&rsquo;ONU, pointant des informations \u00e9voquant une famine.<\/p>\n<p>L&rsquo;Etat totalitaire coup\u00e9 du monde, qui n&rsquo;a toujours pas confirm\u00e9 un seul cas de Covid-19 sur son territoire, a ferm\u00e9 ses fronti\u00e8res, boucl\u00e9 des villes enti\u00e8res et pris une s\u00e9rie d&rsquo;autres mesures contre l&rsquo;\u00e9pid\u00e9mie.<\/p>\n<h3>Plus de 2,5 millions de morts<\/h3>\n<p>La pand\u00e9mie a fait au moins 2,54 millions de morts dans le monde, selon un bilan \u00e9tabli par l&rsquo;AFP \u00e0 partir de sources officielles mercredi en milieu de journ\u00e9e.<\/p>\n<p>Les Etats-Unis sont le pays comptant le plus de morts avec 516.616 d\u00e9c\u00e8s, suivis par le Br\u00e9sil (257.361), le Mexique (187.187), l&rsquo;Inde (157.346) et le Royaume-Uni (123.296).<\/p>\n<p>Ces chiffres fond\u00e9s sur les bilans quotidiens des autorit\u00e9s sanitaires, sans inclure les r\u00e9\u00e9valuations fond\u00e9es sur des bases statistiques, sont globalement sous-\u00e9valu\u00e9s. (AFP)<\/p>\n","protected":false},"excerpt":{"rendered":"<p>Coronavirus: les nouvelles mesures, nouveaux bilans et faits marquants : un point sur les derni\u00e8res \u00e9volutions de la pand\u00e9mie de Covid-19 dans le monde. L&rsquo;Espagne franchit le cap des 70.000 morts L&rsquo;Espagne a franchi mercredi le cap des 70.000 morts, apr\u00e8s avoir connu le mois le plus meurtrier du Covid-19 depuis la premi\u00e8re vague, mais [&hellip;]<\/p>\n","protected":false},"author":1,"featured_media":9250,"comment_status":"open","ping_status":"closed","sticky":false,"template":"","format":"standard","meta":{"footnotes":""},"categories":[30],"tags":[1212,1180,1415,1241,1430],"class_list":["post-9249","post","type-post","status-publish","format-standard","has-post-thumbnail","hentry","category-actualite","tag-confinement","tag-coronavirus","tag-couvre-feu","tag-pandemie-planetaire","tag-vaccins"],"aioseo_notices":[],"_links":{"self":[{"href":"https:\/\/www.culturalusa.com\/news\/wp-json\/wp\/v2\/posts\/9249","targetHints":{"allow":["GET"]}}],"collection":[{"href":"https:\/\/www.culturalusa.com\/news\/wp-json\/wp\/v2\/posts"}],"about":[{"href":"https:\/\/www.culturalusa.com\/news\/wp-json\/wp\/v2\/types\/post"}],"author":[{"embeddable":true,"href":"https:\/\/www.culturalusa.com\/news\/wp-json\/wp\/v2\/users\/1"}],"replies":[{"embeddable":true,"href":"https:\/\/www.culturalusa.com\/news\/wp-json\/wp\/v2\/comments?post=9249"}],"version-history":[{"count":0,"href":"https:\/\/www.culturalusa.com\/news\/wp-json\/wp\/v2\/posts\/9249\/revisions"}],"wp:featuredmedia":[{"embeddable":true,"href":"https:\/\/www.culturalusa.com\/news\/wp-json\/wp\/v2\/media\/9250"}],"wp:attachment":[{"href":"https:\/\/www.culturalusa.com\/news\/wp-json\/wp\/v2\/media?parent=9249"}],"wp:term":[{"taxonomy":"category","embeddable":true,"href":"https:\/\/www.culturalusa.com\/news\/wp-json\/wp\/v2\/categories?post=9249"},{"taxonomy":"post_tag","embeddable":true,"href":"https:\/\/www.culturalusa.com\/news\/wp-json\/wp\/v2\/tags?post=9249"}],"curies":[{"name":"wp","href":"https:\/\/api.w.org\/{rel}","templated":true}]}}