{"id":9252,"date":"2021-03-04T11:10:59","date_gmt":"2021-03-04T10:10:59","guid":{"rendered":"https:\/\/www.culturalusa.com\/news\/?p=9252"},"modified":"2021-03-04T11:10:59","modified_gmt":"2021-03-04T10:10:59","slug":"melenchon-la-condamnation-de-sarkozy-accroit-le-malaise-politique-du-pays","status":"publish","type":"post","link":"https:\/\/www.culturalusa.com\/news\/politique\/melenchon-la-condamnation-de-sarkozy-accroit-le-malaise-politique-du-pays\/","title":{"rendered":"M\u00e9lenchon: la condamnation de Sarkozy \u00ab\u00a0accro\u00eet le malaise politique du pays\u00a0\u00bb"},"content":{"rendered":"<p>M\u00e9lenchon estime que <strong>la condamnation \u00e0 de la prison ferme de Nicolas Sarkozy \u00ab\u00a0accro\u00eet le malaise politique du pays\u00a0\u00bb et la \u00ab\u00a0m\u00e9fiance\u00a0\u00bb envers la justice<\/strong>, a estim\u00e9 mercredi le chef des Insoumis Jean-Luc M\u00e9lenchon.<\/p>\n<blockquote><p>Le candidat de LFI \u00e0 la pr\u00e9sidentielle (gauche radicale) a justifi\u00e9, dans un billet post\u00e9 sur les r\u00e9seaux sociaux, un tweet de lundi o\u00f9 il avait \u00e9crit: \u00ab\u00a0Sarkozy condamn\u00e9, Macron d\u00e9barrass\u00e9 d&rsquo;un s\u00e9rieux rival\u00a0\u00bb.<\/p><\/blockquote>\n<h3>\u00ab\u00a0Puisque j&rsquo;ai lutt\u00e9 sans tr\u00eave contre Sarkozy, d\u00e8s qu&rsquo;il lui arrive quelque chose de mauvais je devrais commencer un banquet de f\u00eate. Je ne le fais pas\u00a0\u00bb, explique Jean-Luc M\u00e9lenchon.<\/h3>\n<p>L&rsquo;ancien pr\u00e9sident a \u00e9t\u00e9 condamn\u00e9 lundi \u00e0 trois ans de prison dont un ferme pour \u00ab\u00a0corruption et trafic d&rsquo;influence dans l&rsquo;affaire dite des \u00ab\u00a0\u00e9coutes\u00a0\u00bb, une d\u00e9cision dont il fera appel.<\/p>\n<p><span style=\"color: #800000;\"><strong>\u00ab\u00a0La situation n&rsquo;est ni noire ni blanche\u00a0\u00bb<\/strong><\/span>, estime M. M\u00e9lenchon. \u00ab\u00a0Elle met tous les gens s\u00e9rieux mal \u00e0 l&rsquo;aise \u00e0 voir un ancien pr\u00e9sident, un juge (l&rsquo;ex-magistrat Gilbert Azibert, NDLR) et un avocat (Thierry Herzog, NDLR) condamn\u00e9s dans des termes qui mettent en cause l&rsquo;honorabilit\u00e9 de trois rouages essentiels de la vie publique\u00a0\u00bb.<\/p>\n<p>Le pr\u00e9sident des d\u00e9put\u00e9s Insoumis confie: \u00ab\u00a0Je n&rsquo;ai pas l&rsquo;intention de d\u00e9sarmer ma m\u00e9fiance. <strong>Je vois que cet \u00e9pisode, contre son gr\u00e9, n&rsquo;aura pour finir produit qu&rsquo;une chose: accro\u00eetre le malaise politique du pays<\/strong>\u00ab\u00a0.<\/p>\n<p>Depuis son proc\u00e8s \u00e0 Bobigny en 2019 pour \u00ab\u00a0r\u00e9bellion\u00a0\u00bb, \u00e0 l&rsquo;issue duquel il a \u00e9t\u00e9 condamn\u00e9, Jean-Luc M\u00e9lenchon a repris \u00e0 son compte le concept de \u00ab\u00a0lawfare\u00a0\u00bb, soit l&rsquo;instrumentalisation politique de la justice, d\u00e9velopp\u00e9 notamment en Am\u00e9rique latine. (AFP)<\/p>\n","protected":false},"excerpt":{"rendered":"<p>M\u00e9lenchon estime que la condamnation \u00e0 de la prison ferme de Nicolas Sarkozy \u00ab\u00a0accro\u00eet le malaise politique du pays\u00a0\u00bb et la \u00ab\u00a0m\u00e9fiance\u00a0\u00bb envers la justice, a estim\u00e9 mercredi le chef des Insoumis Jean-Luc M\u00e9lenchon. Le candidat de LFI \u00e0 la pr\u00e9sidentielle (gauche radicale) a justifi\u00e9, dans un billet post\u00e9 sur les r\u00e9seaux sociaux, un tweet [&hellip;]<\/p>\n","protected":false},"author":1,"featured_media":9253,"comment_status":"open","ping_status":"closed","sticky":false,"template":"","format":"standard","meta":{"footnotes":""},"categories":[1494],"tags":[953,573,1682],"class_list":["post-9252","post","type-post","status-publish","format-standard","has-post-thumbnail","hentry","category-politique","tag-melenchon","tag-nicolas-sarkozy","tag-politique-france"],"aioseo_notices":[],"_links":{"self":[{"href":"https:\/\/www.culturalusa.com\/news\/wp-json\/wp\/v2\/posts\/9252","targetHints":{"allow":["GET"]}}],"collection":[{"href":"https:\/\/www.culturalusa.com\/news\/wp-json\/wp\/v2\/posts"}],"about":[{"href":"https:\/\/www.culturalusa.com\/news\/wp-json\/wp\/v2\/types\/post"}],"author":[{"embeddable":true,"href":"https:\/\/www.culturalusa.com\/news\/wp-json\/wp\/v2\/users\/1"}],"replies":[{"embeddable":true,"href":"https:\/\/www.culturalusa.com\/news\/wp-json\/wp\/v2\/comments?post=9252"}],"version-history":[{"count":0,"href":"https:\/\/www.culturalusa.com\/news\/wp-json\/wp\/v2\/posts\/9252\/revisions"}],"wp:featuredmedia":[{"embeddable":true,"href":"https:\/\/www.culturalusa.com\/news\/wp-json\/wp\/v2\/media\/9253"}],"wp:attachment":[{"href":"https:\/\/www.culturalusa.com\/news\/wp-json\/wp\/v2\/media?parent=9252"}],"wp:term":[{"taxonomy":"category","embeddable":true,"href":"https:\/\/www.culturalusa.com\/news\/wp-json\/wp\/v2\/categories?post=9252"},{"taxonomy":"post_tag","embeddable":true,"href":"https:\/\/www.culturalusa.com\/news\/wp-json\/wp\/v2\/tags?post=9252"}],"curies":[{"name":"wp","href":"https:\/\/api.w.org\/{rel}","templated":true}]}}