{"id":9255,"date":"2021-03-05T14:18:35","date_gmt":"2021-03-05T13:18:35","guid":{"rendered":"https:\/\/www.culturalusa.com\/news\/?p=9255"},"modified":"2021-03-05T14:21:59","modified_gmt":"2021-03-05T13:21:59","slug":"france-lexecutif-sen-remet-a-la-vaccination-week-end-confine-pour-le-pas-de-calais","status":"publish","type":"post","link":"https:\/\/www.culturalusa.com\/news\/actualite\/france-lexecutif-sen-remet-a-la-vaccination-week-end-confine-pour-le-pas-de-calais\/","title":{"rendered":"France: l&rsquo;ex\u00e9cutif s&rsquo;en remet \u00e0 la vaccination, week-end confin\u00e9 pour le Pas-de-Calais"},"content":{"rendered":"<p><strong>Covid-19 en France<\/strong>: confiner en dernier recours, comme dans le Pas-de-Calais ce week-end, et s&rsquo;en remettre \u00e0 la vaccination pour esp\u00e9rer des jours meilleurs: face \u00e0 une \u00e9pid\u00e9mie de Covid-19 en hausse persistante mais pas explosive, l&rsquo;ex\u00e9cutif veut tenir sur une ligne de cr\u00eate.<\/p>\n<blockquote><p>Couvre-feu \u00e0 18h la semaine, et \u00e0 la maison les samedi et dimanche: pr\u00e8s d&rsquo;1,5 million d&rsquo;habitants du Pas-de-Calais conna\u00eetront, pour quatre week-ends cons\u00e9cutifs, le m\u00eame sort que les habitants de Nice et du littoral des Alpes-Maritimes ou de l&rsquo;agglom\u00e9ration de Dunkerque.<\/p><\/blockquote>\n<h3>\u00ab\u00a0On a pas trop le choix mais \u00e7a commence \u00e0 faire beaucoup\u00a0\u00bb, r\u00e9agit Marc Dessailly, g\u00e9rant d\u2019un magasin de v\u00eatements et chaussures pour enfants \u00e0 Arras.<\/h3>\n<p>En revanche, la r\u00e9gion parisienne, o\u00f9 six d\u00e9partements sur huit connaissent un taux d&rsquo;incidence sup\u00e9rieur \u00e0 300 nouveaux cas pour 100.000 habitants (sur sept jours), bien au-dessus du seuil d&rsquo;alerte maximale de 250, a \u00e9chapp\u00e9 \u00e0 cette restriction suppl\u00e9mentaire, qualifi\u00e9e d'\u00a0\u00bbinhumaine\u00a0\u00bb par la maire de Paris, Anne Hidalgo.<\/p>\n<p><span style=\"color: #800000;\"><strong>\u00ab\u00a0La charge sanitaire hospitali\u00e8re n&rsquo;est pas la m\u00eame dans la r\u00e9gion Hauts-de-France et en Ile-de-France\u00a0\u00bb<\/strong><\/span>, a fait valoir le ministre de la Sant\u00e9, Olivier V\u00e9ran, sur RMC-BFMTV, pour justifier la diff\u00e9rence de traitement entre le Pas-de-Calais et la Seine-Saint-Denis, o\u00f9 le taux d&rsquo;incidence est identique (411 au 1er mars).<\/p>\n<p>Au total, la surveillance renforc\u00e9e concerne 23 d\u00e9partements, o\u00f9 l&rsquo;ex\u00e9cutif invite \u00ab\u00a0\u00e0 ne pas sortir, autant que possible\u00a0\u00bb des fronti\u00e8res. Les centres commerciaux non alimentaires de plus de 10.000 m2 (et non plus 20.000) y seront ferm\u00e9s, s&rsquo;ajoutant aux autres secteurs qui ont baiss\u00e9 le rideau depuis quatre mois, comme les bars, restaurants, tous les lieux culturels ou les salles de sport, sans perspective de r\u00e9ouverture.<\/p>\n<h3>\u00ab\u00a0Mobilisation g\u00e9n\u00e9rale\u00a0\u00bb<\/h3>\n<p>Car en d\u00e9pit des restrictions qui durent, la situation \u00e9pid\u00e9mique est \u00ab\u00a0toujours pr\u00e9occupante\u00a0\u00bb, pr\u00e9vient Sant\u00e9 publique France (SpF), relevant une nouvelle hausse des cas d\u00e9tect\u00e9s durant la derni\u00e8re semaine de f\u00e9vrier, \u00e0 149.307.<\/p>\n<p>Les nouvelles hospitalisations \u00e9taient aussi en l\u00e9g\u00e8re hausse, \u00e0 9.613, tout comme les admissions en r\u00e9animation, \u00e0 1.871.<\/p>\n<p>Depuis le d\u00e9but de la semaine, plus de 1.400 malades du Covid-19 sont d\u00e9c\u00e9d\u00e9s, soit 87.835 morts depuis le d\u00e9but de l&rsquo;\u00e9pid\u00e9mie.<\/p>\n<p>Mais si le contexte g\u00e9n\u00e9ral reste d\u00e9grad\u00e9, SpF note aussi une \u00ab\u00a0am\u00e9lioration de l&rsquo;ensemble des indicateurs chez les personnes de 75 ans et plus, en coh\u00e9rence avec l&rsquo;augmentation de la couverture vaccinale\u00a0\u00bb.<\/p>\n<p>Acc\u00e9l\u00e9rer la cadence de la vaccination, ce voeu est revenu comme un leitmotiv au long de la conf\u00e9rence de presse du gouvernement jeudi.<\/p>\n<p>\u00ab\u00a0Notre volont\u00e9 est claire: vacciner le plus rapidement possible, en utilisant toutes les doses d&rsquo;ores et d\u00e9j\u00e0 disponibles. D\u00e8s ce week-end, des dizaines milliers de Fran\u00e7ais pourront y avoir acc\u00e8s de mani\u00e8re acc\u00e9l\u00e9r\u00e9e dans les d\u00e9partements les plus touch\u00e9s par l&rsquo;\u00e9pid\u00e9mie\u00a0\u00bb, a twitt\u00e9 Olivier V\u00e9ran, au moment o\u00f9 3,2 millions de personnes ont re\u00e7u une premi\u00e8re dose et pr\u00e8s d&rsquo;1,8 million, une seconde, sur environ 7 millions de doses disponibles en France, selon le ministre.<\/p>\n<h3>Soignants sous pression<\/h3>\n<p>L&rsquo;ex\u00e9cutif a rappel\u00e9 ses objectifs: au moins 10 millions de premi\u00e8res injections d&rsquo;ici mi-avril, 20 millions d&rsquo;ici mi-mai et 30 millions d&rsquo;ici l&rsquo;\u00e9t\u00e9.<\/p>\n<h3>Concr\u00e8tement, il veut mettre le turbo gr\u00e2ce aux centaines de milliers de doses du <span style=\"color: #800000;\">vaccin AstraZeneca rest\u00e9es dans les placards,<\/span> le produit \u00e9tant jusqu&rsquo;ici r\u00e9serv\u00e9 aux soignants, dont certains l&rsquo;ont boud\u00e9, et aux 50-64 ans atteints de comorbidit\u00e9s.<\/h3>\n<p>De nouvelles \u00e9tudes scientifiques confirmant son efficacit\u00e9 sur les personnes \u00e2g\u00e9es ont permis cette semaine de donner le feu vert \u00e0 une vaccination des plus de 65 ans les plus fragiles, qui sera autoris\u00e9e aux pharmaciens, infirmiers et sages-femmes en plus des m\u00e9decins g\u00e9n\u00e9ralistes, selon un d\u00e9cret paru vendredi.<\/p>\n<p>D\u00e9sormais, les principaux publics autoris\u00e9s \u00e0 se faire vacciner sont les r\u00e9sidents d&rsquo;Ehpad, les plus de 75 ans en ville et les plus de 50 ans les plus fragiles, ainsi que tous les professionnels de sant\u00e9. Mais avec 40% des soignants vaccin\u00e9s en Ehpad et 30% sur l&rsquo;ensemble des soignants et face au risque d&rsquo;infection \u00e0 l&rsquo;h\u00f4pital, \u00ab\u00a0clairement cela ne suffit pas\u00a0\u00bb, a pr\u00e9venu Olivier V\u00e9ran.<\/p>\n<h3>Le ministre n&rsquo;exclut pas de saisir la comit\u00e9 d&rsquo;\u00e9thique pour ouvrir le d\u00e9bat sur la question d&rsquo;une obligation vaccinale des soignants.<\/h3>\n<p>\u00ab\u00a0L&rsquo;h\u00e9sitation vaccinale n&rsquo;est (&#8230;) pas nouvelle. Elle touche toute la population, les soignants n&rsquo;en sont pas indemnes\u00a0\u00bb, a r\u00e9torqu\u00e9 vendredi le collectif inter h\u00f4pitaux (CIH), pour qui les soignants \u00ab\u00a0avaient \u00e9t\u00e9 n\u00e9glig\u00e9s\u00a0\u00bb au tout d\u00e9but de la campagne, sur fond de \u00ab\u00a0p\u00e9nurie de vaccins\u00a0\u00bb. (AFP)<\/p>\n<div><\/div>\n","protected":false},"excerpt":{"rendered":"<p>Covid-19 en France: confiner en dernier recours, comme dans le Pas-de-Calais ce week-end, et s&rsquo;en remettre \u00e0 la vaccination pour esp\u00e9rer des jours meilleurs: face \u00e0 une \u00e9pid\u00e9mie de Covid-19 en hausse persistante mais pas explosive, l&rsquo;ex\u00e9cutif veut tenir sur une ligne de cr\u00eate. Couvre-feu \u00e0 18h la semaine, et \u00e0 la maison les samedi [&hellip;]<\/p>\n","protected":false},"author":1,"featured_media":9256,"comment_status":"open","ping_status":"closed","sticky":false,"template":"","format":"standard","meta":{"footnotes":""},"categories":[30],"tags":[1685,1684,1683,1349],"class_list":["post-9255","post","type-post","status-publish","format-standard","has-post-thumbnail","hentry","category-actualite","tag-arras","tag-covid-19-france","tag-pas-de-calais","tag-vaccination"],"aioseo_notices":[],"_links":{"self":[{"href":"https:\/\/www.culturalusa.com\/news\/wp-json\/wp\/v2\/posts\/9255","targetHints":{"allow":["GET"]}}],"collection":[{"href":"https:\/\/www.culturalusa.com\/news\/wp-json\/wp\/v2\/posts"}],"about":[{"href":"https:\/\/www.culturalusa.com\/news\/wp-json\/wp\/v2\/types\/post"}],"author":[{"embeddable":true,"href":"https:\/\/www.culturalusa.com\/news\/wp-json\/wp\/v2\/users\/1"}],"replies":[{"embeddable":true,"href":"https:\/\/www.culturalusa.com\/news\/wp-json\/wp\/v2\/comments?post=9255"}],"version-history":[{"count":0,"href":"https:\/\/www.culturalusa.com\/news\/wp-json\/wp\/v2\/posts\/9255\/revisions"}],"wp:featuredmedia":[{"embeddable":true,"href":"https:\/\/www.culturalusa.com\/news\/wp-json\/wp\/v2\/media\/9256"}],"wp:attachment":[{"href":"https:\/\/www.culturalusa.com\/news\/wp-json\/wp\/v2\/media?parent=9255"}],"wp:term":[{"taxonomy":"category","embeddable":true,"href":"https:\/\/www.culturalusa.com\/news\/wp-json\/wp\/v2\/categories?post=9255"},{"taxonomy":"post_tag","embeddable":true,"href":"https:\/\/www.culturalusa.com\/news\/wp-json\/wp\/v2\/tags?post=9255"}],"curies":[{"name":"wp","href":"https:\/\/api.w.org\/{rel}","templated":true}]}}