{"id":9266,"date":"2021-03-06T00:19:39","date_gmt":"2021-03-05T23:19:39","guid":{"rendered":"https:\/\/www.culturalusa.com\/news\/?p=9266"},"modified":"2021-03-06T00:19:39","modified_gmt":"2021-03-05T23:19:39","slug":"la-france-salue-laccord-ue-usa-concernant-airbus-boeing-champagne-pour-les-viticulteurs","status":"publish","type":"post","link":"https:\/\/www.culturalusa.com\/news\/economie\/la-france-salue-laccord-ue-usa-concernant-airbus-boeing-champagne-pour-les-viticulteurs\/","title":{"rendered":"La France salue l&rsquo;accord UE-USA, concernant Airbus\/Boeing, champagne pour les viticulteurs"},"content":{"rendered":"<p><strong>L&rsquo;accord annonc\u00e9 entre les Etats-Unis et l&rsquo;Union europ\u00e9enne dans le vieux contentieux Airbus-Boeing<\/strong>, qui suspend pour quatre mois les <span style=\"color: #800000;\"><strong>surtaxes douani\u00e8res<\/strong><\/span> p\u00e9nalisant notamment les <strong>viticulteurs fran\u00e7ais<\/strong>, est une \u00ab\u00a0premi\u00e8re \u00e9tape dans le processus de d\u00e9sescalade\u00a0\u00bb commerciale, a salu\u00e9 le ministre fran\u00e7ais au Commerce ext\u00e9rieur Franck Riester.<\/p>\n<blockquote><p>\u00ab\u00a0Nous allons maintenant travailler, avec la Commission et nos partenaires europ\u00e9ens, pour parvenir dans les quatre mois \u00e0 venir \u00e0 un accord sur de nouvelles r\u00e8gles encadrant le soutien public au secteur a\u00e9ronautique, qui soit conforme \u00e0 nos int\u00e9r\u00eats et sans na\u00efvet\u00e9\u00a0\u00bb, a ajout\u00e9 le ministre dans un communiqu\u00e9.<\/p><\/blockquote>\n<p><strong>\u00ab\u00a0Enfin, nous sortons de la guerre commerciale entre les Etats-Unis et l&rsquo;Europe, qui ne fait que des perdants\u00a0\u00bb<\/strong>, s&rsquo;est f\u00e9licit\u00e9 de son c\u00f4t\u00e9 le ministre de l&rsquo;Economie Bruno Le Maire. <strong>\u00ab\u00a0Je me r\u00e9jouis pour nos viticulteurs fran\u00e7ais\u00a0\u00bb<\/strong>, a-t-il ajout\u00e9, alors que ces derniers ont fait les frais d&rsquo;un conflit qui ne les concernait pas.<\/p>\n<h3>La taxe de 25 % impos\u00e9e en octobre 2019 par les Etats-Unis, premier march\u00e9 pour les vins fran\u00e7ais, a co\u00fbt\u00e9 500 millions d&rsquo;euros \u00e0 la fili\u00e8re en 2020. Une taxe ensuite \u00e9tendue au cognac et \u00e0 l&rsquo;armagnac par Donald Trump en janvier 2021, juste avant de quitter la Maison blanche.<\/h3>\n<p>Cette tr\u00eave \u00ab\u00a0va apporter un soulagement (&#8230;) aux exportateurs qui, depuis 18 mois, subissent ces taxes injustes issues d&rsquo;un conflit qui leur est \u00e9tranger\u00a0\u00bb, a r\u00e9agi la F\u00e9d\u00e9ration fran\u00e7aise des Exportateurs de Vins et Spiritueux de France (FEVS) dans un communiqu\u00e9.<\/p>\n<h4>Elle a appel\u00e9 toutefois \u00e0 mettre \u00e0 profit \u00ab\u00a0ces quatre mois pour trouver une solution d\u00e9finitive \u00e0 cet interminable conflit sur l&rsquo;a\u00e9ronautique et ainsi s\u00e9curiser nos entreprises sur le march\u00e9 am\u00e9ricain\u00a0\u00bb.<\/h4>\n<p>M\u00eame satisfaction du c\u00f4t\u00e9 du Bureau national interprofessionnel du cognac, qui a dit attendre \u00ab\u00a0beaucoup de ces quatre mois\u00a0\u00bb. \u00ab\u00a0On a le sentiment que nos craintes ont \u00e9t\u00e9 prises en compte et on esp\u00e8re que tout sera mis en oeuvre pour sortir de cette situation absurde\u00a0\u00bb, a r\u00e9agi Rapha\u00ebl Delpech, son directeur g\u00e9n\u00e9ral.<\/p>\n<p>\u00ab\u00a0Cette suspension qu&rsquo;on demandait depuis des mois \u00e9tait attendue( ?) Il faut que dans les quatre mois, le dossier soit r\u00e9gl\u00e9 sur le fond et que la fili\u00e8re viticole ne soit plus l&rsquo;otage d&rsquo;un conflit qui n&rsquo;est pas le sien\u00a0\u00bb, a pour sa part comment\u00e9 J\u00e9r\u00f4me Despey, secr\u00e9taire g\u00e9n\u00e9ral du syndicat agricole majoritaire FNSEA.<\/p>\n<p>Il a rappel\u00e9 la demande de la fili\u00e8re de voir l&rsquo;Union europ\u00e9enne \u00ab\u00a0r\u00e9parer le pr\u00e9judice que le secteur des vins et spiritueux a subi depuis un peu plus d&rsquo;un an\u00a0\u00bb, par le biais d&rsquo;un fonds de compensation.<\/p>\n<p>\u00ab\u00a0Pendant cette p\u00e9riode, la France a perdu des parts de march\u00e9 au profit des Italiens et d&rsquo;autres pays extra-communautaires, parce que les 25 % des droits de douanes suppl\u00e9mentaires nous sortaient du march\u00e9\u00a0\u00bb, a soulign\u00e9 M. Despey, \u00e9galement pr\u00e9sident du conseil sp\u00e9cialis\u00e9 viticulture de France AgriMer, organisme semi-public charg\u00e9 des march\u00e9s agricoles.<\/p>\n<p>Airbus et son concurrent am\u00e9ricain Boeing, et \u00e0 travers eux l&rsquo;Union europ\u00e9enne et les Etats-Unis, s&rsquo;affrontent depuis octobre 2004 devant l&rsquo;OMC sur les aides publiques vers\u00e9es aux deux groupes. (AFP)<\/p>\n","protected":false},"excerpt":{"rendered":"<p>L&rsquo;accord annonc\u00e9 entre les Etats-Unis et l&rsquo;Union europ\u00e9enne dans le vieux contentieux Airbus-Boeing, qui suspend pour quatre mois les surtaxes douani\u00e8res p\u00e9nalisant notamment les viticulteurs fran\u00e7ais, est une \u00ab\u00a0premi\u00e8re \u00e9tape dans le processus de d\u00e9sescalade\u00a0\u00bb commerciale, a salu\u00e9 le ministre fran\u00e7ais au Commerce ext\u00e9rieur Franck Riester. \u00ab\u00a0Nous allons maintenant travailler, avec la Commission et nos [&hellip;]<\/p>\n","protected":false},"author":1,"featured_media":6937,"comment_status":"open","ping_status":"closed","sticky":false,"template":"","format":"standard","meta":{"footnotes":""},"categories":[1],"tags":[1687,513,1688,173,1689],"class_list":["post-9266","post","type-post","status-publish","format-standard","has-post-thumbnail","hentry","category-economie","tag-airbus-boeing","tag-etats-unis","tag-surtaxes-douanieres","tag-union-europeenne","tag-viticulteurs-francais"],"aioseo_notices":[],"_links":{"self":[{"href":"https:\/\/www.culturalusa.com\/news\/wp-json\/wp\/v2\/posts\/9266","targetHints":{"allow":["GET"]}}],"collection":[{"href":"https:\/\/www.culturalusa.com\/news\/wp-json\/wp\/v2\/posts"}],"about":[{"href":"https:\/\/www.culturalusa.com\/news\/wp-json\/wp\/v2\/types\/post"}],"author":[{"embeddable":true,"href":"https:\/\/www.culturalusa.com\/news\/wp-json\/wp\/v2\/users\/1"}],"replies":[{"embeddable":true,"href":"https:\/\/www.culturalusa.com\/news\/wp-json\/wp\/v2\/comments?post=9266"}],"version-history":[{"count":0,"href":"https:\/\/www.culturalusa.com\/news\/wp-json\/wp\/v2\/posts\/9266\/revisions"}],"wp:featuredmedia":[{"embeddable":true,"href":"https:\/\/www.culturalusa.com\/news\/wp-json\/wp\/v2\/media\/6937"}],"wp:attachment":[{"href":"https:\/\/www.culturalusa.com\/news\/wp-json\/wp\/v2\/media?parent=9266"}],"wp:term":[{"taxonomy":"category","embeddable":true,"href":"https:\/\/www.culturalusa.com\/news\/wp-json\/wp\/v2\/categories?post=9266"},{"taxonomy":"post_tag","embeddable":true,"href":"https:\/\/www.culturalusa.com\/news\/wp-json\/wp\/v2\/tags?post=9266"}],"curies":[{"name":"wp","href":"https:\/\/api.w.org\/{rel}","templated":true}]}}