{"id":9269,"date":"2021-03-08T13:56:29","date_gmt":"2021-03-08T12:56:29","guid":{"rendered":"https:\/\/www.culturalusa.com\/news\/?p=9269"},"modified":"2021-03-08T13:59:17","modified_gmt":"2021-03-08T12:59:17","slug":"manif-droit-des-femmes","status":"publish","type":"post","link":"https:\/\/www.culturalusa.com\/news\/actualite\/manif-droit-des-femmes\/","title":{"rendered":"\u00c0 la veille de la journ\u00e9e des droits des femmes, manifestations de Paris \u00e0 Montpellier"},"content":{"rendered":"<p>Des centaines voire des milliers de personnes se sont mobilis\u00e9es dimanche \u00e0 Paris, Lyon, Marseille, Montpellier, Toulouse ou encore Bastia pour <strong>d\u00e9fendre les droits des femmes<\/strong>, \u00e0 la veille de la journ\u00e9e qui leur est consacr\u00e9e, ont constat\u00e9 des journalistes de l&rsquo;AFP.<\/p>\n<blockquote><p>\u00ab\u00a0Quand les femmes s&rsquo;arr\u00eatent, tout s&rsquo;arr\u00eate!\u00a0\u00bb, a lanc\u00e9 l&rsquo;une des organisatrices de la manifestation parisienne, qui a rassembl\u00e9 pr\u00e8s de 300 personnes place de la R\u00e9publique \u00e0 l&rsquo;appel du collectif \u00ab\u00a0On Arr\u00eate Toutes\u00a0\u00bb.<\/p><\/blockquote>\n<p>Cette ann\u00e9e, le 8 mars, date de la Journ\u00e9e internationale des droits des femmes, \u00ab\u00a0se tient dans un contexte de pand\u00e9mie tr\u00e8s mal g\u00e9r\u00e9e dont les cons\u00e9quences sociales et \u00e9conomiques graves touchent encore les femmes, en premi\u00e8re ligne\u00a0\u00bb, a-t-elle d\u00e9nonc\u00e9.<\/p>\n<p>En chansons et au rythme des roulements de tambour, sous une mar\u00e9e de drapeaux violets et pancartes d\u00e9non\u00e7ant le \u00ab\u00a0sexisme patriarcal\u00a0\u00bb, les manifestantes ont dit leur \u00ab\u00a0d\u00e9termination\u00a0\u00bb \u00e0 continuer \u00e0 lutter pour leurs droits et leur \u00ab\u00a0ras-le-bol de ne pas \u00eatre entendues\u00a0\u00bb.<\/p>\n<p>Apr\u00e8s \u00ab\u00a0les Polonaises qui ont os\u00e9 tout arr\u00eater pour le droit \u00e0 l&rsquo;avortement\u00a0\u00bb, les Argentines, les Espagnoles et les Suisses, \u00ab\u00a0on arr\u00eate toutes lundi\u00a0\u00bb, a lanc\u00e9 Suzy Rojtman, du Collectif national pour les droits des femmes.<\/p>\n<h3>\u00ab\u00a0Nous sommes de plus en plus fortes\u00a0\u00bb<\/h3>\n<p>A Lyon, la pr\u00e9fecture a comptabilis\u00e9 3.000 manifestants dans un cort\u00e8ge parti de la place Bellecour avant d&rsquo;y revenir. Dans un communiqu\u00e9, le Collectif Droits des femmes du Rh\u00f4ne avait fait valoir que \u00ab\u00a0la journ\u00e9e du 8 mars ne se +f\u00eate+ pas par un cadeau ou une distribution de fleurs\u00a0\u00bb, mais par la \u00ab\u00a0lutte pour les droits des femmes\u00a0\u00bb.<\/p>\n<p>\u00c0 Montpellier, o\u00f9 la mobilisation a rassembl\u00e9 1.200 personnes selon la pr\u00e9fecture, la t\u00eate du cort\u00e8ge \u00e9tait tenue par plusieurs associations f\u00e9ministes mais aussi par d&rsquo;autres collectifs, notamment des femmes sans papiers.<\/p>\n<p>\u00ab\u00a0Le combat f\u00e9ministe devient intersectionnel\u00a0\u00bb, a affirm\u00e9 Manon Sabatier, 27 ans, membre d&rsquo;un collectif f\u00e9ministe. \u00ab\u00a0Les oppressions que l&rsquo;on peut vivre en tant que femmes concernent toutes les minorit\u00e9s. Femmes de couleur, femmes violent\u00e9es, handicap\u00e9es, immigr\u00e9es&#8230; M\u00eame s&rsquo;il y a encore beaucoup d&rsquo;associations \u00e0 rassembler, nous sommes de plus en plus fortes et de plus en plus nombreuses dans le combat contre les oppressions\u00a0\u00bb, a-t-elle estim\u00e9.<\/p>\n<p>A Marseille, des repr\u00e9sentantes d&rsquo;associations f\u00e9ministes ont pris la parole pour interpeller les passants. Elles ont \u00e9t\u00e9 rejointes par un cort\u00e8ge de femmes kurdes rassembl\u00e9es derri\u00e8re une banderole clamant \u00ab\u00a0Les femmes changent le monde\u00a0\u00bb.<\/p>\n<h3>\u00ab\u00a0Aujourd&rsquo;hui m\u00eame si le sexisme est moins visible, on pi\u00e9tine les droits des femmes de mani\u00e8re plus hypocrite\u00a0\u00bb, a relev\u00e9 Ren\u00e9e Clergue, 80 ans, en distribuant des tracts sur le Vieux-Port.<\/h3>\n<p>A Bastia, une marche pour les droits des femmes a rassembl\u00e9 150 personnes, selon la pr\u00e9fecture. La Corse a \u00e9t\u00e9 marqu\u00e9e par le d\u00e9c\u00e8s de Julie Douib, 34 ans, tu\u00e9e le 3 mars 2019 \u00e0 L&rsquo;\u00cele-Rousse par son-ex compagnon. Cet \u00e9lectrochoc dans l&rsquo;opinion avait donn\u00e9 le d\u00e9part d&rsquo;une mobilisation in\u00e9dite et pouss\u00e9 le gouvernement \u00e0 organiser son \u00ab\u00a0Grenelle contre les violences conjugales\u00a0\u00bb.<\/p>\n<p>A Toulouse, plusieurs centaines de personnes ont particip\u00e9 \u00e0 un \u00ab\u00a0village f\u00e9ministe\u00a0\u00bb. Animant un atelier de \u00ab\u00a0d\u00e9tournement de publicit\u00e9 sexiste\u00a0\u00bb, de jeunes militantes ont ajout\u00e9 au feutre, sur une r\u00e9clame de parfum montrant une femme: \u00ab\u00a0Si tu pouvais fantasmer de me respecter&#8230;\u00a0\u00bb (AFP)<\/p>\n","protected":false},"excerpt":{"rendered":"<p>Des centaines voire des milliers de personnes se sont mobilis\u00e9es dimanche \u00e0 Paris, Lyon, Marseille, Montpellier, Toulouse ou encore Bastia pour d\u00e9fendre les droits des femmes, \u00e0 la veille de la journ\u00e9e qui leur est consacr\u00e9e, ont constat\u00e9 des journalistes de l&rsquo;AFP. \u00ab\u00a0Quand les femmes s&rsquo;arr\u00eatent, tout s&rsquo;arr\u00eate!\u00a0\u00bb, a lanc\u00e9 l&rsquo;une des organisatrices de la [&hellip;]<\/p>\n","protected":false},"author":1,"featured_media":9270,"comment_status":"open","ping_status":"closed","sticky":false,"template":"","format":"standard","meta":{"footnotes":""},"categories":[30],"tags":[1690,1692,1691],"class_list":["post-9269","post","type-post","status-publish","format-standard","has-post-thumbnail","hentry","category-actualite","tag-droits-des-femmes","tag-journee-internationale-des-droits-des-femmes","tag-manif-droits-des-femmes"],"aioseo_notices":[],"_links":{"self":[{"href":"https:\/\/www.culturalusa.com\/news\/wp-json\/wp\/v2\/posts\/9269","targetHints":{"allow":["GET"]}}],"collection":[{"href":"https:\/\/www.culturalusa.com\/news\/wp-json\/wp\/v2\/posts"}],"about":[{"href":"https:\/\/www.culturalusa.com\/news\/wp-json\/wp\/v2\/types\/post"}],"author":[{"embeddable":true,"href":"https:\/\/www.culturalusa.com\/news\/wp-json\/wp\/v2\/users\/1"}],"replies":[{"embeddable":true,"href":"https:\/\/www.culturalusa.com\/news\/wp-json\/wp\/v2\/comments?post=9269"}],"version-history":[{"count":0,"href":"https:\/\/www.culturalusa.com\/news\/wp-json\/wp\/v2\/posts\/9269\/revisions"}],"wp:featuredmedia":[{"embeddable":true,"href":"https:\/\/www.culturalusa.com\/news\/wp-json\/wp\/v2\/media\/9270"}],"wp:attachment":[{"href":"https:\/\/www.culturalusa.com\/news\/wp-json\/wp\/v2\/media?parent=9269"}],"wp:term":[{"taxonomy":"category","embeddable":true,"href":"https:\/\/www.culturalusa.com\/news\/wp-json\/wp\/v2\/categories?post=9269"},{"taxonomy":"post_tag","embeddable":true,"href":"https:\/\/www.culturalusa.com\/news\/wp-json\/wp\/v2\/tags?post=9269"}],"curies":[{"name":"wp","href":"https:\/\/api.w.org\/{rel}","templated":true}]}}