{"id":9280,"date":"2021-03-10T15:23:14","date_gmt":"2021-03-10T14:23:14","guid":{"rendered":"https:\/\/www.culturalusa.com\/news\/?p=9280"},"modified":"2021-03-10T15:23:14","modified_gmt":"2021-03-10T14:23:14","slug":"isabel-diaz-ayuso-le-nouveau-visage-de-la-droite-espagnole","status":"publish","type":"post","link":"https:\/\/www.culturalusa.com\/news\/monde\/isabel-diaz-ayuso-le-nouveau-visage-de-la-droite-espagnole\/","title":{"rendered":"Isabel D\u00edaz Ayuso, le nouveau visage de la droite espagnole"},"content":{"rendered":"<p>Isabel Diaz Ayuso, pr\u00e9sidente de la r\u00e9gion de Madrid, qui a soudainement d\u00e9missionn\u00e9 mercredi de ses fonctions et convoqu\u00e9 des \u00e9lections anticip\u00e9es, a mis \u00e0 profit la crise sanitaire pour s&rsquo;imposer comme le nouveau visage de l&rsquo;opposition de droite au gouvernement du socialiste Pedro S\u00e1nchez.<\/p>\n<blockquote><p>Membre du Parti populaire (PP, droite), Mme Diaz Ayuso, alors peu connue au niveau national, avait pris la pr\u00e9sidence de la r\u00e9gion en mai 2019.<\/p><\/blockquote>\n<p>Plong\u00e9e depuis un an dans la crise majeure que constitue le Covid-19 pour l&rsquo;Espagne mais surtout pour Madrid, cette ancienne journaliste de 42 ans, sans grande exp\u00e9rience politique, a vite impos\u00e9 son go\u00fbt prononc\u00e9 pour la confrontation.<\/p>\n<p>Sa d\u00e9cision, mercredi, de mettre fin brutalement \u00e0 sa coalition avec les lib\u00e9raux de Ciudadanos et de convoquer de nouvelles \u00e9lections, qui a pris la classe politique par surprise, illustre parfaitement son style.<\/p>\n<blockquote><p>Avec ses attaques r\u00e9p\u00e9t\u00e9es contre le gouvernement de gauche, Mme D\u00edaz Ayuso s&rsquo;est impos\u00e9e comme une figure de premier plan de la droite espagnole, allant jusqu&rsquo;\u00e0 faire de l&rsquo;ombre au jeune leader du PP, Pablo Casado.<\/p><\/blockquote>\n<p>A la t\u00eate de la r\u00e9gion la plus riche d&rsquo;Espagne, elle a d&rsquo;abord \u00e9t\u00e9 vivement critiqu\u00e9e pour son manque de r\u00e9action face au coronavirus, elle qui a toujours pr\u00f4n\u00e9 des mesures moins restrictives dans sa r\u00e9gion.<\/p>\n<p>Elle a ainsi maintenu bars et restaurants ouverts, contrairement \u00e0 la plupart des autres r\u00e9gions espagnoles, affirmant qu&rsquo;il \u00e9tait essentiel de prot\u00e9ger l&rsquo;\u00e9conomie.<\/p>\n<p>Se d\u00e9fendant de quelque responsabilit\u00e9 dans l&rsquo;expansion de l&rsquo;\u00e9pid\u00e9mie dans sa r\u00e9gion, l&rsquo;une des plus touch\u00e9es par le Covid-19 en Espagne, elle a toujours rejet\u00e9 la faute sur Pedro S\u00e1nchez, fustigeant \u00ab\u00a0le gouvernement le plus autoritaire de l&rsquo;histoire de la d\u00e9mocratie\u00a0\u00bb espagnole.<\/p>\n<p>Mme D\u00edaz Ayuso en est ainsi venue \u00e0 incarner la ligne dure du PP, comme lorsqu&rsquo;elle s&rsquo;est oppos\u00e9e en 2019 \u00e0 l&rsquo;exhumation par le gouvernement de la d\u00e9pouille du dictateur Francisco Franco de son mausol\u00e9e.<\/p>\n<p>\u00ab\u00a0Que va-t-il se passer ensuite ? Ils vont br\u00fbler des \u00e9glises comme en 1936 ?\u00a0\u00bb, avait-elle lanc\u00e9 en r\u00e9f\u00e9rence \u00e0 la Guerre civile espagnole (1936-1939).<\/p>\n<h3>Confrontation<\/h3>\n<p>Sa strat\u00e9gie de confrontation agressive avec la gauche divise m\u00eame dans son camp, mais elle lui a permis d&rsquo;occuper l&rsquo;espace m\u00e9diatique, d\u00e9clarait en octobre \u00e0 l&rsquo;AFP Pablo Simon, professeur de Sciences politiques \u00e0 l&rsquo;Universit\u00e9 Carlos III de Madrid.<\/p>\n<p>\u00ab\u00a0En s&rsquo;opposant au gouvernement, elle impose son rythme et beaucoup la voient d\u00e9j\u00e0 comme la vraie leader de l&rsquo;opposition\u00a0\u00bb, ajoutait-il alors.<\/p>\n<p>A ses d\u00e9buts en politique, Mme D\u00edaz Ayuso ne s&rsquo;occupait pourtant que du compte Twitter de Pecas, le chien de la pr\u00e9sidente r\u00e9gionale de l&rsquo;\u00e9poque, Esperanza Aguirre.<\/p>\n<p>\u00ab\u00a0Incontr\u00f4lable, lib\u00e9ral, s\u00e9duisant\u00a0\u00bb, pouvait-on lire sur le profil de Jack Russell Terrier, dont les r\u00e9flexions canines sur l&rsquo;actualit\u00e9 \u00e9taient alors publi\u00e9es par Mme Diaz Ayuso, dipl\u00f4m\u00e9e en communication politique.<\/p>\n<p>N\u00e9e \u00e0 Madrid le 17 octobre 1978, elle a \u00e9tudi\u00e9 le journalisme dans la capitale espagnole et a travaill\u00e9 dans le domaine du journalisme sportif, mais aussi en Irlande et en Equateur, avant d&rsquo;adh\u00e9rer au mouvement de jeunesse du PP, alors dirig\u00e9 par Pablo Casado.<\/p>\n<p>\u00c9lue d\u00e9put\u00e9e r\u00e9gionale en 2011, la jeune femme a creus\u00e9 son sillon au sein du parti jusqu&rsquo;\u00e0 ce que M. Casado cr\u00e9e la surprise en la choisissant comme t\u00eate de liste aux \u00e9lections r\u00e9gionales de mai 2019.<\/p>\n<p>Dans cette r\u00e9gion traditionnellement de droite, le PP y \u00e9tait battu pour la premi\u00e8re fois depuis plusieurs d\u00e9cennies, mais sans que la gauche parvienne \u00e0 former une majorit\u00e9.<\/p>\n<h3>Cette impasse permettait alors \u00e0 Mme D\u00edaz Ayuso de prendre la pr\u00e9sidence de la r\u00e9gion gr\u00e2ce \u00e0 une alliance avec les lib\u00e9raux de Ciudadanos, mais aussi gr\u00e2ce au soutien du parti de droite Consevatrice Vox.<\/h3>\n<p>En la choisissant, M. Casado cherchait \u00ab\u00a0quelqu&rsquo;un de contr\u00f4lable\u00a0\u00bb, expliquait en octobre Pablo Simon. Mais \u00e0 pr\u00e9sent, on ignore si \u00ab\u00a0elle est d&rsquo;accord avec lui ou si elle poursuit ses propres objectifs\u00a0\u00bb.<\/p>\n<p>Compte-tenu de l&rsquo;importance de la capitale, \u00ab\u00a0toute personne \u00e0 la t\u00eate du gouvernement r\u00e9gional de Madrid semble plus important qu&rsquo;il ou elle n&rsquo;est r\u00e9ellement\u00a0\u00bb, relativisait alors Roger Senserrich, du site d&rsquo;analyse politique Politikon. (AFP)<\/p>\n","protected":false},"excerpt":{"rendered":"<p>Isabel Diaz Ayuso, pr\u00e9sidente de la r\u00e9gion de Madrid, qui a soudainement d\u00e9missionn\u00e9 mercredi de ses fonctions et convoqu\u00e9 des \u00e9lections anticip\u00e9es, a mis \u00e0 profit la crise sanitaire pour s&rsquo;imposer comme le nouveau visage de l&rsquo;opposition de droite au gouvernement du socialiste Pedro S\u00e1nchez. Membre du Parti populaire (PP, droite), Mme Diaz Ayuso, alors [&hellip;]<\/p>\n","protected":false},"author":1,"featured_media":9281,"comment_status":"open","ping_status":"closed","sticky":false,"template":"","format":"standard","meta":{"footnotes":""},"categories":[1372],"tags":[1696,407,1694,1695],"class_list":["post-9280","post","type-post","status-publish","format-standard","has-post-thumbnail","hentry","category-monde","tag-droite-espagnole","tag-espagne","tag-isabel-diaz-ayuso","tag-madrid"],"aioseo_notices":[],"_links":{"self":[{"href":"https:\/\/www.culturalusa.com\/news\/wp-json\/wp\/v2\/posts\/9280","targetHints":{"allow":["GET"]}}],"collection":[{"href":"https:\/\/www.culturalusa.com\/news\/wp-json\/wp\/v2\/posts"}],"about":[{"href":"https:\/\/www.culturalusa.com\/news\/wp-json\/wp\/v2\/types\/post"}],"author":[{"embeddable":true,"href":"https:\/\/www.culturalusa.com\/news\/wp-json\/wp\/v2\/users\/1"}],"replies":[{"embeddable":true,"href":"https:\/\/www.culturalusa.com\/news\/wp-json\/wp\/v2\/comments?post=9280"}],"version-history":[{"count":0,"href":"https:\/\/www.culturalusa.com\/news\/wp-json\/wp\/v2\/posts\/9280\/revisions"}],"wp:featuredmedia":[{"embeddable":true,"href":"https:\/\/www.culturalusa.com\/news\/wp-json\/wp\/v2\/media\/9281"}],"wp:attachment":[{"href":"https:\/\/www.culturalusa.com\/news\/wp-json\/wp\/v2\/media?parent=9280"}],"wp:term":[{"taxonomy":"category","embeddable":true,"href":"https:\/\/www.culturalusa.com\/news\/wp-json\/wp\/v2\/categories?post=9280"},{"taxonomy":"post_tag","embeddable":true,"href":"https:\/\/www.culturalusa.com\/news\/wp-json\/wp\/v2\/tags?post=9280"}],"curies":[{"name":"wp","href":"https:\/\/api.w.org\/{rel}","templated":true}]}}