{"id":9283,"date":"2021-03-11T11:38:23","date_gmt":"2021-03-11T10:38:23","guid":{"rendered":"https:\/\/www.culturalusa.com\/news\/?p=9283"},"modified":"2021-03-11T11:38:23","modified_gmt":"2021-03-11T10:38:23","slug":"le-president-americain-vante-son-plan-de-relance-et-les-raisons-desperer","status":"publish","type":"post","link":"https:\/\/www.culturalusa.com\/news\/monde\/le-president-americain-vante-son-plan-de-relance-et-les-raisons-desperer\/","title":{"rendered":"Le pr\u00e9sident am\u00e9ricain vante son plan de relance et les \u00ab\u00a0raisons d&rsquo;esp\u00e9rer\u00a0\u00bb"},"content":{"rendered":"<p><strong>Joe Biden, prend la parole jeudi pour d\u00e9fendre son gigantesque plan de soutien \u00e0 l&rsquo;\u00e9conomie<\/strong>, mais aussi souligner les progr\u00e8s spectaculaires dans la vaccination anti-Covid, qui laissent entrevoir une sortie de pand\u00e9mie.<\/p>\n<p>Au 50e jour de son mandat, il fera sa premi\u00e8re allocution solennelle en \u00ab\u00a0prime time\u00a0\u00bb \u00e0 20H00 (01H00 GMT vendredi).<\/p>\n<blockquote><p>\u00ab\u00a0Je vais parler de toutes les \u00e9preuves de l&rsquo;ann\u00e9e \u00e9coul\u00e9e, mais, et c&rsquo;est le plus important, je vais parler de ce qui viendra apr\u00e8s\u00a0\u00bb, a-t-il expliqu\u00e9.<\/p><\/blockquote>\n<h3>\u00ab\u00a0Il y a de vraies raisons d&rsquo;esp\u00e9rer, je vous le promets\u00a0\u00bb, a-t-il martel\u00e9. \u00ab\u00a0On voit la lumi\u00e8re au bout du tunnel\u00a0\u00bb.<\/h3>\n<p>Malgr\u00e9 l&rsquo;opposition en bloc des r\u00e9publicains, qui d\u00e9noncent des d\u00e9penses extravagantes et mal cibl\u00e9es, les d\u00e9mocrates, majoritaires \u00e0 la Chambre des repr\u00e9sentants, ont adopt\u00e9 mercredi un plan de 1.900 milliards de dollars, un montant vertigineux \u00e9quivalant au PIB de l&rsquo;Italie.<\/p>\n<p>Louant \u00ab\u00a0une victoire historique pour les Am\u00e9ricains\u00a0\u00bb, Joe Biden a affich\u00e9 sa volont\u00e9 d&rsquo;aller d\u00e9fendre ce plan, qu&rsquo;il signera vendredi, \u00e0 travers les Etats-Unis.<\/p>\n<p>Il doit se rendre d\u00e8s mardi en Pennsylvanie, premi\u00e8re \u00e9tape d&rsquo;une s\u00e9rie de d\u00e9placements.<\/p>\n<h3>Plus de 525.000 morts<\/h3>\n<p>Son discours \u00e0 la Nation intervient un an jour pour jour apr\u00e8s la d\u00e9cision de l&rsquo;Organisation mondiale de la sant\u00e9 (OMS) de qualifier le Covid-19 de pand\u00e9mie.<\/p>\n<p>Cette derni\u00e8re a depuis fait plus de 525.000 morts aux Etats-Unis, et la premi\u00e8re \u00e9conomie mondiale s&rsquo;est contract\u00e9e de 3,5% l&rsquo;an pass\u00e9, sa pire ann\u00e9e depuis la Seconde Guerre mondiale.<\/p>\n<p>Gr\u00e2ce au feu vert du Congr\u00e8s, des millions d&rsquo;Am\u00e9ricains vont toucher des ch\u00e8ques d&rsquo;aides directes pour un montant global de quelque 400 milliards de dollars.<\/p>\n<p>Le plan prolonge en outre jusqu&rsquo;en septembre des allocations ch\u00f4mage exceptionnelles qui devaient expirer le 14 mars.<\/p>\n<p><strong>La loi consacre \u00e9galement 126 milliards de dollars aux \u00e9coles, de la maternelle au lyc\u00e9e, pour soutenir leur r\u00e9ouverture malgr\u00e9 la pand\u00e9mie, ainsi que 350 milliards en faveur des Etats et des collectivit\u00e9s locales.<\/strong><\/p>\n<p>A l&rsquo;appui d&rsquo;une campagne de vaccination qui bat son plein, la Maison Blanche a annonc\u00e9 qu&rsquo;elle souhaitait acheter 100 millions de doses suppl\u00e9mentaires \u00e0 Johnson &amp; Johnson, ce qui doublerait le nombre de doses command\u00e9es par les Etats-Unis \u00e0 cette entreprise pharmaceutique.<\/p>\n<blockquote><p>Les Etats-Unis ont d\u00e9j\u00e0 pass\u00e9 des commandes pour recevoir d&rsquo;ici fin mai assez de doses pour vacciner l&rsquo;ensemble des adultes am\u00e9ricains, gr\u00e2ce \u00e0 deux autres vaccins sont autoris\u00e9s dans le pays, celui de l&rsquo;alliance Pfizer\/BioNTech, et celui de Moderna, auxquels le gouvernement am\u00e9ricain a command\u00e9 300 millions de doses chacun.<\/p><\/blockquote>\n<p>Mais le locataire de la Maison Blanche a insist\u00e9 sur la n\u00e9cessit\u00e9 de se pr\u00e9parer \u00e0 d&rsquo;\u00e9ventuels contre-temps.<\/p>\n<p>\u00ab\u00a0Nous avons besoin d&rsquo;une flexibilit\u00e9 maximale. (&#8230;) Beaucoup de choses peuvent se passer, nous devons \u00eatre pr\u00eats\u00a0\u00bb, a-t-il martel\u00e9.<\/p>\n<p>\u00ab\u00a0Si nous avons un surplus, nous le partagerons avec le reste du monde\u00a0\u00bb, a-t-il encore dit.<\/p>\n<p>Depuis son club de Mar-a-Lago, en Floride, son pr\u00e9d\u00e9cesseur r\u00e9publicain Donald Trump a tent\u00e9 de se faire entendre mercredi soir.<\/p>\n<p>\u00ab\u00a0J&rsquo;esp\u00e8re que tous les Am\u00e9ricains se souviendront, lorsqu&rsquo;ils recevront le vaccin contre le Covid-19 que si je n&rsquo;avais pas \u00e9t\u00e9 pr\u00e9sident, vous n&rsquo;auriez pas re\u00e7u cette magnifique +injection+ avant cinq ans au plus t\u00f4t\u00a0\u00bb, a-t-il \u00e9crit dans un bref communiqu\u00e9.<\/p>\n<p>\u00ab\u00a0J&rsquo;esp\u00e8re que tout le monde s&rsquo;en souviendra!\u00a0\u00bb, a ajout\u00e9 celui qui, malgr\u00e9 sa d\u00e9faite \u00e0 l&rsquo;issue de son premier mandat, n&rsquo;a pas exclu de se repr\u00e9senter en 2024. (AFP)<\/p>\n","protected":false},"excerpt":{"rendered":"<p>Joe Biden, prend la parole jeudi pour d\u00e9fendre son gigantesque plan de soutien \u00e0 l&rsquo;\u00e9conomie, mais aussi souligner les progr\u00e8s spectaculaires dans la vaccination anti-Covid, qui laissent entrevoir une sortie de pand\u00e9mie. Au 50e jour de son mandat, il fera sa premi\u00e8re allocution solennelle en \u00ab\u00a0prime time\u00a0\u00bb \u00e0 20H00 (01H00 GMT vendredi). \u00ab\u00a0Je vais parler [&hellip;]<\/p>\n","protected":false},"author":1,"featured_media":9284,"comment_status":"open","ping_status":"closed","sticky":false,"template":"","format":"standard","meta":{"footnotes":""},"categories":[1372],"tags":[1503,513,1357],"class_list":["post-9283","post","type-post","status-publish","format-standard","has-post-thumbnail","hentry","category-monde","tag-economie-americaine","tag-etats-unis","tag-joe-biden"],"aioseo_notices":[],"_links":{"self":[{"href":"https:\/\/www.culturalusa.com\/news\/wp-json\/wp\/v2\/posts\/9283","targetHints":{"allow":["GET"]}}],"collection":[{"href":"https:\/\/www.culturalusa.com\/news\/wp-json\/wp\/v2\/posts"}],"about":[{"href":"https:\/\/www.culturalusa.com\/news\/wp-json\/wp\/v2\/types\/post"}],"author":[{"embeddable":true,"href":"https:\/\/www.culturalusa.com\/news\/wp-json\/wp\/v2\/users\/1"}],"replies":[{"embeddable":true,"href":"https:\/\/www.culturalusa.com\/news\/wp-json\/wp\/v2\/comments?post=9283"}],"version-history":[{"count":0,"href":"https:\/\/www.culturalusa.com\/news\/wp-json\/wp\/v2\/posts\/9283\/revisions"}],"wp:featuredmedia":[{"embeddable":true,"href":"https:\/\/www.culturalusa.com\/news\/wp-json\/wp\/v2\/media\/9284"}],"wp:attachment":[{"href":"https:\/\/www.culturalusa.com\/news\/wp-json\/wp\/v2\/media?parent=9283"}],"wp:term":[{"taxonomy":"category","embeddable":true,"href":"https:\/\/www.culturalusa.com\/news\/wp-json\/wp\/v2\/categories?post=9283"},{"taxonomy":"post_tag","embeddable":true,"href":"https:\/\/www.culturalusa.com\/news\/wp-json\/wp\/v2\/tags?post=9283"}],"curies":[{"name":"wp","href":"https:\/\/api.w.org\/{rel}","templated":true}]}}