{"id":9286,"date":"2021-03-11T12:05:01","date_gmt":"2021-03-11T11:05:01","guid":{"rendered":"https:\/\/www.culturalusa.com\/news\/?p=9286"},"modified":"2021-03-11T12:05:01","modified_gmt":"2021-03-11T11:05:01","slug":"violence-des-jeunes-la-droite-reclame-des-peines-immediates-de-prison-ou-dencadrement-militaire","status":"publish","type":"post","link":"https:\/\/www.culturalusa.com\/news\/politique\/violence-des-jeunes-la-droite-reclame-des-peines-immediates-de-prison-ou-dencadrement-militaire\/","title":{"rendered":"Violence des Jeunes: la droite r\u00e9clame des peines \u00ab\u00a0imm\u00e9diates de prison\u00a0\u00bb ou \u00ab\u00a0d&rsquo;encadrement militaire\u00a0\u00bb"},"content":{"rendered":"<p><strong>Le parti de droite LR veut lutter contre \u00ab\u00a0l&rsquo;ultra-violence\u00a0\u00bb de d\u00e9linquants<\/strong> \u00ab\u00a0de plus en plus jeunes\u00a0\u00bb en proposant des peines \u00ab\u00a0imm\u00e9diates\u00a0\u00bb de prison pour le s\u00e9nateur LR Bruno Retailleau ou \u00ab\u00a0d&rsquo;encadrement militaire\u00a0\u00bb pour le num\u00e9ro 3 de LR Aur\u00e9lien Pradi\u00e9.<\/p>\n<p>Face \u00e0 la \u00ab\u00a0chronique quotidienne d&rsquo;une barbarie ordinaire\u00a0\u00bb et une \u00ab\u00a0violence end\u00e9mique\u00a0\u00bb, le chef de file des s\u00e9nateurs LR a propos\u00e9 jeudi sur France 2 une \u00ab\u00a0r\u00e9volution p\u00e9nale\u00a0\u00bb.<\/p>\n<p>Selon lui, il faut \u00ab\u00a0des courtes peines de prison comme on fait aux Pays-Bas\u00a0\u00bb, mais \u00ab\u00a0imm\u00e9diatement parce que ces jeunes-l\u00e0, ils n&rsquo;ont plus de rep\u00e8res, ils n&rsquo;ont plus conscience de la gravit\u00e9 de leurs faits\u00a0\u00bb.<\/p>\n<p>Pour cela, il faut \u00ab\u00a0construire des prisons appropri\u00e9es\u00a0\u00bb car \u00ab\u00a0on ne m\u00e9lange pas ces jeunes mineurs avec des droits communs qui ont des longues peines\u00a0\u00bb, a-t-il pr\u00e9cis\u00e9.<\/p>\n<blockquote><p>\u00ab\u00a0Il faut d\u00e9sormais pour les jeunes d\u00e9linquants une peine rapide et imm\u00e9diate qui soit une peine d&rsquo;encadrement militaire\u00a0\u00bb sur le mod\u00e8le des centres \u00e9ducatifs ferm\u00e9s sous Nicolas Sarkozy, a r\u00e9clam\u00e9 pour sa part le secr\u00e9taire g\u00e9n\u00e9ral de LR sur Public S\u00e9nat.<\/p><\/blockquote>\n<p>\u00ab\u00a0La prison telle que nous la connaissons aujourd&rsquo;hui n&rsquo;est pas la solution pour des gamins de 15 ans mais la libert\u00e9 n&rsquo;est pas non plus la solution, il faut trouver un outil interm\u00e9diaire\u00a0\u00bb, a-t-il insist\u00e9.<\/p>\n<p><span style=\"color: #800000;\"><strong>D\u00e9non\u00e7ant une \u00ab\u00a0d\u00e9faillance de l&rsquo;autorit\u00e9 familiale\u00a0\u00bb<\/strong><\/span>, M. Pradi\u00e9 veut aussi rediscuter de <strong>\u00ab\u00a0la suspension des allocations familiales pour les parents qui faillissent\u00a0\u00bb<\/strong>.<\/p>\n<blockquote><p>Des r\u00e8glements de comptes violents entre groupes de jeunes ont r\u00e9cemment fait plusieurs victimes en r\u00e9gion parisienne: deux coll\u00e9giens mortellement poignard\u00e9s en f\u00e9vrier dans l&rsquo;Essonne, deux adolescents gri\u00e8vement bless\u00e9s lundi dans le Val-de-Marne et un autre mardi soir dans le XVIe arrondissement de Paris.<\/p><\/blockquote>\n<p>\u00ab\u00a0C&rsquo;est un ph\u00e9nom\u00e8ne grave. Partout o\u00f9 il se d\u00e9veloppe, il faut que l&rsquo;Etat se r\u00e9affirme, qu&rsquo;il y ait de la reconqu\u00eate r\u00e9publicaine\u00a0\u00bb, a estim\u00e9 le patron des d\u00e9put\u00e9s LREM Christophe Castaner sur LCI, en rappelant que la \u00ab\u00a0r\u00e9forme historique du code p\u00e9nal des mineurs\u00a0\u00bb propos\u00e9e par le gouvernement doit faire passer le d\u00e9lai entre les faits et la sanction de 18 \u00e0 3 mois.<\/p>\n<p>La d\u00e9put\u00e9e LFI de Seine-Saint-Denis Cl\u00e9mentine Autain veut aussi apporter des r\u00e9ponses pour \u00ab\u00a0cette jeunesse qui est visiblement en \u00e9tat de d\u00e9tresse parce que quand on commet de tels actes de violence, c&rsquo;est quand m\u00eame que quelque chose ne tourne absolument pas rond\u00a0\u00bb.<\/p>\n<p>\u00ab\u00a0Il n&rsquo;y a pas une solution miracle\u00a0\u00bb, mais il faut prendre en compte \u00e9galement \u00ab\u00a0des enjeux \u00e9ducatifs, de pr\u00e9vention\u00a0\u00bb, car \u00ab\u00a0si on n&rsquo;est que sur le volant r\u00e9pressif, comme le fait la droite ou le gouvernement (&#8230;), on est dans une impasse\u00a0\u00bb, a-t-elle estim\u00e9 sur franceinfo. (AFP)<\/p>\n","protected":false},"excerpt":{"rendered":"<p>Le parti de droite LR veut lutter contre \u00ab\u00a0l&rsquo;ultra-violence\u00a0\u00bb de d\u00e9linquants \u00ab\u00a0de plus en plus jeunes\u00a0\u00bb en proposant des peines \u00ab\u00a0imm\u00e9diates\u00a0\u00bb de prison pour le s\u00e9nateur LR Bruno Retailleau ou \u00ab\u00a0d&rsquo;encadrement militaire\u00a0\u00bb pour le num\u00e9ro 3 de LR Aur\u00e9lien Pradi\u00e9. Face \u00e0 la \u00ab\u00a0chronique quotidienne d&rsquo;une barbarie ordinaire\u00a0\u00bb et une \u00ab\u00a0violence end\u00e9mique\u00a0\u00bb, le chef de [&hellip;]<\/p>\n","protected":false},"author":1,"featured_media":9287,"comment_status":"open","ping_status":"closed","sticky":false,"template":"","format":"standard","meta":{"footnotes":""},"categories":[1494],"tags":[1699,1356,1697,1698],"class_list":["post-9286","post","type-post","status-publish","format-standard","has-post-thumbnail","hentry","category-politique","tag-defaillance-de-lautorite-familiale","tag-lr","tag-parti-de-droite","tag-violence-des-jeunes"],"aioseo_notices":[],"_links":{"self":[{"href":"https:\/\/www.culturalusa.com\/news\/wp-json\/wp\/v2\/posts\/9286","targetHints":{"allow":["GET"]}}],"collection":[{"href":"https:\/\/www.culturalusa.com\/news\/wp-json\/wp\/v2\/posts"}],"about":[{"href":"https:\/\/www.culturalusa.com\/news\/wp-json\/wp\/v2\/types\/post"}],"author":[{"embeddable":true,"href":"https:\/\/www.culturalusa.com\/news\/wp-json\/wp\/v2\/users\/1"}],"replies":[{"embeddable":true,"href":"https:\/\/www.culturalusa.com\/news\/wp-json\/wp\/v2\/comments?post=9286"}],"version-history":[{"count":0,"href":"https:\/\/www.culturalusa.com\/news\/wp-json\/wp\/v2\/posts\/9286\/revisions"}],"wp:featuredmedia":[{"embeddable":true,"href":"https:\/\/www.culturalusa.com\/news\/wp-json\/wp\/v2\/media\/9287"}],"wp:attachment":[{"href":"https:\/\/www.culturalusa.com\/news\/wp-json\/wp\/v2\/media?parent=9286"}],"wp:term":[{"taxonomy":"category","embeddable":true,"href":"https:\/\/www.culturalusa.com\/news\/wp-json\/wp\/v2\/categories?post=9286"},{"taxonomy":"post_tag","embeddable":true,"href":"https:\/\/www.culturalusa.com\/news\/wp-json\/wp\/v2\/tags?post=9286"}],"curies":[{"name":"wp","href":"https:\/\/api.w.org\/{rel}","templated":true}]}}