{"id":9303,"date":"2021-03-16T10:05:25","date_gmt":"2021-03-16T09:05:25","guid":{"rendered":"https:\/\/www.culturalusa.com\/news\/?p=9303"},"modified":"2021-03-16T10:19:05","modified_gmt":"2021-03-16T09:19:05","slug":"astrazeneca-loms-examine-la-surete-du-vaccin-astrazeneca-le-bresil-veut-accelerer-ses-vaccinations","status":"publish","type":"post","link":"https:\/\/www.culturalusa.com\/news\/actualite\/astrazeneca-loms-examine-la-surete-du-vaccin-astrazeneca-le-bresil-veut-accelerer-ses-vaccinations\/","title":{"rendered":"AstraZeneca: l&rsquo;OMS examine la s\u00fbret\u00e9 du vaccin AstraZeneca, le Br\u00e9sil veut acc\u00e9l\u00e9rer ses vaccinations"},"content":{"rendered":"<p><strong>Vaccin AstraZeneca: les experts de l&rsquo;Organisation mondiale de la sant\u00e9 se penchent sur la <a href=\"https:\/\/www.culturalusa.com\/news\/technologie\/vaccin-astrazeneca-lirlande-suspend-le-vaccin-apres-des-craintes-de-caillots-sanguins\/\">s\u00fbret\u00e9 du vaccin AstraZeneca contre le Covid-19<\/a><\/strong>, suspendu par plusieurs pays europ\u00e9ens inquiets d&rsquo;\u00e9ventuels effets secondaires s\u00e9rieux, tandis que le Br\u00e9sil, o\u00f9 l&rsquo;\u00e9pid\u00e9mie s&rsquo;aggrave, commande massivement des doses d&rsquo;autres vaccins.<\/p>\n<p>Le pr\u00e9sident br\u00e9silien Jair Bolsonaro &#8211; tr\u00e8s critiqu\u00e9 pour sa gestion chaotique de la crise sanitaire &#8211; a encore chang\u00e9 de ministre de la Sant\u00e9 lundi, remerciant Eduardo Pazuello qui venait d&rsquo;annoncer la commande de 138 millions de doses pour acc\u00e9l\u00e9rer une campagne de vaccination trop lente.<\/p>\n<blockquote><p>Plusieurs Etats europ\u00e9ens (<span style=\"color: #800000;\">Allemagne, France, Italie, Slov\u00e9nie, Espagne, Portugal, Lettonie, Danemark, l\u2019Estonie,\u00a0 Lituanie, Luxembourg<\/span>) ont allong\u00e9 la liste des pays ayant suspendu par pr\u00e9caution l&rsquo;administration du vaccin du laboratoire su\u00e9do-britannique AstraZeneca, apr\u00e8s de graves probl\u00e8mes sanguins chez des personnes vaccin\u00e9es, tels que des difficult\u00e9s \u00e0 coaguler ou la formation de caillots (thrombose). Ils attendent un avis de l&rsquo;Agence europ\u00e9enne des m\u00e9dicaments (EMA).<\/p><\/blockquote>\n<p>D&rsquo;ici l\u00e0, le Groupe consultatif d&rsquo;experts de l&rsquo;OMS sur la vaccination &#8211; qui \u00ab\u00a0a examin\u00e9 les donn\u00e9es et est en contact \u00e9troit avec l&rsquo;Agence europ\u00e9enne des m\u00e9dicaments\u00a0\u00bb &#8211; se r\u00e9unit mardi, pour \u00e9tudier la s\u00fbret\u00e9 du vaccin, a annonc\u00e9 Tedros Adhanom Ghebreyesus, le directeur g\u00e9n\u00e9ral de l&rsquo;OMS.<\/p>\n<p>Mais l&rsquo;organisation, en premi\u00e8re ligne dans la lutte internationale contre la pand\u00e9mie, pr\u00e9conise d&rsquo;ores et d\u00e9j\u00e0 de continuer de vacciner contre le Covid-19 avec l&rsquo;AstraZeneca.<\/p>\n<h3>\u00a0\u00ab\u00a0Pas de rapport\u00a0\u00bb<\/h3>\n<blockquote><p>\u00ab\u00a0Nous ne voulons pas que les gens paniquent et, pour le moment, nous recommandons que les pays continuent de vacciner avec AstraZeneca\u00a0\u00bb, a d\u00e9clar\u00e9 la cheffe scientifique de l&rsquo;OMS Soumya Swaminathan. \u00ab\u00a0Jusqu&rsquo;\u00e0 pr\u00e9sent, nous n&rsquo;avons pas trouv\u00e9 de rapport entre ces \u00e9v\u00e9nements et le vaccin\u00a0\u00bb, a-t-elle ajout\u00e9.<\/p><\/blockquote>\n<p>L&rsquo;EMA, qui tiendra une \u00ab\u00a0r\u00e9union extraordinaire\u00a0\u00bb jeudi sur ce vaccin, a \u00e9galement affirm\u00e9 que ses avantages l&#8217;emportent toujours sur les risques.<\/p>\n<p>Les Pays-Bas avaient suspendu dimanche la vaccination avec AstraZeneca, tout comme l&rsquo;Irlande, apr\u00e8s le signalement en Norv\u00e8ge de quatre nouveaux cas graves de caillots sanguins chez des adultes vaccin\u00e9s. La Norv\u00e8ge avait fait de m\u00eame la semaine derni\u00e8re, comme le Danemark, l&rsquo;Islande et la Bulgarie.<\/p>\n<p>Le Venezuela n&rsquo;autorisera pas l&rsquo;utilisation du vaccin AstraZeneca \u00ab\u00a0en raison des complications\u00a0\u00bb sur des patients vaccin\u00e9s, a d\u00e9clar\u00e9 lundi la vice-pr\u00e9sidente Delcy Rodriguez. L&rsquo;Indon\u00e9sie a annonc\u00e9 le report du lancement de sa campagne de vaccination avec AstraZeneca, dans l&rsquo;attente d&rsquo;un avis de l&rsquo;OMS. A l&rsquo;inverse, la G\u00e9orgie ou la Sierra Leone ont lanc\u00e9 leur campagne avec ce vaccin, balayant les craintes d&rsquo;effets secondaires.<\/p>\n<p>Le laboratoire se d\u00e9fend: il y a \u00ab\u00a0des preuves tr\u00e8s rassurantes qu&rsquo;il n&rsquo;y a pas d&rsquo;augmentation du ph\u00e9nom\u00e8ne de caillot sanguin ici au Royaume-Uni\u00a0\u00bb, a affirm\u00e9 lundi le professeur Andrew Pollard, directeur du Oxford Vaccine Group qui a d\u00e9velopp\u00e9 le vaccin avec AstraZeneca.<\/p>\n<p>Pour le laboratoire, ces d\u00e9convenues s&rsquo;ajoutent \u00e0 une nouvelle baisse de ses livraisons \u00e0 l&rsquo;Union europ\u00e9enne d&rsquo;ici juin, qu&rsquo;AstraZeneca a \u00e9t\u00e9 contraint d&rsquo;annoncer en invoquant des probl\u00e8mes d&rsquo;exportations.<\/p>\n<p>La Russie a de son c\u00f4t\u00e9 annonc\u00e9 avoir trouv\u00e9 des accords de production pour son vaccin Spoutnik V \u00ab\u00a0avec des soci\u00e9t\u00e9s d&rsquo;Italie, d&rsquo;Espagne, de France et d&rsquo;Allemagne\u00a0\u00bb, dans l&rsquo;attente de son homologation dans l&rsquo;UE.<\/p>\n<h3>\u00ab\u00a0Phase plus agressive\u00a0\u00bb<\/h3>\n<p>Au Br\u00e9sil, o\u00f9 le manque de doses ralentit la campagne d&rsquo;immunisation, le pr\u00e9sident Jair Bolsonaro a nomm\u00e9 son quatri\u00e8me ministre de la Sant\u00e9 depuis le d\u00e9but de la pand\u00e9mie, avec Marcelo Queiroga , pr\u00e9sident de la Soci\u00e9t\u00e9 br\u00e9silienne de cardiologie, \u00e0 la place du g\u00e9n\u00e9ral Eduardo Pazuello, d\u00e9pourvu d&rsquo;exp\u00e9rience m\u00e9dicale.<\/p>\n<p>\u00ab\u00a0Pazuello a fait du bon travail, sa gestion a \u00e9t\u00e9 bonne et \u00e0 partir de maintenant nous passons \u00e0 une phase plus agressive dans la lutte contre le virus\u00a0\u00bb, a dit M. Bolsonaro.<\/p>\n<p>M. Pazuello venait d&rsquo;annoncer la commande de 100 millions de doses du vaccin Pfizer-BioNTech et de 38 millions de doses du vaccin Janssen, de la soci\u00e9t\u00e9 pharmaceutique am\u00e9ricaine Johnson &amp; Johnson pour acc\u00e9l\u00e9rer une campagne d&rsquo;immunisation trop lente dans le pays de 212 millions d&rsquo;habitants.<\/p>\n<p>La vaccination au Br\u00e9sil n&rsquo;a commenc\u00e9 qu&rsquo;\u00e0 la mi-janvier, avec seulement les vaccins AstraZeneca et CoronaVac, du laboratoire chinois Sinovac. Quelque 9,8 millions de personnes ont re\u00e7u la premi\u00e8re dose, soit environ 4,6% de la population, et 3,6 millions la seconde seulement.<\/p>\n<p>La pand\u00e9mie s&rsquo;aggrave au Br\u00e9sil, deuxi\u00e8me pays le plus endeuill\u00e9 avec pr\u00e8s de 280.000 morts, o\u00f9 les h\u00f4pitaux sont au bord de la saturation dans la plupart des Etats.<\/p>\n<h3>Nouveau variant<\/h3>\n<p>En Europe, le continent le plus touch\u00e9 par la pand\u00e9mie et qui a d\u00e9pass\u00e9 lundi le seuil des 40 millions de cas, l&rsquo;arriv\u00e9e d&rsquo;une troisi\u00e8me vague de Covid-19 a contraint l&rsquo;Italie \u00e0 reconfiner lundi les trois quarts de son territoire.<\/p>\n<p>Elle suscite aussi des inqui\u00e9tudes en Allemagne et en France, laissant planer le spectre de nouvelles restrictions.<\/p>\n<p>La France, qui a pass\u00e9 vendredi la barre des 90.000 morts, pr\u00e9voit une centaine d&rsquo;\u00e9vacuations sanitaires de patients Covid cette semaine depuis la r\u00e9gion parisienne, o\u00f9 les services de r\u00e9animation sont sous tension.<\/p>\n<p>Le pr\u00e9sident Emmanuel Macron a annonc\u00e9 qu&rsquo;il y aurait \u00ab\u00a0dans les jours qui viennent sans doute de nouvelles d\u00e9cisions\u00a0\u00bb pour lutter contre l&rsquo;\u00e9pid\u00e9mie.<\/p>\n<p>Lundi soir, <strong>les autorit\u00e9s sanitaires fran\u00e7aises ont annonc\u00e9 la d\u00e9tection d&rsquo;un nouveau variant en Bretagne (ouest)<\/strong>, pr\u00e9cisant que des investigations \u00e9taient en cours pour en \u00e9valuer la transmissibilit\u00e9 et la s\u00e9v\u00e9rit\u00e9.<\/p>\n<p>En Allemagne, o\u00f9 les autorit\u00e9s viennent d&rsquo;assouplir les mesures, des inqui\u00e9tudes pointent \u00e9galement: l&rsquo;association des m\u00e9decins de soins intensifs a demand\u00e9 lundi un retour imm\u00e9diat \u00e0 des restrictions s\u00e9v\u00e8res \u00ab\u00a0pour simplement emp\u00eacher une forte troisi\u00e8me vague\u00a0\u00bb.<\/p>\n<p>Au Chili, pourtant le pays d&rsquo;Am\u00e9rique latine le plus avanc\u00e9 dans la vaccination, un tiers des habitants du pays sera reconfin\u00e9 \u00e0 partir de jeudi.<\/p>\n<p>La maladie a fait au moins 2,65 millions de morts dans le monde, selon un bilan \u00e9tabli lundi par l&rsquo;AFP.<\/p>\n","protected":false},"excerpt":{"rendered":"<p>Vaccin AstraZeneca: les experts de l&rsquo;Organisation mondiale de la sant\u00e9 se penchent sur la s\u00fbret\u00e9 du vaccin AstraZeneca contre le Covid-19, suspendu par plusieurs pays europ\u00e9ens inquiets d&rsquo;\u00e9ventuels effets secondaires s\u00e9rieux, tandis que le Br\u00e9sil, o\u00f9 l&rsquo;\u00e9pid\u00e9mie s&rsquo;aggrave, commande massivement des doses d&rsquo;autres vaccins. Le pr\u00e9sident br\u00e9silien Jair Bolsonaro &#8211; tr\u00e8s critiqu\u00e9 pour sa gestion [&hellip;]<\/p>\n","protected":false},"author":1,"featured_media":7293,"comment_status":"open","ping_status":"closed","sticky":false,"template":"","format":"standard","meta":{"footnotes":""},"categories":[30],"tags":[1336,1543,1634,1298,1615],"class_list":["post-9303","post","type-post","status-publish","format-standard","has-post-thumbnail","hentry","category-actualite","tag-astrazeneca","tag-campagne-de-vaccination","tag-nouveaux-variants","tag-oms","tag-vaccin-astrazeneca"],"aioseo_notices":[],"_links":{"self":[{"href":"https:\/\/www.culturalusa.com\/news\/wp-json\/wp\/v2\/posts\/9303","targetHints":{"allow":["GET"]}}],"collection":[{"href":"https:\/\/www.culturalusa.com\/news\/wp-json\/wp\/v2\/posts"}],"about":[{"href":"https:\/\/www.culturalusa.com\/news\/wp-json\/wp\/v2\/types\/post"}],"author":[{"embeddable":true,"href":"https:\/\/www.culturalusa.com\/news\/wp-json\/wp\/v2\/users\/1"}],"replies":[{"embeddable":true,"href":"https:\/\/www.culturalusa.com\/news\/wp-json\/wp\/v2\/comments?post=9303"}],"version-history":[{"count":0,"href":"https:\/\/www.culturalusa.com\/news\/wp-json\/wp\/v2\/posts\/9303\/revisions"}],"wp:featuredmedia":[{"embeddable":true,"href":"https:\/\/www.culturalusa.com\/news\/wp-json\/wp\/v2\/media\/7293"}],"wp:attachment":[{"href":"https:\/\/www.culturalusa.com\/news\/wp-json\/wp\/v2\/media?parent=9303"}],"wp:term":[{"taxonomy":"category","embeddable":true,"href":"https:\/\/www.culturalusa.com\/news\/wp-json\/wp\/v2\/categories?post=9303"},{"taxonomy":"post_tag","embeddable":true,"href":"https:\/\/www.culturalusa.com\/news\/wp-json\/wp\/v2\/tags?post=9303"}],"curies":[{"name":"wp","href":"https:\/\/api.w.org\/{rel}","templated":true}]}}