{"id":9309,"date":"2021-03-16T10:41:58","date_gmt":"2021-03-16T09:41:58","guid":{"rendered":"https:\/\/www.culturalusa.com\/news\/?p=9309"},"modified":"2021-03-16T10:41:58","modified_gmt":"2021-03-16T09:41:58","slug":"banque-de-france-leconomie-francaise-repartira-un-peu-plus-fort-quanticipe","status":"publish","type":"post","link":"https:\/\/www.culturalusa.com\/news\/economie\/banque-de-france-leconomie-francaise-repartira-un-peu-plus-fort-quanticipe\/","title":{"rendered":"Banque de France: l&rsquo;\u00e9conomie fran\u00e7aise repartira un peu plus fort qu&rsquo;anticip\u00e9"},"content":{"rendered":"<p><strong>L&rsquo;\u00e9conomie fran\u00e7aise va conna\u00eetre un rebond un peu plus fort<\/strong> qu&rsquo;anticip\u00e9, mais il faudra attendre le deuxi\u00e8me semestre pour qu&rsquo;il se concr\u00e9tise, pr\u00e9voit la Banque de France, qui affiche une certaine prudence pour la premi\u00e8re moiti\u00e9 de l&rsquo;ann\u00e9e.<\/p>\n<blockquote><p>La banque centrale fran\u00e7aise a relev\u00e9 lundi \u00e0 5,5 % sa pr\u00e9vision de croissance pour la France cette ann\u00e9e, contre 5 % anticip\u00e9 lors de ses pr\u00e9c\u00e9dentes pr\u00e9visions de d\u00e9cembre.<\/p><\/blockquote>\n<h3>Une pr\u00e9vision qui se rapproche donc des 6 % anticip\u00e9s par le gouvernement, et des 5,9 % pr\u00e9vus par l&rsquo;OCDE.<\/h3>\n<p>La croissance fran\u00e7aise serait ainsi l\u00e9g\u00e8rement plus forte que la moyenne attendue pour la zone euro cette ann\u00e9e (+4 %), apr\u00e8s une chute du PIB qui a \u00e9galement \u00e9t\u00e9 plus brutale en 2020.<\/p>\n<blockquote><p>\u00ab\u00a0Ce serait la plus forte croissance depuis 1973\u00a0\u00bb et \u00ab\u00a0une des croissances les plus fortes d&rsquo;Europe\u00a0\u00bb, m\u00eame \u00ab\u00a0s&rsquo;il reste encore beaucoup d&rsquo;incertitudes\u00a0\u00bb, a comment\u00e9 mardi matin le gouverneur de la Banque de France, Fran\u00e7ois Villeroy de Galhau sur RTL.<\/p><\/blockquote>\n<p>Pour la Banque de France, l&rsquo;ann\u00e9e 2021 sera coup\u00e9e en deux: un premier semestre avec une activit\u00e9 stable, l&rsquo;institution faisant l&rsquo;hypoth\u00e8se d&rsquo;une \u00ab\u00a0combinaison de p\u00e9riodes de durcissement des mesures (de restrictions) et de p\u00e9riodes de rel\u00e2chement relatif\u00a0\u00bb.<\/p>\n<p>Cette stabilit\u00e9 de l&rsquo;activit\u00e9 s&rsquo;expliquerait notamment par le fait que les entreprises se sont adapt\u00e9es \u00e0 ces restrictions, en particulier dans l&rsquo;industrie.<\/p>\n<p>La Banque de France semble ainsi un peu moins optimiste que l&rsquo;Insee, qui table sur une croissance de 1 % au premier trimestre, puis encore de 1 % au deuxi\u00e8me, en misant sur une lev\u00e9e progressive des restrictions d\u00e8s le deuxi\u00e8me trimestre.<\/p>\n<p>Pour la banque centrale, il faudra attendre le deuxi\u00e8me semestre pour voir ce sc\u00e9nario se r\u00e9aliser et la croissance repartir.<\/p>\n<p>Consommation, investissement, stimul\u00e9 notamment par le plan de relance, commerce ext\u00e9rieur: toutes les composantes de l&rsquo;activit\u00e9 porteront le rebond de l&rsquo;\u00e9conomie, apr\u00e8s la r\u00e9cession record de 8,2 % enregistr\u00e9e l&rsquo;an dernier.<\/p>\n<h3>Peu de cr\u00e9ations d&#8217;emplois<\/h3>\n<p>L&rsquo;\u00e9pargne financi\u00e8re des m\u00e9nages continuerait ainsi de cro\u00eetre tout le premier semestre, m\u00eame si la Banque de France a revu \u00e0 la baisse le surplus d&rsquo;\u00e9pargne accumul\u00e9 par les m\u00e9nages \u00e0 la fin de l&rsquo;ann\u00e9e \u00e0 165 milliards d&rsquo;euros, contre 200 milliards pr\u00e9c\u00e9demment.<\/p>\n<p>Autre l\u00e9g\u00e8re am\u00e9lioration sur le front de l&#8217;emploi, avec un taux de ch\u00f4mage qui va bien atteindre un pic cette ann\u00e9e, mais r\u00e9\u00e9valu\u00e9 \u00e0 9,5 %, contre 10,5 % pr\u00e9vus pr\u00e9c\u00e9demment.<\/p>\n<p>\u00ab\u00a0Il y a eu beaucoup moins de pertes d&#8217;emploi que pr\u00e9vu (l&rsquo;an dernier), parce que les entreprises, gr\u00e2ce au dispositif de ch\u00f4mage partiel, ont gard\u00e9 leurs salari\u00e9s\u00a0\u00bb, a expliqu\u00e9 Fran\u00e7ois Villeroy de Galhau.<\/p>\n<p>L&rsquo;ajustement au choc d&rsquo;activit\u00e9 s&rsquo;est ainsi fait davantage que pr\u00e9vu par le nombre d&rsquo;heures travaill\u00e9es plut\u00f4t que par les effectifs\u00a0\u00bb, d\u00e9taille la BdF.<\/p>\n<p>Il ne devrait toutefois y avoir aucune cr\u00e9ation nette d&#8217;emplois cette ann\u00e9e, puis seulement 25.000 en 2022, avant 125.000 en 2023, estime-t-elle, ce qui signifie que ce haut niveau de ch\u00f4mage devrait perdurer plusieurs ann\u00e9es.<\/p>\n<p>Apr\u00e8s cette ann\u00e9e de rebond, le redressement de l&rsquo;\u00e9conomie fran\u00e7aise se poursuivrait en 2022 et 2023, avec une croissance de 4 % et 2 % respectivement, ramenant la France sur le rythme de l&rsquo;ensemble de la zone euro.<\/p>\n<p>\u00ab\u00a0Nous voyons un retour au niveau (d&rsquo;activit\u00e9) pr\u00e9-Covid au printemps de 2022, c&rsquo;est un peu mieux que ce que nous voyions en d\u00e9cembre dernier o\u00f9 on le pr\u00e9voyait \u00e0 l&rsquo;\u00e9t\u00e9 2022, mais nous avons devant nous une ann\u00e9e de faux plat, de remont\u00e9e en pente lente\u00a0\u00bb, a insist\u00e9 le gouverneur.<\/p>\n<p>Toutefois face \u00e0 l&rsquo;incertitude sur l&rsquo;\u00e9volution de l&rsquo;\u00e9pid\u00e9mie, la Banque de France maintient ses deux sc\u00e9narios alternatifs. Le plus favorable reste sur une pr\u00e9vision de croissance de 7 % cette ann\u00e9e, comme en d\u00e9cembre dernier. Le plus pessimiste, qui repose sur une circulation acc\u00e9l\u00e9r\u00e9e de l&rsquo;\u00e9pid\u00e9mie durant l&rsquo;ann\u00e9e, fait lui d\u00e9sormais ressortir une croissance de 3 %, contre une contraction du PIB de 1 % auparavant. (AFP)<\/p>\n","protected":false},"excerpt":{"rendered":"<p>L&rsquo;\u00e9conomie fran\u00e7aise va conna\u00eetre un rebond un peu plus fort qu&rsquo;anticip\u00e9, mais il faudra attendre le deuxi\u00e8me semestre pour qu&rsquo;il se concr\u00e9tise, pr\u00e9voit la Banque de France, qui affiche une certaine prudence pour la premi\u00e8re moiti\u00e9 de l&rsquo;ann\u00e9e. La banque centrale fran\u00e7aise a relev\u00e9 lundi \u00e0 5,5 % sa pr\u00e9vision de croissance pour la France [&hellip;]<\/p>\n","protected":false},"author":1,"featured_media":9310,"comment_status":"open","ping_status":"closed","sticky":false,"template":"","format":"standard","meta":{"footnotes":""},"categories":[1],"tags":[1189,1247,1703,210],"class_list":["post-9309","post","type-post","status-publish","format-standard","has-post-thumbnail","hentry","category-economie","tag-economie","tag-economie-france","tag-banque-de-france","tag-croissance-economique"],"aioseo_notices":[],"_links":{"self":[{"href":"https:\/\/www.culturalusa.com\/news\/wp-json\/wp\/v2\/posts\/9309","targetHints":{"allow":["GET"]}}],"collection":[{"href":"https:\/\/www.culturalusa.com\/news\/wp-json\/wp\/v2\/posts"}],"about":[{"href":"https:\/\/www.culturalusa.com\/news\/wp-json\/wp\/v2\/types\/post"}],"author":[{"embeddable":true,"href":"https:\/\/www.culturalusa.com\/news\/wp-json\/wp\/v2\/users\/1"}],"replies":[{"embeddable":true,"href":"https:\/\/www.culturalusa.com\/news\/wp-json\/wp\/v2\/comments?post=9309"}],"version-history":[{"count":0,"href":"https:\/\/www.culturalusa.com\/news\/wp-json\/wp\/v2\/posts\/9309\/revisions"}],"wp:featuredmedia":[{"embeddable":true,"href":"https:\/\/www.culturalusa.com\/news\/wp-json\/wp\/v2\/media\/9310"}],"wp:attachment":[{"href":"https:\/\/www.culturalusa.com\/news\/wp-json\/wp\/v2\/media?parent=9309"}],"wp:term":[{"taxonomy":"category","embeddable":true,"href":"https:\/\/www.culturalusa.com\/news\/wp-json\/wp\/v2\/categories?post=9309"},{"taxonomy":"post_tag","embeddable":true,"href":"https:\/\/www.culturalusa.com\/news\/wp-json\/wp\/v2\/tags?post=9309"}],"curies":[{"name":"wp","href":"https:\/\/api.w.org\/{rel}","templated":true}]}}