{"id":9319,"date":"2021-03-17T16:05:57","date_gmt":"2021-03-17T15:05:57","guid":{"rendered":"https:\/\/www.culturalusa.com\/news\/?p=9319"},"modified":"2021-03-17T16:05:57","modified_gmt":"2021-03-17T15:05:57","slug":"selon-un-sondage-la-sante-est-un-enjeu-prioritaire-de-la-presidentielle-2022","status":"publish","type":"post","link":"https:\/\/www.culturalusa.com\/news\/politique\/selon-un-sondage-la-sante-est-un-enjeu-prioritaire-de-la-presidentielle-2022\/","title":{"rendered":"Selon un sondage, la Sant\u00e9 est un \u00ab\u00a0enjeu prioritaire\u00a0\u00bb de la pr\u00e9sidentielle 2022"},"content":{"rendered":"<p>Le syst\u00e8me de sant\u00e9 est en t\u00eate des \u00ab\u00a0enjeux prioritaires\u00a0\u00bb de la prochaine \u00e9lection pr\u00e9sidentielle, pour les soignants comme pour l&rsquo;ensemble des Fran\u00e7ais, selon un sondage Harris Interactive pour la F\u00e9d\u00e9ration hospitali\u00e8re de France (FHF) publi\u00e9 mercredi.<\/p>\n<blockquote><p>A un an de la pr\u00e9sidentielle, le Covid rebat les cartes des priorit\u00e9s: 53 % des personnes interrog\u00e9es classent \u00ab\u00a0le syst\u00e8me de sant\u00e9 fran\u00e7ais\u00a0\u00bb parmi les enjeux \u00ab\u00a0tout \u00e0 fait prioritaires\u00a0\u00bb de l&rsquo;\u00e9lection de 2022, au m\u00eame niveau que l&#8217;emploi (54 %) et nettement avant la s\u00e9curit\u00e9, le terrorisme (46 %) et l&rsquo;\u00e9ducation (44 %).<\/p><\/blockquote>\n<h3>La proportion monte m\u00eame \u00e0 68 % parmi le personnel hospitalier, secou\u00e9 avant m\u00eame la crise sanitaire li\u00e9e \u00e0 l&rsquo;\u00e9pid\u00e9mie de Covid-19 par une ann\u00e9e de gr\u00e8ves et de manifestations.<\/h3>\n<p>Les programmes des futurs candidats pour le syst\u00e8me de sant\u00e9 auront par cons\u00e9quent \u00ab\u00a0<strong>un r\u00f4le tr\u00e8s important sur les choix de vote<\/strong>\u00a0\u00bb de 47 % des Fran\u00e7ais et 56 % des hospitaliers, des scores sup\u00e9rieurs \u00e0 toutes les autres priorit\u00e9s.<\/p>\n<p>Cette enqu\u00eate, r\u00e9alis\u00e9e du 2 au 10 mars par internet, a \u00e9t\u00e9 men\u00e9e aupr\u00e8s d&rsquo;\u00e9chantillons repr\u00e9sentatifs de 1.029 Fran\u00e7ais majeurs et 511 hospitaliers (m\u00e9thodes des quotas).<\/p>\n<blockquote><p>Ses r\u00e9sultats sont in\u00e9dits pour le pr\u00e9sident de la FHF, Fr\u00e9d\u00e9ric Valletoux. <span style=\"color: #800000;\">\u00ab\u00a0Jamais les questions de sant\u00e9 n&rsquo;ont \u00e9t\u00e9 le th\u00e8me fort d&rsquo;une campagne pr\u00e9sidentielle\u00a0\u00bb<\/span>, d\u00e9clare-t-il \u00e0 l&rsquo;AFP, jugeant \u00ab\u00a0plut\u00f4t rassurant que le sujet soit abord\u00e9\u00a0\u00bb car \u00ab\u00a0tout le monde a compris maintenant que l&rsquo;h\u00f4pital a \u00e9t\u00e9 mis \u00e0 la di\u00e8te depuis dix ans\u00a0\u00bb.<\/p><\/blockquote>\n<p>Apr\u00e8s plusieurs r\u00e9formes \u00ab\u00a0qui ont \u00e9vit\u00e9 de s&rsquo;attaquer aux vrais maux\u00a0\u00bb, il serait selon lui \u00ab\u00a0incompr\u00e9hensible que le prochain quinquennat ne prenne pas ce sujet \u00e0 bras le corps\u00a0\u00bb.<\/p>\n<p>Pour s&rsquo;en assurer, la FHF veut \u00ab\u00a0que le 17 mars devienne une journ\u00e9e nationale des hospitaliers\u00a0\u00bb, afin de faire de la date du d\u00e9but du premier confinement une date d&rsquo;hommage et de m\u00e9moire, mais aussi \u00ab\u00a0un temps de d\u00e9bat sur l&rsquo;\u00e9tat de notre syst\u00e8me public de sant\u00e9\u00a0\u00bb, avec une premi\u00e8re \u00e9dition en 2022, \u00e0 quelques semaines du premier tour de la pr\u00e9sidentielle.<\/p>\n<p>Cette initiative soutenue par l&rsquo;Institut Covid Ad Memoriam (pr\u00e9sid\u00e9 par l&rsquo;anthropologue La\u00ebtitia Atlani-Duault) a \u00e9t\u00e9 pr\u00e9sent\u00e9e par M. Valletoux \u00e0 Emmanuel Macron, lors d&rsquo;un entretien mardi.<\/p>\n<p>Pour le pr\u00e9sident de la FHF, le chef de l&rsquo;Etat va \u00ab\u00a0reprendre\u00a0\u00bb cette proposition, \u00ab\u00a0la porter pour l&rsquo;installer dans ce calendrier r\u00e9publicain\u00a0\u00bb.<\/p>\n<p>Sur la situation sanitaire actuelle, alors que la r\u00e9gion capitale est l&rsquo;objet de toutes les attentions, M. Valletoux a indiqu\u00e9 avoir demand\u00e9 au pr\u00e9sident \u00ab\u00a0\u00e0 ce que le reconfinement imm\u00e9diat et total ne soit pas un tabou\u00a0\u00bb. \u00ab\u00a0Cette troisi\u00e8me vague ne ressemble en rien aux deux premi\u00e8res\u00a0\u00bb, et \u00ab\u00a0l&rsquo;inqui\u00e9tude des hospitaliers est d&rsquo;autant plus forte qu&rsquo;ils se voient seuls au front\u00a0\u00bb et qu'\u00a0\u00bbil n&rsquo;y aura pas les renforts qu&rsquo;on a eus lors de la premi\u00e8re vague\u00a0\u00bb, toutes les r\u00e9gions \u00e9tant touch\u00e9es. (AFP)<\/p>\n","protected":false},"excerpt":{"rendered":"<p>Le syst\u00e8me de sant\u00e9 est en t\u00eate des \u00ab\u00a0enjeux prioritaires\u00a0\u00bb de la prochaine \u00e9lection pr\u00e9sidentielle, pour les soignants comme pour l&rsquo;ensemble des Fran\u00e7ais, selon un sondage Harris Interactive pour la F\u00e9d\u00e9ration hospitali\u00e8re de France (FHF) publi\u00e9 mercredi. A un an de la pr\u00e9sidentielle, le Covid rebat les cartes des priorit\u00e9s: 53 % des personnes interrog\u00e9es [&hellip;]<\/p>\n","protected":false},"author":1,"featured_media":9320,"comment_status":"open","ping_status":"closed","sticky":false,"template":"","format":"standard","meta":{"footnotes":""},"categories":[1494],"tags":[1707,1706,935],"class_list":["post-9319","post","type-post","status-publish","format-standard","has-post-thumbnail","hentry","category-politique","tag-presidentielle-2022","tag-presidentielles-france","tag-sante"],"aioseo_notices":[],"_links":{"self":[{"href":"https:\/\/www.culturalusa.com\/news\/wp-json\/wp\/v2\/posts\/9319","targetHints":{"allow":["GET"]}}],"collection":[{"href":"https:\/\/www.culturalusa.com\/news\/wp-json\/wp\/v2\/posts"}],"about":[{"href":"https:\/\/www.culturalusa.com\/news\/wp-json\/wp\/v2\/types\/post"}],"author":[{"embeddable":true,"href":"https:\/\/www.culturalusa.com\/news\/wp-json\/wp\/v2\/users\/1"}],"replies":[{"embeddable":true,"href":"https:\/\/www.culturalusa.com\/news\/wp-json\/wp\/v2\/comments?post=9319"}],"version-history":[{"count":0,"href":"https:\/\/www.culturalusa.com\/news\/wp-json\/wp\/v2\/posts\/9319\/revisions"}],"wp:featuredmedia":[{"embeddable":true,"href":"https:\/\/www.culturalusa.com\/news\/wp-json\/wp\/v2\/media\/9320"}],"wp:attachment":[{"href":"https:\/\/www.culturalusa.com\/news\/wp-json\/wp\/v2\/media?parent=9319"}],"wp:term":[{"taxonomy":"category","embeddable":true,"href":"https:\/\/www.culturalusa.com\/news\/wp-json\/wp\/v2\/categories?post=9319"},{"taxonomy":"post_tag","embeddable":true,"href":"https:\/\/www.culturalusa.com\/news\/wp-json\/wp\/v2\/tags?post=9319"}],"curies":[{"name":"wp","href":"https:\/\/api.w.org\/{rel}","templated":true}]}}