{"id":9323,"date":"2021-03-18T20:51:44","date_gmt":"2021-03-18T19:51:44","guid":{"rendered":"https:\/\/www.culturalusa.com\/news\/?p=9323"},"modified":"2021-03-18T20:51:44","modified_gmt":"2021-03-18T19:51:44","slug":"france-covid-19-un-francais-sur-trois-reconfine-face-a-la-troisieme-vague","status":"publish","type":"post","link":"https:\/\/www.culturalusa.com\/news\/actualite\/france-covid-19-un-francais-sur-trois-reconfine-face-a-la-troisieme-vague\/","title":{"rendered":"France Covid-19: un fran\u00e7ais sur trois reconfin\u00e9 face \u00e0 \u00ab\u00a0la troisi\u00e8me vague\u00a0\u00bb"},"content":{"rendered":"<p>Confinement: chapitre 3 pour pr\u00e8s d&rsquo;un tiers des Fran\u00e7ais, le gouvernement impose \u00e0 l&rsquo;Ile-de-France, aux Hauts-de-France et \u00e0 trois autres d\u00e9partements de fortes restrictions, mais sans fermer les \u00e9coles et en privil\u00e9giant les activit\u00e9s de plein-air.<\/p>\n<blockquote><p>\u00ab\u00a0La progression de l&rsquo;\u00e9pid\u00e9mie s&rsquo;acc\u00e9l\u00e8re nettement\u00a0\u00bb et elle \u00ab\u00a0s&rsquo;apparente de plus en plus clairement \u00e0 une 3\u00e8 vague\u00a0\u00bb de Covid-19 avec les variants, a d\u00e9clar\u00e9 le Premier ministre Jean Castex au cours d&rsquo;une conf\u00e9rence de presse.<\/p><\/blockquote>\n<p>Il aura recul\u00e9 jusqu&rsquo;au dernier moment mais cette aggravation oblige l&rsquo;ex\u00e9cutif \u00e0 imposer \u00ab\u00a0de nouvelles mesures de freinage massives\u00a0\u00bb de l&rsquo;\u00e9pid\u00e9mie \u00e0 partir de samedi et pour quatre semaines dans 16 d\u00e9partements: les huit d\u00e9partements de l&rsquo;Ile-de-France, les cinq des Hauts-de-France ainsi que les Alpes-Maritimes, la Seine-Maritime et l&rsquo;Eure.<\/p>\n<p>Sont ainsi concern\u00e9s 21 millions d&rsquo;habitants, dont les 12 millions de la r\u00e9gion parisienne, de loin la plus dens\u00e9ment peupl\u00e9e et le poumon \u00e9conomique du pays. Les restrictions pourront \u00eatre \u00e9tendues \u00ab\u00a0\u00e0 d&rsquo;autres parties du territoire\u00a0\u00bb selon l&rsquo;\u00e9volution du virus, a pr\u00e9venu le Premier ministre.<\/p>\n<p><strong>La France a enregistr\u00e9 jeudi pr\u00e8s de 35.000 nouveaux cas de Covid-19 en 24 heures<\/strong>, d\u00e9passant la barre des 30.000 pour la deuxi\u00e8me journ\u00e9e cons\u00e9cutive, selon Sant\u00e9 publique France.<\/p>\n<p>La pression sur les services de r\u00e9animation, accueillant les malades les plus graves, est repartie \u00e0 la hausse, avec 4.246 malades, contre 4.219 la veille, un nouveau plus haut depuis fin novembre. Plus d&rsquo;un quart de ces patients (1.201) sont hospitalis\u00e9s en Ile-de-France.<\/p>\n<h3>\u00ab\u00a0Sans nous enfermer\u00a0\u00bb<\/h3>\n<p>Les nouvelles restrictions \u00ab\u00a0ne sont pas de bonnes nouvelles et je sais la lassitude qui est la v\u00f4tre face \u00e0 cette succession de mesures qui, \u00e0 l\u2019image du virus lui-m\u00eame, vont et viennent, \u00e9voluent et s\u2019adaptent \u00e0 mesure que la crise dure\u00a0\u00bb, a soulign\u00e9 Jean Castex. Mais ces mesures sont \u00ab\u00a0absolument indispensables et \u00e9quilibr\u00e9es\u00a0\u00bb et \u00ab\u00a0visent \u00e0 freiner le virus sans nous enfermer\u00a0\u00bb, a ajout\u00e9 le Premier ministre qui a finalis\u00e9 ces restrictions \u00e0 la mi-journ\u00e9e avec Emmanuel Macron, qui avait affirm\u00e9 mardi qu&rsquo;elles seraient \u00ab\u00a0pragmatiques, proportionn\u00e9es et territorialis\u00e9es\u00a0\u00bb.<\/p>\n<p>L&rsquo;ex\u00e9cutif a choisi \u00ab\u00a0une troisi\u00e8me voie\u00a0\u00bb, selon Jean Castex, apr\u00e8s les deux premiers confinements, celui tr\u00e8s strict qui avait d\u00e9but\u00e9 il y a un an, le 17 mars 2020, puis celui, plus souple, de l&rsquo;automne.<\/p>\n<h3>Le chef du gouvernement, qui avait \u00e9t\u00e9 le \u00ab\u00a0Monsieur d\u00e9confinement\u00a0\u00bb l&rsquo;an dernier, a ainsi annonc\u00e9 que le couvre-feu, en vigueur depuis d\u00e9cembre, sera retard\u00e9 en m\u00e9tropole \u00e0 compter de samedi de 18H00 \u00e0 19H00, notamment pour tenir compte du passage \u00e0 l&rsquo;heure d&rsquo;\u00e9t\u00e9 \u00e0 la fin du mois.<\/h3>\n<p>Comme \u00e0 l&rsquo;automne, les \u00e9coles et coll\u00e8ges resteront ouverts normalement mais les lyc\u00e9es basculeront tous en \u00ab\u00a0demi-jauge\u00a0\u00bb dans les 16 d\u00e9partements concern\u00e9s.<\/p>\n<p>En revanche l&rsquo;\u00e9ducation physique et sportive des scolaires pourra reprendre normalement et les activit\u00e9s sportives extra-scolaires en plein air des mineurs seront maintenues, a pr\u00e9cis\u00e9 Jean Castex.<\/p>\n<p>Alors que les beaux jours approchent, \u00ab\u00a0il sera possible de se promener, de s\u2019a\u00e9rer ou de faire du sport, en journ\u00e9e, sans aucune limitation de dur\u00e9e mais avec une attestation et \u00e0 la condition de rester dans un rayon limit\u00e9 \u00e0 10 kilom\u00e8tres autour de chez soi\u00a0\u00bb, a annonc\u00e9 le Premier ministre. Dans les 16 d\u00e9partements, les d\u00e9placements interr\u00e9gionaux seront \u00ab\u00a0interdits, sauf motifs imp\u00e9rieux ou professionnels\u00a0\u00bb.<\/p>\n<p>Les commerces et rayons de grandes surfaces ne rentrant pas dans la liste de ceux \u00ab\u00a0vendant des biens et des services de premi\u00e8re n\u00e9cessit\u00e9\u00a0\u00bb fermeront leurs portes dans les 16 d\u00e9partements concern\u00e9s par le reconfinement, dont ceux d&rsquo;Ile de France, \u00e0 partir de ce week-end, a annonc\u00e9 le Premier ministre Jean Castex jeudi.<\/p>\n<p>Afin de \u00ab\u00a0r\u00e9duire les occasions de contacts dans les lieux clos\u00a0\u00bb, les commerces non-essentiels devront baisser le rideau. Mais, apr\u00e8s leur mobilisation \u00e0 l&rsquo;automne, les librairies et disquaires ont gard\u00e9 le droit de rester ouverts, \u00e9tant d\u00e9sormais cat\u00e9goris\u00e9s comme \u00ab\u00a0de premi\u00e8re n\u00e9cessit\u00e9\u00a0\u00bb.<\/p>\n<p>Dans une m\u00eame logique, \u00ab\u00a0toutes les entreprises et administrations qui le peuvent\u00a0\u00bb devront pousser \u00ab\u00a0au maximum\u00a0\u00bb le t\u00e9l\u00e9travail pour le mettre en place \u00ab\u00a0au moins quatre jours sur cinq\u00a0\u00bb, selon le Premier ministre.<\/p>\n<h3>\u00ab\u00a0Retour au Moyen \u00c2ge\u00a0\u00bb<\/h3>\n<p>Avant m\u00eame la fin de la conf\u00e9rence de presse, des responsables de l&rsquo;opposition ont vivement critiqu\u00e9 ce nouveau tour de vis. \u00ab\u00a0Le confinement, c\u2019est ce que l\u2019on fait quand on a tout rat\u00e9\u00a0\u00bb, a d\u00e9nonc\u00e9 Marine Le Pen (RN). \u00ab\u00a0Retour au Moyen \u00c2ge: le confinement. Puis d\u00e9confinement. Puis reconfinement. La vis sans fin\u00a0\u00bb, a raill\u00e9 Jean-Luc M\u00e9lenchon (LFI), en accusant le gouvernement de n&rsquo;avoir \u00ab\u00a0rien pr\u00e9vu, rien organis\u00e9\u00a0\u00bb.<\/p>\n<p>Pour Damien Abad (LR), \u00ab\u00a0cette d\u00e9cision de reconfinement est la cons\u00e9quence directe d&rsquo;une politique de vaccination chaotique. (&#8230;) Vaccinez et augmentez nos lits de r\u00e9animation, sans quoi on devra toujours confiner\u00a0\u00bb.<\/p>\n<p>Mais Jean Castex a d\u00e9fendu la d\u00e9cision prise le 29 janvier par Emmanuel Macron de ne pas reconfiner, malgr\u00e9 les appels de nombreux m\u00e9decins. \u00ab\u00a0Nous avons bien fait\u00a0\u00bb, a-t-il assur\u00e9.<\/p>\n<p>Plus que jamais, l&rsquo;ex\u00e9cutif compte sur son programme de vaccination pour sortir de la crise.<\/p>\n<p>Jean Castex a annonc\u00e9 la reprise vendredi apr\u00e8s-midi de la vaccination avec le s\u00e9rum AstraZeneca, suspendue depuis lundi, apr\u00e8s les conclusions du r\u00e9gulateur europ\u00e9en jugeant ce vaccin \u00ab\u00a0s\u00fbr et efficace\u00a0\u00bb. Pour rassurer, il ira se faire vacciner d\u00e8s vendredi.<\/p>\n<p>Malgr\u00e9 cette suspension, la campagne vaccinale a continu\u00e9 de progresser: 5.748.698 personnes ont re\u00e7u au moins une injection et 2.393.568 ont eu leurs deux doses, selon la Direction g\u00e9n\u00e9rale de la Sant\u00e9. (AFP)<\/p>\n","protected":false},"excerpt":{"rendered":"<p>Confinement: chapitre 3 pour pr\u00e8s d&rsquo;un tiers des Fran\u00e7ais, le gouvernement impose \u00e0 l&rsquo;Ile-de-France, aux Hauts-de-France et \u00e0 trois autres d\u00e9partements de fortes restrictions, mais sans fermer les \u00e9coles et en privil\u00e9giant les activit\u00e9s de plein-air. \u00ab\u00a0La progression de l&rsquo;\u00e9pid\u00e9mie s&rsquo;acc\u00e9l\u00e8re nettement\u00a0\u00bb et elle \u00ab\u00a0s&rsquo;apparente de plus en plus clairement \u00e0 une 3\u00e8 vague\u00a0\u00bb de [&hellip;]<\/p>\n","protected":false},"author":1,"featured_media":9324,"comment_status":"open","ping_status":"closed","sticky":false,"template":"","format":"standard","meta":{"footnotes":""},"categories":[30],"tags":[1709,1212,1708,1303],"class_list":["post-9323","post","type-post","status-publish","format-standard","has-post-thumbnail","hentry","category-actualite","tag-3e-vague-covid-19","tag-confinement","tag-france-covid-19","tag-jean-castex"],"aioseo_notices":[],"_links":{"self":[{"href":"https:\/\/www.culturalusa.com\/news\/wp-json\/wp\/v2\/posts\/9323","targetHints":{"allow":["GET"]}}],"collection":[{"href":"https:\/\/www.culturalusa.com\/news\/wp-json\/wp\/v2\/posts"}],"about":[{"href":"https:\/\/www.culturalusa.com\/news\/wp-json\/wp\/v2\/types\/post"}],"author":[{"embeddable":true,"href":"https:\/\/www.culturalusa.com\/news\/wp-json\/wp\/v2\/users\/1"}],"replies":[{"embeddable":true,"href":"https:\/\/www.culturalusa.com\/news\/wp-json\/wp\/v2\/comments?post=9323"}],"version-history":[{"count":0,"href":"https:\/\/www.culturalusa.com\/news\/wp-json\/wp\/v2\/posts\/9323\/revisions"}],"wp:featuredmedia":[{"embeddable":true,"href":"https:\/\/www.culturalusa.com\/news\/wp-json\/wp\/v2\/media\/9324"}],"wp:attachment":[{"href":"https:\/\/www.culturalusa.com\/news\/wp-json\/wp\/v2\/media?parent=9323"}],"wp:term":[{"taxonomy":"category","embeddable":true,"href":"https:\/\/www.culturalusa.com\/news\/wp-json\/wp\/v2\/categories?post=9323"},{"taxonomy":"post_tag","embeddable":true,"href":"https:\/\/www.culturalusa.com\/news\/wp-json\/wp\/v2\/tags?post=9323"}],"curies":[{"name":"wp","href":"https:\/\/api.w.org\/{rel}","templated":true}]}}