{"id":9337,"date":"2021-03-22T11:24:32","date_gmt":"2021-03-22T10:24:32","guid":{"rendered":"https:\/\/www.culturalusa.com\/news\/?p=9337"},"modified":"2021-03-22T11:26:59","modified_gmt":"2021-03-22T10:26:59","slug":"le-laboratoire-astrazeneca-defend-son-vaccin-apres-des-essais-rassurants","status":"publish","type":"post","link":"https:\/\/www.culturalusa.com\/news\/technologie\/le-laboratoire-astrazeneca-defend-son-vaccin-apres-des-essais-rassurants\/","title":{"rendered":"Le laboratoire AstraZeneca d\u00e9fend son vaccin apr\u00e8s des essais rassurants"},"content":{"rendered":"<p><strong>Vaccin AstraZeneca<\/strong>: le laboratoire a d\u00e9fendu son vaccin, rejet\u00e9 par une bonne partie des Europ\u00e9ens, <strong>affirmant qu&rsquo;il est efficace \u00e0 80% contre le Covid chez les personnes \u00e2g\u00e9es<\/strong> et n&rsquo;augmentait pas le risque de caillots, apr\u00e8s des essais cliniques men\u00e9s aux Etats-Unis.<\/p>\n<p>Le recours \u00e0 ce vaccin est crucial au moment o\u00f9 s&rsquo;acc\u00e9l\u00e8re la troisi\u00e8me vague de la pand\u00e9mie de Covid-19, notamment en Europe, o\u00f9 l&rsquo;Allemagne envisage de nouvelles restrictions.<\/p>\n<blockquote><p>Le vaccin est efficace \u00e0 79% pour pr\u00e9venir le Covid-19 symptomatique dans la population g\u00e9n\u00e9rale et \u00e0 100% pour emp\u00eacher les formes s\u00e9v\u00e8res de la maladie et l&rsquo;hospitalisation, a affirm\u00e9 le laboratoire lundi apr\u00e8s des essais cliniques de phase III men\u00e9s aux Etats-Unis, avec 32.449 participants.<\/p><\/blockquote>\n<p>Il est efficace \u00e0 80% chez les personnes \u00e2g\u00e9es et <strong>n&rsquo;augmente pas le risque de caillots sanguins<\/strong>, selon le laboratoire, alors que plusieurs pays ont renonc\u00e9 \u00e0 le prescrire aux plus \u00e2g\u00e9s en raison d&rsquo;un manque de donn\u00e9es sur les seniors lors des pr\u00e9c\u00e9dents essais.<\/p>\n<blockquote><p>Ce mois-ci plusieurs pays ont suspendu son utilisation par crainte qu&rsquo;il ne provoque des caillots sanguins, parfois mortels.<\/p><\/blockquote>\n<p>Ce vaccin est per\u00e7u comme plus dangereux que s\u00fbr en Allemagne, France, Espagne et Italie, selon une \u00e9tude d&rsquo;opinion r\u00e9alis\u00e9e entre le 12 et 18 mars.<\/p>\n<p>Jeudi, l&rsquo;Agence europ\u00e9enne des m\u00e9dicaments (EMA) l&rsquo;a pourtant jug\u00e9 \u00ab\u00a0s\u00fbr et efficace\u00a0\u00bb et l&rsquo;utilisation du vaccin a repris dans plusieurs pays, mais l&rsquo;impact sur l&rsquo;opinion publique s&rsquo;est fait sentir, souligne l&rsquo;institut YouGov.<\/p>\n<p>\u00ab\u00a0Non seulement nous avons constat\u00e9 une augmentation consid\u00e9rable du nombre de personnes qui le jugent dangereux au cours des deux derni\u00e8res semaines en Europe, mais le vaccin AstraZeneca continue d&rsquo;\u00eatre consid\u00e9r\u00e9 comme nettement moins s\u00fbr que ceux de Pfizer et Moderna\u00a0\u00bb, a comment\u00e9 YouGov, dans un communiqu\u00e9.<\/p>\n<p>Avec les campagnes de vaccination, les Europ\u00e9ens pourraient atteindre l&rsquo;immunit\u00e9 collective en juillet, a laiss\u00e9 entrevoir dimanche le commissaire europ\u00e9en au March\u00e9 int\u00e9rieur Thierry Breton.<\/p>\n<p>\u00ab\u00a0C&rsquo;est la derni\u00e8re ligne droite parce que nous savons que pour vaincre cette pand\u00e9mie, une seule solution: se faire vacciner. Les vaccins arrivent, ils seront l\u00e0\u00a0\u00bb, a martel\u00e9 le commissaire fran\u00e7ais.<\/p>\n<p>Encore faut-il avoir des stocks suffisants, alors que Britanniques et Europ\u00e9ens s&rsquo;accusent mutuellement de capter les doses produites sur leur territoire.<\/p>\n<h3>\u00ab\u00a0Contreproductif de bloquer les exportations d&rsquo;AstraZeneca\u00a0\u00bb<\/h3>\n<p>Le ministre de la D\u00e9fense britannique Ben Wallace a pr\u00e9venu dimanche qu&rsquo;il serait \u00ab\u00a0contreproductif\u00a0\u00bb de bloquer les exportations d&rsquo;AstraZeneca comme l&rsquo;a menac\u00e9 la veille la Commission europ\u00e9enne si l&rsquo;UE ne recevait pas d&rsquo;abord ses livraisons.<\/p>\n<p>\u00ab\u00a0La Commission a son propre contrat avec AstraZeneca. Nous essayons simplement de le faire respecter. Le laboratoire nous a livr\u00e9 moins de 10% des doses pr\u00e9vues pour l&rsquo;ann\u00e9e par le contrat. Il est donc normal que nous demandions que ces doses soient livr\u00e9es comme pr\u00e9vu aux Europ\u00e9ens\u00a0\u00bb, a r\u00e9torqu\u00e9 dimanche soir une source dans l&rsquo;entourage de la pr\u00e9sidente de la Commission europ\u00e9enne Ursula von der Leyen.<\/p>\n<p>Mme van der Leyen a rappel\u00e9 que le contrat de l&rsquo;UE avec AstraZeneca pr\u00e9voyait la livraison de doses produites \u00e0 la fois sur le territoire de l&rsquo;UE et au Royaume-Uni. \u00ab\u00a0Or, nous n&rsquo;avons rien re\u00e7u des Britanniques, alors que nous les fournissons\u00a0\u00bb.<\/p>\n<p>Le vaccin AstraZeneca est notamment produit dans deux usines en Belgique et aux Pays-Bays, deux pays qui ont appel\u00e9 \u00e0 la prudence sur un durcissement des exportations alors que d&rsquo;autres pays europ\u00e9ens, comme la France, le soutiennent.<\/p>\n<p>Or, le temps presse, notamment en Allemagne. Le gouvernement s&rsquo;appr\u00eate lundi \u00e0 prolonger, voire \u00e0 durcir les restrictions face \u00e0 une troisi\u00e8me vague toujours plus virulente, au risque de nourrir la grogne d\u00e9j\u00e0 croissante de l&rsquo;opinion.<\/p>\n<p>La chanceli\u00e8re Angela Merkel et les r\u00e9gions allemandes se retrouvent dans l&rsquo;apr\u00e8s-midi pour une nouvelle r\u00e9union sur la strat\u00e9gie anti-pand\u00e9mie.<\/p>\n<p>Mais alors qu&rsquo;elle devait \u00eatre consacr\u00e9e il y a quelques semaines encore \u00e0 rel\u00e2cher la pression, l&rsquo;ordre du jour a compl\u00e8tement chang\u00e9 face \u00e0 la propagation du variant britannique du virus, jug\u00e9 plus infectieux et dangereux. Le confinement partiel d\u00e9j\u00e0 en place en Allemagne depuis fin 2020, et programm\u00e9 jusqu&rsquo;au 28 mars, pourrait \u00eatre prolong\u00e9 au moins jusqu&rsquo;au 18 avril, selon un projet gouvernemental.<\/p>\n<h3>Douche froide pour l&rsquo;Allemagne<\/h3>\n<p>Une douche froide pour l&rsquo;opinion allemande, us\u00e9e comme ailleurs par un an de pand\u00e9mie.<\/p>\n<p>Les restrictions sanitaires alimentent la col\u00e8re de certains qui les assimilent \u00e0 une forme de \u00ab\u00a0dictature\u00a0\u00bb. Par milliers, ils l&rsquo;ont fait savoir samedi lors de manifestations en Autriche, en Bulgarie, en Grande-Bretagne, en Suisse ou en Allemagne.<\/p>\n<p>\u00ab\u00a0Arr\u00eatez la terreur Corona\u00a0\u00bb ou \u00ab\u00a0Le Covid est un canular\u00a0\u00bb, pouvait-on lire sur certains panneaux brandis par les manifestants, de Montr\u00e9al \u00e0 Belgrade.<\/p>\n<p>La lassitude pousse aussi une partie de la population \u00e0 n\u00e9gliger gestes barri\u00e8re et distanciation sociale. Quelque 6.500 personnes sans masques se sont rassembl\u00e9es pour c\u00e9l\u00e9brer le carnaval \u00e0 Marseille, dans le Sud de la France. Un rassemblement non autoris\u00e9 qualifi\u00e9 d'\u00a0\u00bbirresponsable\u00a0\u00bb par la police qui est intervenue pour disperser les f\u00eatards.<\/p>\n<p>Ailleurs dans le monde, les vaccinations s&rsquo;intensifient aussi dans l&rsquo;espoir d&rsquo;enrayer l&rsquo;\u00e9pid\u00e9mie qui a d\u00e9j\u00e0 fait plus de 2,7 millions de morts dans le monde.<\/p>\n<p>Le Fonds souverain russe (RDIF) a annonc\u00e9 lundi un accord avec le groupe pharmaceutique indien Virchow Biotech pour produire en Inde 200 millions de doses du vaccin Spoutnik V.<\/p>\n<p>Au Br\u00e9sil, o\u00f9 l&rsquo;\u00e9pid\u00e9mie est hors de contr\u00f4le, le gouvernement a lev\u00e9 dimanche l&rsquo;obligation faite aux autorit\u00e9s locales de r\u00e9server des stocks de vaccins pour la 2e injection, dans le but d&rsquo;acc\u00e9l\u00e9rer la vaccination.<\/p>\n<p>Aux Etats-Unis, trois millions de doses de vaccins par jour ont \u00e9t\u00e9 administr\u00e9es pour la premi\u00e8re fois lors de deux journ\u00e9es cons\u00e9cutives, nouvelle illustration d&rsquo;une campagne de vaccination qui continue de monter en puissance, selon les chiffres officiels publi\u00e9s dimanche.<\/p>\n<p>Et \u00e0 Gen\u00e8ve, l&rsquo;Organisation mondiale de la sant\u00e9 (OMS) se pr\u00e9pare \u00e0 publier, probablement cette semaine, le rapport tr\u00e8s attendu de ses experts d\u00e9p\u00each\u00e9s en janvier en Chine pour \u00e9tudier les origines de la pand\u00e9mie. (AFP)<\/p>\n","protected":false},"excerpt":{"rendered":"<p>Vaccin AstraZeneca: le laboratoire a d\u00e9fendu son vaccin, rejet\u00e9 par une bonne partie des Europ\u00e9ens, affirmant qu&rsquo;il est efficace \u00e0 80% contre le Covid chez les personnes \u00e2g\u00e9es et n&rsquo;augmentait pas le risque de caillots, apr\u00e8s des essais cliniques men\u00e9s aux Etats-Unis. Le recours \u00e0 ce vaccin est crucial au moment o\u00f9 s&rsquo;acc\u00e9l\u00e8re la troisi\u00e8me [&hellip;]<\/p>\n","protected":false},"author":1,"featured_media":8727,"comment_status":"open","ping_status":"closed","sticky":false,"template":"","format":"standard","meta":{"footnotes":""},"categories":[6],"tags":[615,1336,1244,1615],"class_list":["post-9337","post","type-post","status-publish","format-standard","has-post-thumbnail","hentry","category-technologie","tag-allemagne","tag-astrazeneca","tag-vaccin","tag-vaccin-astrazeneca"],"aioseo_notices":[],"_links":{"self":[{"href":"https:\/\/www.culturalusa.com\/news\/wp-json\/wp\/v2\/posts\/9337","targetHints":{"allow":["GET"]}}],"collection":[{"href":"https:\/\/www.culturalusa.com\/news\/wp-json\/wp\/v2\/posts"}],"about":[{"href":"https:\/\/www.culturalusa.com\/news\/wp-json\/wp\/v2\/types\/post"}],"author":[{"embeddable":true,"href":"https:\/\/www.culturalusa.com\/news\/wp-json\/wp\/v2\/users\/1"}],"replies":[{"embeddable":true,"href":"https:\/\/www.culturalusa.com\/news\/wp-json\/wp\/v2\/comments?post=9337"}],"version-history":[{"count":0,"href":"https:\/\/www.culturalusa.com\/news\/wp-json\/wp\/v2\/posts\/9337\/revisions"}],"wp:featuredmedia":[{"embeddable":true,"href":"https:\/\/www.culturalusa.com\/news\/wp-json\/wp\/v2\/media\/8727"}],"wp:attachment":[{"href":"https:\/\/www.culturalusa.com\/news\/wp-json\/wp\/v2\/media?parent=9337"}],"wp:term":[{"taxonomy":"category","embeddable":true,"href":"https:\/\/www.culturalusa.com\/news\/wp-json\/wp\/v2\/categories?post=9337"},{"taxonomy":"post_tag","embeddable":true,"href":"https:\/\/www.culturalusa.com\/news\/wp-json\/wp\/v2\/tags?post=9337"}],"curies":[{"name":"wp","href":"https:\/\/api.w.org\/{rel}","templated":true}]}}