{"id":9339,"date":"2021-03-22T11:46:24","date_gmt":"2021-03-22T10:46:24","guid":{"rendered":"https:\/\/www.culturalusa.com\/news\/?p=9339"},"modified":"2021-03-22T12:01:23","modified_gmt":"2021-03-22T11:01:23","slug":"la-belgique-rend-hommage-national-cinq-ans-apres-les-attentats-jihadistes-de-2016","status":"publish","type":"post","link":"https:\/\/www.culturalusa.com\/news\/belgique\/la-belgique-rend-hommage-national-cinq-ans-apres-les-attentats-jihadistes-de-2016\/","title":{"rendered":"La Belgique rend hommage national cinq ans apr\u00e8s les attentats jihadistes de 2016"},"content":{"rendered":"<p><strong>Hommage national aux victimes des attentats jihadistes du 22 mars 2016 en Belgique<\/strong>, une date qui reste grav\u00e9e dans les m\u00e9moires cinq ans apr\u00e8s comme celle des pires attaques subies par le pays depuis la Seconde Guerre mondiale. [<span style=\"color: #800000;\"><em>Le roi Philippe acompagn\u00e9 par la reine Mathilde et Alexander De Croo s&rsquo;est rendu \u00e0 la station de m\u00e9tro Maelbeek (Belga)<\/em><\/span>]\n<p>Ce matin-l\u00e0 une double attaque suicide, \u00e0 l&rsquo;a\u00e9roport international de Bruxelles puis dans une station de m\u00e9tro du quartier europ\u00e9en, fait 32 morts et plus de 340 bless\u00e9s, des actes revendiqu\u00e9s par l&rsquo;organisation Etat islamique (EI).<\/p>\n<h3>Le petit pays de 11,5 millions d&rsquo;habitants est touch\u00e9 en plein coeur comme l&rsquo;a \u00e9t\u00e9 la France quelques mois auparavant.<\/h3>\n<p>Quatre jours plus t\u00f4t, Salah Abdeslam, seul membre encore en vie des commandos ayant frapp\u00e9 Paris le 13 novembre 2015 (130 morts), a \u00e9t\u00e9 arr\u00eat\u00e9 \u00e0 Bruxelles apr\u00e8s quatre mois de cavale. D&rsquo;apr\u00e8s les enqu\u00eateurs, son interpellation a vraisemblablement acc\u00e9l\u00e9r\u00e9 le passage \u00e0 l&rsquo;acte des autres membres de cette cellule jihadiste repli\u00e9s en Belgique, qui se sentaient traqu\u00e9s par la police.<\/p>\n<p>Lundi, \u00e0 07H58 puis 09H11, \u00e0 l&rsquo;heure o\u00f9 les explosions se sont produites \u00e0 l&rsquo;a\u00e9roport de Zaventem et au m\u00e9tro Maelbeek, \u00ab\u00a0un moment de silence et de recueillement\u00a0\u00bb sera observ\u00e9 sur place.<\/p>\n<p>En raison de la pand\u00e9mie, il aura lieu en petit comit\u00e9, en <strong>pr\u00e9sence du roi des Belges Philippe et de la reine Mathilde, accompagn\u00e9s du Premier ministre Alexander De Croo et de son \u00e9pouse<\/strong>.<\/p>\n<p>Discours et t\u00e9moignages de bless\u00e9s ou de proches de personnes tu\u00e9es sont pr\u00e9vus dans un deuxi\u00e8me temps, \u00e0 12h15, lors d&rsquo;une c\u00e9r\u00e9monie t\u00e9l\u00e9vis\u00e9e organis\u00e9e \u00e0 c\u00f4t\u00e9 des institutions europ\u00e9ennes, l\u00e0 o\u00f9 a \u00e9t\u00e9 \u00e9rig\u00e9 un monument d\u00e9di\u00e9 aux victimes d&rsquo;actes terroristes.<\/p>\n<p>L&rsquo;hommage national, qui associe les associations de victimes Life4Brussels et V-Europe, intervient sur fond de critiques en raison des lenteurs de l&rsquo;administration et des assurances pour prendre en charge les pr\u00e9judices des attaques.<\/p>\n<blockquote><p>\u00ab\u00a0Il m&rsquo;a fallu pr\u00e8s de 5 ans pour obtenir une indemnisation pour la perte de mon conjoint. Mon fils ne l&rsquo;a toujours pas re\u00e7ue\u00a0\u00bb, raconte \u00e0 l&rsquo;AFP Charlotte Dixon-Sutcliffe, dont le mari, un expatri\u00e9 britannique \u00e0 Bruxelles, compte parmi les seize morts du m\u00e9tro Maelbeek.<\/p><\/blockquote>\n<h3>\u00ab\u00a0Erreurs et n\u00e9gligences\u00a0\u00bb<\/h3>\n<p>De son c\u00f4t\u00e9, Life4Brussels a d\u00e9plor\u00e9 l&rsquo;abandon par le <span style=\"color: #800000;\"><strong>gouvernement belge<\/strong><\/span> d&rsquo;un projet de \u00ab\u00a0fonds de garantie\u00a0\u00bb, sur le mod\u00e8le fran\u00e7ais, qui aurait permis aux victimes de percevoir une aide forfaitaire de l&rsquo;Etat, charge ensuite \u00e0 ce dernier de se tourner vers les assureurs pour r\u00e9cup\u00e9rer l&rsquo;argent.<\/p>\n<p><strong>En Belgique, les dossiers sont trait\u00e9s au cas par cas<\/strong>, \u00ab\u00a0<span style=\"color: #800000;\">on laisse les victimes s&rsquo;adresser elles-m\u00eames \u00e0 une multitude d&rsquo;organismes publics ou priv\u00e9s<\/span>\u00ab\u00a0, regrette l&rsquo;association, \u00ab\u00a0l&rsquo;Etat n&rsquo;a pas compris que certaines se d\u00e9couragent et perdent leurs droits\u00a0\u00bb.<\/p>\n<p>Me Nic Reynaert, qui voyageait dans la rame cibl\u00e9e par le kamikaze du m\u00e9tro, a assign\u00e9 ce mois-ci en justice l&rsquo;Etat et un assureur pour \u00ab\u00a0erreurs et n\u00e9gligences\u00a0\u00bb. Il souffre de l\u00e9sions neurologiques, selon lui mal diagnostiqu\u00e9es.<\/p>\n<p>Dans sa plainte, l&rsquo;avocat assure n&rsquo;avoir \u00ab\u00a0jamais\u00a0\u00bb re\u00e7u les informations des experts m\u00e9dicaux sur toutes les s\u00e9quelles possibles d&rsquo;une explosion en milieu confin\u00e9. \u00ab\u00a0Les sympt\u00f4mes physiques du SPT (syndrome post-traumatique) ont \u00e9t\u00e9 rejet\u00e9s comme \u00e9tant purement psychologiques\u00a0\u00bb, \u00e9crit-il.<\/p>\n<p>D&rsquo;autres bless\u00e9s ont t\u00e9moign\u00e9 de difficult\u00e9s similaires pour faire reconna\u00eetre une incapacit\u00e9 de travail, qui dans certains cas a resurgi des mois apr\u00e8s les attentats.<\/p>\n<p>Jamais en Belgique autant d&rsquo;avocats n&rsquo;ont \u00e9t\u00e9 sollicit\u00e9s pour les m\u00eames faits. Dans la proc\u00e9dure judiciaire, sous l&rsquo;autorit\u00e9 du parquet f\u00e9d\u00e9ral (comp\u00e9tent en mati\u00e8re de terrorisme), 720 parties civiles ont d\u00e9j\u00e0 \u00e9t\u00e9 recens\u00e9es, ce qui laisse entrevoir le plus grand proc\u00e8s de l&rsquo;histoire du pays.<\/p>\n<p>D\u00e9but janvier, dix suspects ont \u00e9t\u00e9 renvoy\u00e9s en cour d&rsquo;assises pour \u00ab\u00a0assassinats commis dans un contexte terroriste\u00a0\u00bb. L&rsquo;ordonnance doit encore \u00eatre confirm\u00e9e par la cour d&rsquo;appel. Le proc\u00e8s pourrait se tenir \u00e0 partir de septembre 2022 \u00e0 Bruxelles.<\/p>\n<p>Parmi les principaux accus\u00e9s figurent, outre Salah Abdeslam, deux hommes qui accompagnaient les trois kamikazes morts le 22 mars. Il s&rsquo;agit de Mohamed Abrini, \u00ab\u00a0l&rsquo;homme au chapeau\u00a0\u00bb, qui a renonc\u00e9 \u00e0 se faire exploser \u00e0 l&rsquo;a\u00e9roport, et Osama Krayem, qui, lui, a rebrouss\u00e9 chemin apr\u00e8s \u00eatre entr\u00e9 dans le m\u00e9tro.<\/p>\n","protected":false},"excerpt":{"rendered":"<p>Hommage national aux victimes des attentats jihadistes du 22 mars 2016 en Belgique, une date qui reste grav\u00e9e dans les m\u00e9moires cinq ans apr\u00e8s comme celle des pires attaques subies par le pays depuis la Seconde Guerre mondiale. [Le roi Philippe acompagn\u00e9 par la reine Mathilde et Alexander De Croo s&rsquo;est rendu \u00e0 la station [&hellip;]<\/p>\n","protected":false},"author":1,"featured_media":9340,"comment_status":"open","ping_status":"closed","sticky":false,"template":"","format":"standard","meta":{"footnotes":""},"categories":[1177],"tags":[1713,1179,1715,1714,1178],"class_list":["post-9339","post","type-post","status-publish","format-standard","has-post-thumbnail","hentry","category-belgique","tag-attentats-jihadistes","tag-belgique","tag-gouvernement-belge","tag-hommage-national-attentats-22-mars","tag-roi-philippe"],"aioseo_notices":[],"_links":{"self":[{"href":"https:\/\/www.culturalusa.com\/news\/wp-json\/wp\/v2\/posts\/9339","targetHints":{"allow":["GET"]}}],"collection":[{"href":"https:\/\/www.culturalusa.com\/news\/wp-json\/wp\/v2\/posts"}],"about":[{"href":"https:\/\/www.culturalusa.com\/news\/wp-json\/wp\/v2\/types\/post"}],"author":[{"embeddable":true,"href":"https:\/\/www.culturalusa.com\/news\/wp-json\/wp\/v2\/users\/1"}],"replies":[{"embeddable":true,"href":"https:\/\/www.culturalusa.com\/news\/wp-json\/wp\/v2\/comments?post=9339"}],"version-history":[{"count":0,"href":"https:\/\/www.culturalusa.com\/news\/wp-json\/wp\/v2\/posts\/9339\/revisions"}],"wp:featuredmedia":[{"embeddable":true,"href":"https:\/\/www.culturalusa.com\/news\/wp-json\/wp\/v2\/media\/9340"}],"wp:attachment":[{"href":"https:\/\/www.culturalusa.com\/news\/wp-json\/wp\/v2\/media?parent=9339"}],"wp:term":[{"taxonomy":"category","embeddable":true,"href":"https:\/\/www.culturalusa.com\/news\/wp-json\/wp\/v2\/categories?post=9339"},{"taxonomy":"post_tag","embeddable":true,"href":"https:\/\/www.culturalusa.com\/news\/wp-json\/wp\/v2\/tags?post=9339"}],"curies":[{"name":"wp","href":"https:\/\/api.w.org\/{rel}","templated":true}]}}