{"id":9347,"date":"2021-03-23T11:43:20","date_gmt":"2021-03-23T10:43:20","guid":{"rendered":"https:\/\/www.culturalusa.com\/news\/?p=9347"},"modified":"2021-03-23T11:43:20","modified_gmt":"2021-03-23T10:43:20","slug":"vaccin-enquete-apres-le-deces-a-nantes-dun-etudiant-vaccine-a-lastrazeneca","status":"publish","type":"post","link":"https:\/\/www.culturalusa.com\/news\/actualite\/vaccin-enquete-apres-le-deces-a-nantes-dun-etudiant-vaccine-a-lastrazeneca\/","title":{"rendered":"Vaccin: enqu\u00eate apr\u00e8s le d\u00e9c\u00e8s \u00e0 Nantes d&rsquo;un \u00e9tudiant vaccin\u00e9 \u00e0 l&rsquo;AstraZeneca"},"content":{"rendered":"<p><strong>Une enqu\u00eate a \u00e9t\u00e9 ouverte afin de d\u00e9terminer les causes de la mort d&rsquo;un \u00e9tudiant en m\u00e9decine plusieurs jours apr\u00e8s avoir \u00e9t\u00e9 vaccin\u00e9 contre le Covid-19<\/strong> avec le vaccin AstraZeneca, a-t-on appris mardi aupr\u00e8s de l&rsquo;Agence r\u00e9gionale de Sant\u00e9 (ARS) des Pays de la Loire.<\/p>\n<h3>\u00ab\u00a0Un signalement a \u00e9t\u00e9 effectu\u00e9 aupr\u00e8s de la pharmacovigilance et de l&rsquo;Agence nationale de s\u00e9curit\u00e9 du m\u00e9dicament et des produits de sant\u00e9 (ANSM), comme cela est pr\u00e9vu par la proc\u00e9dure\u00a0\u00bb, a pr\u00e9cis\u00e9 l&rsquo;ARS.<\/h3>\n<blockquote><p>\u00ab\u00a0Le procureur de la R\u00e9publique a ouvert une enqu\u00eate en recherche des causes de la mort. Dans ce cadre, une autopsie a \u00e9t\u00e9 r\u00e9alis\u00e9e et des expertises compl\u00e9mentaires sont en cours afin de d\u00e9terminer les causes du d\u00e9c\u00e8s qui \u00e0 ce stade ne sont pas connues\u00a0\u00bb, selon l&rsquo;ARS.<\/p><\/blockquote>\n<p>\u00ab\u00a0Dans le cadre de notre surveillance renforc\u00e9e des troubles thromboemboliques, nous avons \u00e9t\u00e9 inform\u00e9s d&rsquo;un cas de d\u00e9c\u00e8s d&rsquo;une personne de 24 ans plusieurs jours apr\u00e8s une vaccination avec le vaccin AstraZeneca\u00a0\u00bb, avait annonc\u00e9 lundi soir l&rsquo;ANSM dans un communiqu\u00e9 sans autre pr\u00e9cision.<\/p>\n<p>\u00ab\u00a0A ce stade, aucun \u00e9l\u00e9ment ne permet de conclure en faveur du r\u00f4le du vaccin. Ce cas de d\u00e9c\u00e8s fait l&rsquo;objet d&rsquo;une investigation clinique approfondie par les Centres r\u00e9gionaux de pharmacovigilance (CRPV)\u00a0\u00bb, a pr\u00e9cis\u00e9 l&rsquo;agence.<\/p>\n<h3>Dans la foul\u00e9e de plusieurs pays, la France avait temporairement suspendu la semaine derni\u00e8re la vaccination \u00e0 l&rsquo;AstraZeneca en raison de possibles effets secondaires.<\/h3>\n","protected":false},"excerpt":{"rendered":"<p>Une enqu\u00eate a \u00e9t\u00e9 ouverte afin de d\u00e9terminer les causes de la mort d&rsquo;un \u00e9tudiant en m\u00e9decine plusieurs jours apr\u00e8s avoir \u00e9t\u00e9 vaccin\u00e9 contre le Covid-19 avec le vaccin AstraZeneca, a-t-on appris mardi aupr\u00e8s de l&rsquo;Agence r\u00e9gionale de Sant\u00e9 (ARS) des Pays de la Loire. \u00ab\u00a0Un signalement a \u00e9t\u00e9 effectu\u00e9 aupr\u00e8s de la pharmacovigilance et [&hellip;]<\/p>\n","protected":false},"author":1,"featured_media":9348,"comment_status":"open","ping_status":"closed","sticky":false,"template":"","format":"standard","meta":{"footnotes":""},"categories":[30],"tags":[1717,1716,1615],"class_list":["post-9347","post","type-post","status-publish","format-standard","has-post-thumbnail","hentry","category-actualite","tag-agence-nationale-de-securite-du-medicament","tag-astrazeneca-deces-etudiant","tag-vaccin-astrazeneca"],"aioseo_notices":[],"_links":{"self":[{"href":"https:\/\/www.culturalusa.com\/news\/wp-json\/wp\/v2\/posts\/9347","targetHints":{"allow":["GET"]}}],"collection":[{"href":"https:\/\/www.culturalusa.com\/news\/wp-json\/wp\/v2\/posts"}],"about":[{"href":"https:\/\/www.culturalusa.com\/news\/wp-json\/wp\/v2\/types\/post"}],"author":[{"embeddable":true,"href":"https:\/\/www.culturalusa.com\/news\/wp-json\/wp\/v2\/users\/1"}],"replies":[{"embeddable":true,"href":"https:\/\/www.culturalusa.com\/news\/wp-json\/wp\/v2\/comments?post=9347"}],"version-history":[{"count":0,"href":"https:\/\/www.culturalusa.com\/news\/wp-json\/wp\/v2\/posts\/9347\/revisions"}],"wp:featuredmedia":[{"embeddable":true,"href":"https:\/\/www.culturalusa.com\/news\/wp-json\/wp\/v2\/media\/9348"}],"wp:attachment":[{"href":"https:\/\/www.culturalusa.com\/news\/wp-json\/wp\/v2\/media?parent=9347"}],"wp:term":[{"taxonomy":"category","embeddable":true,"href":"https:\/\/www.culturalusa.com\/news\/wp-json\/wp\/v2\/categories?post=9347"},{"taxonomy":"post_tag","embeddable":true,"href":"https:\/\/www.culturalusa.com\/news\/wp-json\/wp\/v2\/tags?post=9347"}],"curies":[{"name":"wp","href":"https:\/\/api.w.org\/{rel}","templated":true}]}}