{"id":9350,"date":"2021-03-24T11:25:14","date_gmt":"2021-03-24T10:25:14","guid":{"rendered":"https:\/\/www.culturalusa.com\/news\/?p=9350"},"modified":"2021-03-24T11:28:58","modified_gmt":"2021-03-24T10:28:58","slug":"mosquee-gerald-darmanin-denonce-le-financement-dune-ingerence-etrangere","status":"publish","type":"post","link":"https:\/\/www.culturalusa.com\/news\/politique\/mosquee-gerald-darmanin-denonce-le-financement-dune-ingerence-etrangere\/","title":{"rendered":"Mosqu\u00e9e: G\u00e9rald Darmanin d\u00e9nonce le \u00ab\u00a0financement d&rsquo;une ing\u00e9rence \u00e9trang\u00e8re\u00a0\u00bb"},"content":{"rendered":"<p><strong>G\u00e9rald Darmanin a de nouveau accus\u00e9 la mairie de Strasbourg de \u00ab\u00a0financer une ing\u00e9rence \u00e9trang\u00e8re sur le sol\u00a0\u00bb fran\u00e7ais<\/strong> avec l&rsquo;adoption lundi d&rsquo;une subvention \u00e0 la construction d&rsquo;une <strong>mosqu\u00e9e<\/strong> soutenue par une association pro-turque.<\/p>\n<p>Invit\u00e9 de RMC\/BFMTV, le <strong>ministre de l&rsquo;Int\u00e9rieur<\/strong> s&rsquo;est inscrit en faux contre des d\u00e9clarations de la maire EELV de Strasbourg, Jeanne Barseghian, assurant que M. Darmanin ne l&rsquo;avait pas pr\u00e9venue de ses r\u00e9ticences \u00e0 l&rsquo;\u00e9gard de la f\u00e9d\u00e9ration Mill\u00ee G\u00f6r\u00fcs.<\/p>\n<blockquote><p>\u00ab\u00a0J&rsquo;ai eu l&rsquo;occasion de dire \u00e0 la maire de Strasbourg (&#8230;) que nous ne trouvions pas \u00e7a pour le moins amical avec les int\u00e9r\u00eats fran\u00e7ais\u00a0\u00bb, a-t-il assur\u00e9, expliquant que \u00ab\u00a0cette f\u00e9d\u00e9ration pro-turque n&rsquo;a pas voulu signer la charte des valeurs de la R\u00e9publique\u00a0\u00bb.<\/p><\/blockquote>\n<h3>\u00ab\u00a0Nous consid\u00e9rons, nous, que cette association, n&rsquo;est plus capable d&rsquo;\u00eatre dans le monde repr\u00e9sentatif de l&rsquo;islam de France\u00a0\u00bb, a poursuivi M. Darmanin.<\/h3>\n<p>Ces d\u00e9clarations de M. Darmanin interviennent apr\u00e8s que le pr\u00e9sident Emmanuel Macron a mis en garde mardi sur France 5 contre des tentatives d&rsquo;ing\u00e9rence de la part de la Turquie lors de la prochaine \u00e9lection pr\u00e9sidentielle.<\/p>\n<blockquote><p>Le ministre a affirm\u00e9 qu&rsquo;il y avait \u00ab\u00a0particuli\u00e8rement \u00e0 Strasbourg (&#8230;) des tentatives d&rsquo;ing\u00e9rence extr\u00eamement fortes dans notre pays, de la part notamment de la Turquie\u00a0\u00bb.<\/p><\/blockquote>\n<p>\u00ab\u00a0Nous avons un certain nombre d&rsquo;indices montrant que le gouvernement turc souhaite s&rsquo;ing\u00e9rer dans les histoires fran\u00e7aises et notamment religieuses\u00a0\u00bb, a-t-il dit.<\/p>\n<h3>\u00ab\u00a0Nous consid\u00e9rons que cette collectivit\u00e9 (la mairie de Strasbourg) n&rsquo;aurait pas d\u00fb financer une ing\u00e9rence \u00e9trang\u00e8re sur notre sol\u00a0\u00bb, a martel\u00e9 le ministre.<\/h3>\n<p>Le ministre a fait valoir que Mill\u00ee G\u00f6r\u00fcs avait, selon ses \u00ab\u00a0informations\u00a0\u00bb, \u00ab\u00a0cherch\u00e9 de l&rsquo;argent ailleurs, notamment au Qatar\u00a0\u00bb.<\/p>\n<p>Pour lui, avec cette f\u00e9d\u00e9ration , \u00ab\u00a0il a une ing\u00e9rence nationaliste\u00a0\u00bb. \u00ab\u00a0Nous consid\u00e9rons, nous, que nous ne pouvons plus traiter avec ces associations qui sont contre les valeurs\u00a0\u00bb de la R\u00e9publique, a-t-il insist\u00e9 en soulignant que d&rsquo;autres f\u00e9d\u00e9rations du CFCM avaient \u00e9galement refus\u00e9 de signer la charte de la R\u00e9publique. (AFP)<\/p>\n","protected":false},"excerpt":{"rendered":"<p>G\u00e9rald Darmanin a de nouveau accus\u00e9 la mairie de Strasbourg de \u00ab\u00a0financer une ing\u00e9rence \u00e9trang\u00e8re sur le sol\u00a0\u00bb fran\u00e7ais avec l&rsquo;adoption lundi d&rsquo;une subvention \u00e0 la construction d&rsquo;une mosqu\u00e9e soutenue par une association pro-turque. Invit\u00e9 de RMC\/BFMTV, le ministre de l&rsquo;Int\u00e9rieur s&rsquo;est inscrit en faux contre des d\u00e9clarations de la maire EELV de Strasbourg, Jeanne [&hellip;]<\/p>\n","protected":false},"author":1,"featured_media":9351,"comment_status":"open","ping_status":"closed","sticky":false,"template":"","format":"standard","meta":{"footnotes":""},"categories":[1494],"tags":[1282,1080,1718,1719],"class_list":["post-9350","post","type-post","status-publish","format-standard","has-post-thumbnail","hentry","category-politique","tag-gerald-darmanin","tag-islam","tag-mosquee","tag-strasbourg"],"aioseo_notices":[],"_links":{"self":[{"href":"https:\/\/www.culturalusa.com\/news\/wp-json\/wp\/v2\/posts\/9350","targetHints":{"allow":["GET"]}}],"collection":[{"href":"https:\/\/www.culturalusa.com\/news\/wp-json\/wp\/v2\/posts"}],"about":[{"href":"https:\/\/www.culturalusa.com\/news\/wp-json\/wp\/v2\/types\/post"}],"author":[{"embeddable":true,"href":"https:\/\/www.culturalusa.com\/news\/wp-json\/wp\/v2\/users\/1"}],"replies":[{"embeddable":true,"href":"https:\/\/www.culturalusa.com\/news\/wp-json\/wp\/v2\/comments?post=9350"}],"version-history":[{"count":0,"href":"https:\/\/www.culturalusa.com\/news\/wp-json\/wp\/v2\/posts\/9350\/revisions"}],"wp:featuredmedia":[{"embeddable":true,"href":"https:\/\/www.culturalusa.com\/news\/wp-json\/wp\/v2\/media\/9351"}],"wp:attachment":[{"href":"https:\/\/www.culturalusa.com\/news\/wp-json\/wp\/v2\/media?parent=9350"}],"wp:term":[{"taxonomy":"category","embeddable":true,"href":"https:\/\/www.culturalusa.com\/news\/wp-json\/wp\/v2\/categories?post=9350"},{"taxonomy":"post_tag","embeddable":true,"href":"https:\/\/www.culturalusa.com\/news\/wp-json\/wp\/v2\/tags?post=9350"}],"curies":[{"name":"wp","href":"https:\/\/api.w.org\/{rel}","templated":true}]}}