{"id":9355,"date":"2021-03-26T11:26:15","date_gmt":"2021-03-26T10:26:15","guid":{"rendered":"https:\/\/www.culturalusa.com\/news\/?p=9355"},"modified":"2021-03-26T11:26:15","modified_gmt":"2021-03-26T10:26:15","slug":"le-soutien-a-leconomie-francaise-devraient-couter-32-milliards-deuros-en-2021","status":"publish","type":"post","link":"https:\/\/www.culturalusa.com\/news\/economie\/le-soutien-a-leconomie-francaise-devraient-couter-32-milliards-deuros-en-2021\/","title":{"rendered":"Le soutien \u00e0 l&rsquo;\u00e9conomie fran\u00e7aise devraient co\u00fbter 32 milliards d&rsquo;euros en 2021"},"content":{"rendered":"<p><strong>France: l&rsquo;Etat devrait d\u00e9penser environ 32 milliards d&rsquo;euros pour soutenir l&rsquo;\u00e9conomie en 2021<\/strong>, apr\u00e8s une ann\u00e9e 2020 qui a vu le d\u00e9ficit et la dette atteindre des niveaux \u00ab\u00a0historiques\u00a0\u00bb, indique le ministre des Comptes publics Olivier Dussopt vendredi dans un entretien \u00e0 l&rsquo;AFP.<\/p>\n<blockquote><p>Le co\u00fbt du prolongement des mesures d&rsquo;urgences \u00e0 la date actuelle, \u00ab\u00a0nous estimons qu&rsquo;il d\u00e9passera les 30 milliards d&rsquo;euros, autour de 32 milliards d&rsquo;euros, avec 18 milliards pour le fonds de solidarit\u00e9, 11 milliards pour l&rsquo;activit\u00e9 partielle et environ 3,5 \u00e0 4 milliards d&rsquo;euros pour les exon\u00e9rations de cotisations sociales\u00a0\u00bb, a affirm\u00e9 le ministre.<\/p><\/blockquote>\n<h3>\u00ab\u00a0Nous l&rsquo;avons dit, nous continuerons \u00e0 aider les Fran\u00e7ais et les entreprises aussi longtemps que l&rsquo;activit\u00e9 sera emp\u00each\u00e9e\u00a0\u00bb, a-t-il ajout\u00e9.<\/h3>\n<p>L&rsquo;an dernier l&rsquo;Etat a d\u00e9pens\u00e9 47 milliards pour ces aides: plus de 16 milliards pour le fonds de solidarit\u00e9, environ 27 milliards pour l&rsquo;activit\u00e9 partielle (dont une partie assum\u00e9e par l&rsquo;Un\u00e9dic) et 4 milliards d&rsquo;euros d&rsquo;exon\u00e9rations de cotisations.<\/p>\n<p>La crise sanitaire et \u00e9conomique a d\u00e9j\u00e0 grev\u00e9 les finances publiques l&rsquo;an dernier. Le d\u00e9ficit public a atteint 9,2% du produit int\u00e9rieur brut (PIB) et la dette s&rsquo;est envol\u00e9e \u00e0 115,7%, a indiqu\u00e9 l&rsquo;Insee vendredi.<\/p>\n<h3>\u00ab\u00a0Les chiffres sont \u00e0 la fois historiques et encourageants\u00a0\u00bb, a r\u00e9agi Olivier Dussopt.<\/h3>\n<p>\u00ab\u00a0Historiques, parce que le d\u00e9ficit de l&rsquo;ann\u00e9e 2020 est le plus important que la France ait connu dans la p\u00e9riode contemporaine, et encourageants car il est moins important que ce que nous avions imagin\u00e9\u00a0\u00bb, a-t-il ajout\u00e9.<\/p>\n<p>Il s&rsquo;est dit aussi \u00ab\u00a0optimiste sur la capacit\u00e9 de rebond de l&rsquo;\u00e9conomie fran\u00e7aise\u00a0\u00bb, gr\u00e2ce \u00e0 sa bonne r\u00e9sistance en fin d&rsquo;ann\u00e9e 2020, malgr\u00e9 les restrictions sanitaires, et gr\u00e2ce au plan de relance de 100 milliards d&rsquo;euros d\u00e9cid\u00e9 par le gouvernement. (AFP)<\/p>\n","protected":false},"excerpt":{"rendered":"<p>France: l&rsquo;Etat devrait d\u00e9penser environ 32 milliards d&rsquo;euros pour soutenir l&rsquo;\u00e9conomie en 2021, apr\u00e8s une ann\u00e9e 2020 qui a vu le d\u00e9ficit et la dette atteindre des niveaux \u00ab\u00a0historiques\u00a0\u00bb, indique le ministre des Comptes publics Olivier Dussopt vendredi dans un entretien \u00e0 l&rsquo;AFP. Le co\u00fbt du prolongement des mesures d&rsquo;urgences \u00e0 la date actuelle, \u00ab\u00a0nous [&hellip;]<\/p>\n","protected":false},"author":1,"featured_media":9024,"comment_status":"open","ping_status":"closed","sticky":false,"template":"","format":"standard","meta":{"footnotes":""},"categories":[1],"tags":[1720,1721,1247],"class_list":["post-9355","post","type-post","status-publish","format-standard","has-post-thumbnail","hentry","category-economie","tag-economie-en-2021","tag-economie-francaise","tag-economie-france"],"aioseo_notices":[],"_links":{"self":[{"href":"https:\/\/www.culturalusa.com\/news\/wp-json\/wp\/v2\/posts\/9355","targetHints":{"allow":["GET"]}}],"collection":[{"href":"https:\/\/www.culturalusa.com\/news\/wp-json\/wp\/v2\/posts"}],"about":[{"href":"https:\/\/www.culturalusa.com\/news\/wp-json\/wp\/v2\/types\/post"}],"author":[{"embeddable":true,"href":"https:\/\/www.culturalusa.com\/news\/wp-json\/wp\/v2\/users\/1"}],"replies":[{"embeddable":true,"href":"https:\/\/www.culturalusa.com\/news\/wp-json\/wp\/v2\/comments?post=9355"}],"version-history":[{"count":0,"href":"https:\/\/www.culturalusa.com\/news\/wp-json\/wp\/v2\/posts\/9355\/revisions"}],"wp:featuredmedia":[{"embeddable":true,"href":"https:\/\/www.culturalusa.com\/news\/wp-json\/wp\/v2\/media\/9024"}],"wp:attachment":[{"href":"https:\/\/www.culturalusa.com\/news\/wp-json\/wp\/v2\/media?parent=9355"}],"wp:term":[{"taxonomy":"category","embeddable":true,"href":"https:\/\/www.culturalusa.com\/news\/wp-json\/wp\/v2\/categories?post=9355"},{"taxonomy":"post_tag","embeddable":true,"href":"https:\/\/www.culturalusa.com\/news\/wp-json\/wp\/v2\/tags?post=9355"}],"curies":[{"name":"wp","href":"https:\/\/api.w.org\/{rel}","templated":true}]}}