{"id":9357,"date":"2021-03-26T11:49:43","date_gmt":"2021-03-26T10:49:43","guid":{"rendered":"https:\/\/www.culturalusa.com\/news\/?p=9357"},"modified":"2021-03-26T11:52:48","modified_gmt":"2021-03-26T10:52:48","slug":"lunion-europeenne-hausse-le-ton-face-a-astrazeneca-biden-double-son-objectif-de-vaccinations","status":"publish","type":"post","link":"https:\/\/www.culturalusa.com\/news\/actualite\/lunion-europeenne-hausse-le-ton-face-a-astrazeneca-biden-double-son-objectif-de-vaccinations\/","title":{"rendered":"L&rsquo;Union Europ\u00e9enne hausse le ton face \u00e0 AstraZeneca, Biden double son objectif de vaccinations"},"content":{"rendered":"<p><strong>L&rsquo;UE face \u00e0 des probl\u00e8mes de livraisons de vaccins au coeur d&rsquo;un vif diff\u00e9rend entre Bruxelles et Londres<\/strong>, s&rsquo;est dite pr\u00eate \u00e0 bloquer les exportations d&rsquo;AstraZeneca, lors d&rsquo;un sommet virtuel auquel a particip\u00e9 le pr\u00e9sident am\u00e9ricain Joe Biden qui a annonc\u00e9 doubler son objectif de vaccinations.<\/p>\n<blockquote><p>Pour am\u00e9liorer l&rsquo;acc\u00e8s aux flacons, alors qu&rsquo;une troisi\u00e8me vague \u00e9pid\u00e9mique d\u00e9ferle sur l&rsquo;Europe, la Commission europ\u00e9enne a renforc\u00e9 son m\u00e9canisme de contr\u00f4le des exportations pour les restreindre drastiquement vers les pays qui en produisent ou dont la population est d\u00e9j\u00e0 largement vaccin\u00e9e.<\/p><\/blockquote>\n<p>Le m\u00e9canisme a d\u00e9clench\u00e9 l&rsquo;ire du Royaume-Uni, premier destinataire des doses export\u00e9es hors du continent. M\u00eame si Londres et l&rsquo;UE se sont engag\u00e9s \u00e0 trouver une solution et pourraient parvenir \u00e0 un accord d\u00e8s samedi, croit savoir le Premier ministre n\u00e9erlandais Mark Rutte.<\/p>\n<p>Interrog\u00e9e \u00e0 l&rsquo;issue de la r\u00e9union des 27, la pr\u00e9sidente de l&rsquo;ex\u00e9cutif europ\u00e9en Ursula von der Leyen a pr\u00e9venu: le laboratoire su\u00e9do-britannique AstraZeneca, qui n&rsquo;a livr\u00e9 aux Vingt-Sept que 30 des 120 millions de doses promises au 1er trimestre, \u00ab\u00a0devra d&rsquo;abord rattraper son retard\u00a0\u00bb et honorer son contrat avant de pouvoir exporter hors du continent.<\/p>\n<h3>C&rsquo;est \u00ab\u00a0la fin de la na\u00efvet\u00e9\u00a0\u00bb, a jug\u00e9 le pr\u00e9sident fran\u00e7ais Emmanuel Macron devant la presse. \u00ab\u00a0Nous devons bloquer toutes les exportations aussi longtemps que des laboratoires ne respectent pas leurs engagements avec des Europ\u00e9ens\u00a0\u00bb, a-t-il soutenu.<\/h3>\n<p>L&rsquo;UE a export\u00e9 quelque 10 millions de doses, tous vaccins confondus, vers le Royaume-Uni, mais n&rsquo;a re\u00e7u en retour aucune dose produite outre-Manche &#8211; alors que le contrat sign\u00e9 par AstraZeneca pr\u00e9voyait la livraison de doses provenant de deux usines britanniques. L&rsquo;entreprise a expliqu\u00e9 que son contrat avec Londres l\u2019obligeait \u00e0 honorer en priorit\u00e9 les commandes britanniques.<\/p>\n<p>Selon un calcul de l&rsquo;assureur-cr\u00e9dit Euler Hermes, le retard de l&rsquo;UE dans son calendrier vaccinal, d\u00e9sormais de sept semaines, pourrait co\u00fbter \u00e0 son \u00e9conomie 123 milliards d&rsquo;euros en 2021.<\/p>\n<p>Dans leur d\u00e9claration finale, les Vingt-Sept soulignent qu'\u00a0\u00bbacc\u00e9l\u00e9rer la production, les livraisons et le d\u00e9ploiement des vaccins reste essentiel et urgent pour surmonter la crise\u00a0\u00bb, et que \u00ab\u00a0les efforts en ce sens doivent \u00eatre intensifi\u00e9s\u00a0\u00bb.<\/p>\n<p>Dans la soir\u00e9e, le pr\u00e9sident am\u00e9ricain <strong>Joe Biden<\/strong> s&rsquo;est joint \u00e0 la r\u00e9union virtuelle, peu apr\u00e8s sa premi\u00e8re conf\u00e9rence de presse \u00e0 la Maison Blanche. Il y a annonc\u00e9 doubler son objectif de vaccinations contre le Covid-19 pour les 100 premiers jours de son mandat, le portant \u00e0 200 millions d&rsquo;injections. <strong>\u00ab\u00a0Nous aurons proc\u00e9d\u00e9 \u00e0 200 millions d&rsquo;injections d&rsquo;ici mon centi\u00e8me jour en fonction\u00a0\u00bb<\/strong>, a-t-il promis.<\/p>\n<h3>Retard des vaccins Covax<\/h3>\n<p><span style=\"color: #800000;\"><strong>AstraZeneca, critiqu\u00e9 par le r\u00e9gulateur am\u00e9ricain pour lui avoir fourni des donn\u00e9es \u00ab\u00a0obsol\u00e8tes\u00a0\u00bb sur ses essais cliniques<\/strong><\/span>, a abaiss\u00e9 l&rsquo;efficacit\u00e9 de son vaccin \u00e0 76% contre les cas symptomatiques de la maladie, au lieu de 79% d\u00e9clar\u00e9s initialement.<\/p>\n<p>Le Danemark a lui prolong\u00e9 de trois semaines la suspension du vaccin AstraZeneca, pourtant d\u00e9clar\u00e9 \u00ab\u00a0s\u00fbr et efficace\u00a0\u00bb par le r\u00e9gulateur europ\u00e9en et l&rsquo;Organisation mondiale de la sant\u00e9 (OMS).<\/p>\n<p>Les autorit\u00e9s danoises ont besoin de \u00ab\u00a0plus de temps\u00a0\u00bb pour exclure enti\u00e8rement un lien entre quelques cas connus de caillots sanguins, rares mais graves, et la vaccination avec ce s\u00e9rum.<\/p>\n<p>Autre probl\u00e8me concernant AstraZeneca: les doses produites par le Serum Institute of India, \u00ab\u00a0qui devaient \u00eatre exp\u00e9di\u00e9es en mars et avril\u00a0\u00bb via le syst\u00e8me Covax d&rsquo;aide aux pays d\u00e9favoris\u00e9s, \u00ab\u00a0vont \u00eatre retard\u00e9es faute d&rsquo;avoir obtenu des licences d&rsquo;exportation\u00a0\u00bb de l&rsquo;Inde, qui fait face \u00e0 une demande locale accrue et un regain de contaminations, selon un porte-parole de l&rsquo;Alliance du Vaccin (Gavi). (AFP)<\/p>\n","protected":false},"excerpt":{"rendered":"<p>L&rsquo;UE face \u00e0 des probl\u00e8mes de livraisons de vaccins au coeur d&rsquo;un vif diff\u00e9rend entre Bruxelles et Londres, s&rsquo;est dite pr\u00eate \u00e0 bloquer les exportations d&rsquo;AstraZeneca, lors d&rsquo;un sommet virtuel auquel a particip\u00e9 le pr\u00e9sident am\u00e9ricain Joe Biden qui a annonc\u00e9 doubler son objectif de vaccinations. Pour am\u00e9liorer l&rsquo;acc\u00e8s aux flacons, alors qu&rsquo;une troisi\u00e8me vague [&hellip;]<\/p>\n","protected":false},"author":1,"featured_media":9358,"comment_status":"open","ping_status":"closed","sticky":false,"template":"","format":"standard","meta":{"footnotes":""},"categories":[30],"tags":[1336,1543,642,173,1722],"class_list":["post-9357","post","type-post","status-publish","format-standard","has-post-thumbnail","hentry","category-actualite","tag-astrazeneca","tag-campagne-de-vaccination","tag-emmanuel-macron","tag-union-europeenne","tag-vaccin-covax"],"aioseo_notices":[],"_links":{"self":[{"href":"https:\/\/www.culturalusa.com\/news\/wp-json\/wp\/v2\/posts\/9357","targetHints":{"allow":["GET"]}}],"collection":[{"href":"https:\/\/www.culturalusa.com\/news\/wp-json\/wp\/v2\/posts"}],"about":[{"href":"https:\/\/www.culturalusa.com\/news\/wp-json\/wp\/v2\/types\/post"}],"author":[{"embeddable":true,"href":"https:\/\/www.culturalusa.com\/news\/wp-json\/wp\/v2\/users\/1"}],"replies":[{"embeddable":true,"href":"https:\/\/www.culturalusa.com\/news\/wp-json\/wp\/v2\/comments?post=9357"}],"version-history":[{"count":0,"href":"https:\/\/www.culturalusa.com\/news\/wp-json\/wp\/v2\/posts\/9357\/revisions"}],"wp:featuredmedia":[{"embeddable":true,"href":"https:\/\/www.culturalusa.com\/news\/wp-json\/wp\/v2\/media\/9358"}],"wp:attachment":[{"href":"https:\/\/www.culturalusa.com\/news\/wp-json\/wp\/v2\/media?parent=9357"}],"wp:term":[{"taxonomy":"category","embeddable":true,"href":"https:\/\/www.culturalusa.com\/news\/wp-json\/wp\/v2\/categories?post=9357"},{"taxonomy":"post_tag","embeddable":true,"href":"https:\/\/www.culturalusa.com\/news\/wp-json\/wp\/v2\/tags?post=9357"}],"curies":[{"name":"wp","href":"https:\/\/api.w.org\/{rel}","templated":true}]}}