{"id":9362,"date":"2021-03-27T12:15:35","date_gmt":"2021-03-27T11:15:35","guid":{"rendered":"https:\/\/www.culturalusa.com\/news\/?p=9362"},"modified":"2021-03-27T12:21:38","modified_gmt":"2021-03-27T11:21:38","slug":"climat-les-ecologistes-dans-la-rue-le-texte-dans-lhemicycle-lundi","status":"publish","type":"post","link":"https:\/\/www.culturalusa.com\/news\/politique\/climat-les-ecologistes-dans-la-rue-le-texte-dans-lhemicycle-lundi\/","title":{"rendered":"Climat: les \u00e9cologistes dans la rue, le texte dans l&rsquo;h\u00e9micycle lundi"},"content":{"rendered":"<p><strong>Ils sont pour \u00ab\u00a0une vraie loi climat\u00a0\u00bb<\/strong>: tr\u00e8s critiques face au texte gouvernemental, des associations environnementales appellent \u00e0 manifester dimanche, \u00e0 la veille du coup d&rsquo;envoi des d\u00e9bats dans l&rsquo;h\u00e9micycle de l&rsquo;Assembl\u00e9e, o\u00f9 la majorit\u00e9 pr\u00e9sidentielle veut d\u00e9fendre un projet de loi \u00ab\u00a0d&rsquo;\u00e9quilibre\u00a0\u00bb et \u00ab\u00a0d&rsquo;\u00e9cologie du quotidien\u00a0\u00bb.<\/p>\n<blockquote><p>Difficile de mesurer l&rsquo;ampleur que prendront ces \u00ab\u00a0marches\u00a0\u00bb \u00e9cologistes dans le contexte sanitaire actuel, mais l&rsquo;appel de ces ONG et de membres de la Convention Citoyenne pour le climat vise \u00e0 mettre la pression, avant trois semaines de discussions agit\u00e9es au Palais Bourbon.<\/p><\/blockquote>\n<p>Les d\u00e9put\u00e9s ont d\u00e9pos\u00e9 plus de 7.000 amendements et la s\u00e9ance promet des temps forts avec des mesures \u00e2prement discut\u00e9es comme la suppression des vols int\u00e9rieurs en cas d&rsquo;alternatives de moins de 2 heures 30 en train, ou l&rsquo;interdiction de la mise en location des passoires thermiques en 2028 (F et G).<\/p>\n<p><strong>La droite, qui tente de b\u00e2tir son propre logiciel \u00e9cologique de \u00ab\u00a0terrain\u00a0\u00bb en vue de 2022<\/strong>, compte monter au cr\u00e9neau contre \u00ab\u00a0l&rsquo;\u00e9cologie punitive\u00a0\u00bb et la \u00ab\u00a0judiciarisation\u00a0\u00bb des enjeux environnementaux, en s&rsquo;opposant notamment au nouveau d\u00e9lit \u00ab\u00a0d&rsquo;\u00e9cocide\u00a0\u00bb.<\/p>\n<p>La gauche et des \u00e9lus \u00e9colos comme Delphine Batho et Matthieu Orphelin vont \u00e0 l&rsquo;inverse relayer la d\u00e9ception de la Convention citoyenne pour le climat dont les travaux ont inspir\u00e9 le projet de loi mais ont \u00e9t\u00e9 \u00ab\u00a0d\u00e9tricot\u00e9s\u00a0\u00bb selon eux.<\/p>\n<p>\u00ab\u00a0Oui, les d\u00e9bats seront anim\u00e9s et c&rsquo;est tant mieux, c&rsquo;est important\u00a0\u00bb au moment o\u00f9 \u00ab\u00a0la crise sanitaire prend le pas sur tout\u00a0\u00bb, rel\u00e8ve le rapporteur g\u00e9n\u00e9ral Jean-Ren\u00e9 Cazeneuve (LREM).<\/p>\n<h3>\u00a0\u00ab\u00a0Ecotaxe\u00a0\u00bb ?<\/h3>\n<p>En commission, les d\u00e9put\u00e9s ont renforc\u00e9 certaines mesures, comme le d\u00e9veloppement du vrac dans les grandes surfaces, et en ont \u00e9dulcor\u00e9 d&rsquo;autres, comme l&rsquo;article sugg\u00e9rant le d\u00e9veloppement de la consigne pour les bouteilles en verre qui suscite l&rsquo;inqui\u00e9tude des recycleurs et de la fili\u00e8re des spiritueux.<\/p>\n<h3>Plusieurs d\u00e9bats cl\u00e9s ont \u00e9t\u00e9 renvoy\u00e9s \u00e0 la s\u00e9ance, en attendant la remise de rapports et d&rsquo;\u00e9valuations. La majorit\u00e9 promet des \u00ab\u00a0avanc\u00e9es\u00a0\u00bb sur la r\u00e9novation thermique des logements avec une \u00ab\u00a0trajectoire financi\u00e8re\u00a0\u00bb et des mesures \u00ab\u00a0d&rsquo;accompagnement\u00a0\u00bb, dans la foul\u00e9e du r\u00e9cent rapport Sichel.<\/h3>\n<blockquote><p><span style=\"color: #800000;\">Le gouvernement propose un dispositif de garantie partielle de pr\u00eats<\/span> (dits \u00ab\u00a0avance mutation\u00a0\u00bb) pour faciliter l&rsquo;acc\u00e8s aux cr\u00e9dits des m\u00e9nages modestes qui souhaitent r\u00e9nover leur logement.<\/p><\/blockquote>\n<p><span style=\"color: #800000;\"><strong>Des mesures en faveur du v\u00e9lo<\/strong><\/span>, dont l&rsquo;\u00e9largissement de la prime \u00e0 la conversion, sont aussi attendues. Quant au volet publicit\u00e9, les d\u00e9put\u00e9s pourraient d\u00e9finir plus pr\u00e9cis\u00e9ment le \u00ab\u00a0greenwashing\u00a0\u00bb (verdissage) des entreprises, afin de mieux le sanctionner.<\/p>\n<p>Pour les menus v\u00e9g\u00e9tariens dans les cantines, sujet qui a fait r\u00e9cemment pol\u00e9mique, Matignon ne souhaite visiblement pas aller au-del\u00e0 de la simple \u00ab\u00a0exp\u00e9rimentation\u00a0\u00bb d&rsquo;un choix v\u00e9g\u00e9tarien quotidien dans les collectivit\u00e9s volontaires, pr\u00e9vue dans le texte, d&rsquo;apr\u00e8s des sources parlementaires.<\/p>\n<p>Au sein d&rsquo;une majorit\u00e9 tiraill\u00e9e entre son aile lib\u00e9rale et une frange plus \u00e9colo-compatible, la ministre de la Transition \u00e9cologique Barbara Pompili d\u00e9fend un chemin de \u00ab\u00a0cr\u00eate\u00a0\u00bb entre \u00ab\u00a0ambition\u00a0\u00bb \u00e9cologique et \u00ab\u00a0acceptabilit\u00e9 sociale\u00a0\u00bb.<\/p>\n<p>Les d\u00e9put\u00e9s LREM gardent en t\u00eate la crise des \u00ab\u00a0gilets jaunes\u00a0\u00bb, n\u00e9e d&rsquo;une taxe sur les carburants, ou la fronde des \u00ab\u00a0bonnets rouges\u00a0\u00bb contre l&rsquo;\u00e9cotaxe poids lourds, sous Fran\u00e7ois Hollande.<\/p>\n<p>Cette prudence \u00e9tait visible en commission sur des mesures sensibles comme la suppression progressive de l&rsquo;avantage fiscal du gazole des transporteurs routiers, \u00e0 l&rsquo;horizon 2030, ou la mise en place \u00e9ventuelle d&rsquo;une \u00e9cotaxe r\u00e9gionale pour les poids lourds dans les collectivit\u00e9s qui le souhaitent.<\/p>\n<p>Ce n&rsquo;est \u00ab\u00a0pas une \u00e9cotaxe\u00a0\u00bb, mais une \u00ab\u00a0contribution sp\u00e9cifique\u00a0\u00bb r\u00e9clam\u00e9e par certaines r\u00e9gions dans une logique de \u00ab\u00a0diff\u00e9renciation\u00a0\u00bb, insiste-t-on dans la majorit\u00e9, en listant les \u00ab\u00a0\u00e9tapes\u00a0\u00bb avant sa mise en \u0153uvre \u00e9ventuelle.<\/p>\n<p>Mais le \u00ab\u00a0sujet risque de monter\u00a0\u00bb, convient Marie Lebec, charg\u00e9e de faire respecter les \u00e9quilibres du groupe LREM sur ce texte et qui se r\u00e9jouit d&rsquo;un \u00ab\u00a0d\u00e9bat apais\u00e9\u00a0\u00bb jusqu&rsquo;ici.<\/p>\n<p>Outre le fond, le profil de Barbara Pompili, ex-EELV et \u00e0 l&rsquo;aile gauche de la majorit\u00e9 avec son parti En Commun, crispe certains marcheurs lib\u00e9raux. \u00ab\u00a0Je suis r\u00e9guli\u00e8rement inquiet, mais elle n&rsquo;a pas fait de coups de Trafalgar\u00a0\u00bb jusqu&rsquo;ici, glisse l&rsquo;un d&rsquo;eux. (AFP)<\/p>\n","protected":false},"excerpt":{"rendered":"<p>Ils sont pour \u00ab\u00a0une vraie loi climat\u00a0\u00bb: tr\u00e8s critiques face au texte gouvernemental, des associations environnementales appellent \u00e0 manifester dimanche, \u00e0 la veille du coup d&rsquo;envoi des d\u00e9bats dans l&rsquo;h\u00e9micycle de l&rsquo;Assembl\u00e9e, o\u00f9 la majorit\u00e9 pr\u00e9sidentielle veut d\u00e9fendre un projet de loi \u00ab\u00a0d&rsquo;\u00e9quilibre\u00a0\u00bb et \u00ab\u00a0d&rsquo;\u00e9cologie du quotidien\u00a0\u00bb. Difficile de mesurer l&rsquo;ampleur que prendront ces \u00ab\u00a0marches\u00a0\u00bb [&hellip;]<\/p>\n","protected":false},"author":1,"featured_media":8035,"comment_status":"open","ping_status":"closed","sticky":false,"template":"","format":"standard","meta":{"footnotes":""},"categories":[1494],"tags":[1724,208,976,1723,1661],"class_list":["post-9362","post","type-post","status-publish","format-standard","has-post-thumbnail","hentry","category-politique","tag-ecologistes","tag-climat","tag-ecologie","tag-ecotaxe","tag-loi-climat"],"aioseo_notices":[],"_links":{"self":[{"href":"https:\/\/www.culturalusa.com\/news\/wp-json\/wp\/v2\/posts\/9362","targetHints":{"allow":["GET"]}}],"collection":[{"href":"https:\/\/www.culturalusa.com\/news\/wp-json\/wp\/v2\/posts"}],"about":[{"href":"https:\/\/www.culturalusa.com\/news\/wp-json\/wp\/v2\/types\/post"}],"author":[{"embeddable":true,"href":"https:\/\/www.culturalusa.com\/news\/wp-json\/wp\/v2\/users\/1"}],"replies":[{"embeddable":true,"href":"https:\/\/www.culturalusa.com\/news\/wp-json\/wp\/v2\/comments?post=9362"}],"version-history":[{"count":0,"href":"https:\/\/www.culturalusa.com\/news\/wp-json\/wp\/v2\/posts\/9362\/revisions"}],"wp:featuredmedia":[{"embeddable":true,"href":"https:\/\/www.culturalusa.com\/news\/wp-json\/wp\/v2\/media\/8035"}],"wp:attachment":[{"href":"https:\/\/www.culturalusa.com\/news\/wp-json\/wp\/v2\/media?parent=9362"}],"wp:term":[{"taxonomy":"category","embeddable":true,"href":"https:\/\/www.culturalusa.com\/news\/wp-json\/wp\/v2\/categories?post=9362"},{"taxonomy":"post_tag","embeddable":true,"href":"https:\/\/www.culturalusa.com\/news\/wp-json\/wp\/v2\/tags?post=9362"}],"curies":[{"name":"wp","href":"https:\/\/api.w.org\/{rel}","templated":true}]}}