{"id":9380,"date":"2021-03-31T12:07:50","date_gmt":"2021-03-31T10:07:50","guid":{"rendered":"https:\/\/www.culturalusa.com\/news\/?p=9380"},"modified":"2021-03-31T12:07:50","modified_gmt":"2021-03-31T10:07:50","slug":"football-mondial-2022-julien-bayou-appelle-au-boycott","status":"publish","type":"post","link":"https:\/\/www.culturalusa.com\/news\/politique\/football-mondial-2022-julien-bayou-appelle-au-boycott\/","title":{"rendered":"Football: Mondial-2022, Julien Bayou appelle au boycott"},"content":{"rendered":"<p>Julien Bayou, Europe Ecologie Les Verts (EELV), a appel\u00e9 \u00e0 <strong>boycotter la Coupe du monde de football en 2022 au Qatar<\/strong>, pays \u00ab\u00a0<span style=\"color: #800000;\">soup\u00e7onn\u00e9 de financement du terrorisme<\/span>\u00ab\u00a0, si l&rsquo;on veut \u00eatre \u00ab\u00a0s\u00e9rieux\u00a0\u00bb dans <strong>\u00ab\u00a0<span style=\"color: #800000;\">la lutte contre l&rsquo;islam radical<\/span>\u00ab\u00a0<\/strong>.<\/p>\n<blockquote><p>\u00ab\u00a0Ce qui me surprend, c&rsquo;est que la majorit\u00e9 En marche accuse tout le monde d&rsquo;\u00eatre partisan de l&rsquo;islamisme et autres, mais quand il s&rsquo;agit d&rsquo;\u00eatre coh\u00e9rent et de dire non \u00e0 l&rsquo;Arabie saoudite, qui est responsable du d\u00e9membrement d&rsquo;un journaliste, Jamal Khashoggi, ou non au Qatar, accus\u00e9 de financement du terrorisme notamment en Somalie, eh bien l\u00e0 vive le sport et vive le business. Ce n&rsquo;est pas possible\u00a0\u00bb, a estim\u00e9 le secr\u00e9taire national d&rsquo;EELV, en r\u00e9pondant par l&rsquo;affirmative \u00e0 la n\u00e9cessit\u00e9 d&rsquo;un boycott.<\/p><\/blockquote>\n<p>\u00ab\u00a0Si on est s\u00e9rieux avec ces questions de la lutte contre l&rsquo;islam radical, le Qatar, partisan du wahhabisme, est aussi un des partisans de cette diss\u00e9mination, soup\u00e7onn\u00e9 par la Commission europ\u00e9enne de financement du terrorisme\u00a0\u00bb, a insist\u00e9 M. Bayou, par ailleurs t\u00eate de liste des \u00e9cologistes pour les \u00e9lections r\u00e9gionales en Ile-de-France.<\/p>\n<h3>Il a aussi rappel\u00e9 que plus de 6.500 travailleurs migrants sont morts au Qatar, selon le quotidien britannique The Guardian, depuis l&rsquo;attribution en 2010 du Mondial programm\u00e9 en novembre-d\u00e9cembre 2022.<\/h3>\n<p>Interrog\u00e9 sur BFMTV lundi, le maire EELV de Grenoble Eric Piolle avait aussi appel\u00e9 au boycott en jugeant que \u00ab\u00a0c&rsquo;est l&rsquo;occasion de montrer que le mouvement sportif n&rsquo;est pas hors du monde\u00a0\u00bb.<\/p>\n<p>L&rsquo;hypoth\u00e8se d&rsquo;un boycott de l&rsquo;\u00e9v\u00e9nement par certaines nations est revenu sur la table apr\u00e8s les informations du Guardian. Le football norv\u00e9gien examinera ainsi en juin cette possibilit\u00e9, pr\u00e9conis\u00e9e par certains clubs.<\/p>\n<blockquote><p>Et les s\u00e9lections allemande, n\u00e9erlandaise et danoise ont attir\u00e9 l&rsquo;attention ces derniers jours par des actions symboliques sur les atteintes pr\u00e9sum\u00e9es aux droits humains dans le pays.<\/p><\/blockquote>\n<p>En France, le pr\u00e9sident de la F\u00e9d\u00e9ration No\u00ebl Le Gra\u00ebt avait, lui, \u00e9vacu\u00e9 d\u00e9but mars aupr\u00e8s de l&rsquo;AFP l&rsquo;hypoth\u00e8se d&rsquo;un boycott en assurant que l&rsquo;\u00e9quipe nationale \u00ab\u00a0ira au Qatar si elle se qualifie\u00a0\u00bb pour le Mondial-2022.<\/p>\n<p>Dans les rangs des politiques, sans aller jusqu&rsquo;\u00e0 appeler \u00e0 un boycott, le num\u00e9ro deux du Rassemblement national Jordan Bardella s&rsquo;est dit mi-mars \u00ab\u00a0extr\u00eamement mal \u00e0 l&rsquo;aise\u00a0\u00bb face \u00e0 la tenue du Mondial au Qatar, un pays qui \u00ab\u00a0pr\u00f4ne une lecture extr\u00eamement radicale de l&rsquo;islam politique\u00a0\u00bb. (AFP)<\/p>\n","protected":false},"excerpt":{"rendered":"<p>Julien Bayou, Europe Ecologie Les Verts (EELV), a appel\u00e9 \u00e0 boycotter la Coupe du monde de football en 2022 au Qatar, pays \u00ab\u00a0soup\u00e7onn\u00e9 de financement du terrorisme\u00ab\u00a0, si l&rsquo;on veut \u00eatre \u00ab\u00a0s\u00e9rieux\u00a0\u00bb dans \u00ab\u00a0la lutte contre l&rsquo;islam radical\u00ab\u00a0. \u00ab\u00a0Ce qui me surprend, c&rsquo;est que la majorit\u00e9 En marche accuse tout le monde d&rsquo;\u00eatre partisan de [&hellip;]<\/p>\n","protected":false},"author":1,"featured_media":9381,"comment_status":"open","ping_status":"closed","sticky":false,"template":"","format":"standard","meta":{"footnotes":""},"categories":[1494],"tags":[1729,1388,1731,1730,265],"class_list":["post-9380","post","type-post","status-publish","format-standard","has-post-thumbnail","hentry","category-politique","tag-europe-ecologie-les-verts","tag-islam-radical","tag-julien-bayou","tag-mondial-2022-football","tag-qatar"],"aioseo_notices":[],"_links":{"self":[{"href":"https:\/\/www.culturalusa.com\/news\/wp-json\/wp\/v2\/posts\/9380","targetHints":{"allow":["GET"]}}],"collection":[{"href":"https:\/\/www.culturalusa.com\/news\/wp-json\/wp\/v2\/posts"}],"about":[{"href":"https:\/\/www.culturalusa.com\/news\/wp-json\/wp\/v2\/types\/post"}],"author":[{"embeddable":true,"href":"https:\/\/www.culturalusa.com\/news\/wp-json\/wp\/v2\/users\/1"}],"replies":[{"embeddable":true,"href":"https:\/\/www.culturalusa.com\/news\/wp-json\/wp\/v2\/comments?post=9380"}],"version-history":[{"count":0,"href":"https:\/\/www.culturalusa.com\/news\/wp-json\/wp\/v2\/posts\/9380\/revisions"}],"wp:featuredmedia":[{"embeddable":true,"href":"https:\/\/www.culturalusa.com\/news\/wp-json\/wp\/v2\/media\/9381"}],"wp:attachment":[{"href":"https:\/\/www.culturalusa.com\/news\/wp-json\/wp\/v2\/media?parent=9380"}],"wp:term":[{"taxonomy":"category","embeddable":true,"href":"https:\/\/www.culturalusa.com\/news\/wp-json\/wp\/v2\/categories?post=9380"},{"taxonomy":"post_tag","embeddable":true,"href":"https:\/\/www.culturalusa.com\/news\/wp-json\/wp\/v2\/tags?post=9380"}],"curies":[{"name":"wp","href":"https:\/\/api.w.org\/{rel}","templated":true}]}}