{"id":9383,"date":"2021-04-01T11:30:00","date_gmt":"2021-04-01T09:30:00","guid":{"rendered":"https:\/\/www.culturalusa.com\/news\/?p=9383"},"modified":"2021-04-01T11:37:28","modified_gmt":"2021-04-01T09:37:28","slug":"emmanuel-macron-durcit-les-restrictions-mais-laisse-entrevoir-le-retour-a-la-vie-normale","status":"publish","type":"post","link":"https:\/\/www.culturalusa.com\/news\/actualite\/emmanuel-macron-durcit-les-restrictions-mais-laisse-entrevoir-le-retour-a-la-vie-normale\/","title":{"rendered":"Emmanuel Macron durcit les restrictions mais laisse entrevoir le retour \u00e0 la vie normale"},"content":{"rendered":"<p>Fermeture des \u00e9coles pour trois \u00e0 quatre semaines, extension des restrictions \u00e0 toute la m\u00e9tropole, d\u00e9placements limit\u00e9s: Emmanuel Macron a annonc\u00e9 mercredi un nouveau tour de vis face \u00e0 l&rsquo;\u00e9pid\u00e9mie du Covid-19, appelant les Fran\u00e7ais \u00e0 \u00ab\u00a0fournir un effort suppl\u00e9mentaire\u00a0\u00bb mais sans confinement strict.<\/p>\n<blockquote><p>Gr\u00e2ce \u00e0 cette \u00ab\u00a0mobilisation de chacun en avril\u00a0\u00bb, le chef de l&rsquo;Etat a promis la r\u00e9ouverture de certains lieux de culture et des terrasses de bars et de restaurants \u00e0 partir de la mi-mai.<\/p><\/blockquote>\n<p>Ce retour esp\u00e9r\u00e9 \u00e0 la normale sera rendu possible gr\u00e2ce \u00e0 une acc\u00e9l\u00e9ration de la campagne de vaccination. Et notamment son \u00e9largissement \u00e0 toutes les personnes \u00e2g\u00e9es de plus de 60 ans le 16 avril, puis \u00e0 toutes celles de plus de 50 ans le 15 mai et enfin tous les moins de 50 ans \u00e0 partir de la mi-juin.<\/p>\n<p><span style=\"color: #800000;\"><strong>\u00ab\u00a0Le succ\u00e8s de cette strat\u00e9gie d\u00e9pend de chacun d&rsquo;entre nous, de notre esprit de responsabilit\u00e9\u00a0\u00bb<\/strong><\/span>, a insist\u00e9 Emmanuel Macron lors de cette allocution t\u00e9l\u00e9vis\u00e9e de 24 minutes, annonc\u00e9e le matin m\u00eame alors que la situation sanitaire se d\u00e9grade depuis plusieurs semaines.<\/p>\n<h3>L&rsquo;annonce la plus forte est la fermeture des cr\u00e8ches, \u00e9coles, coll\u00e8ges et lyc\u00e9es pendant trois \u00e0 quatre semaines alors que l&rsquo;ex\u00e9cutif avait fait de la poursuite de l&rsquo;ouverture des \u00e9tablissements scolaires le \u00ab\u00a0totem\u00a0\u00bb de sa strat\u00e9gie.<\/h3>\n<p>Dans les faits, les \u00e9l\u00e8ves suivront, au lendemain du week-end de P\u00e2ques, les cours \u00e0 distance, avant deux semaines de vacances \u00e0 partir du 12 avril, pour toutes les zones. La rentr\u00e9e est fix\u00e9e pour tous le 26 avril en physique pour les \u00e9coles et en distanciel pour coll\u00e8ges et lyc\u00e9es.<\/p>\n<blockquote><p>\u00ab\u00a0Je sais que cette r\u00e9organisation implique de changements profonds pour les parents d&rsquo;\u00e9l\u00e8ves et pour les familles, mais c&rsquo;est la solution la plus adapt\u00e9e pour freiner le virus, tout en pr\u00e9servant l&rsquo;\u00e9ducation et donc l&rsquo;avenir de nos enfants\u00a0\u00bb, a plaid\u00e9 le chef de l&rsquo;Etat.<\/p><\/blockquote>\n<p>Ces derniers jours, les appels \u00e0 la fermeture des \u00e9coles, \u00ab\u00a0des lieux majeurs de la contamination\u00a0\u00bb selon le Pr Antoine Flahault, directeur de l&rsquo;Institut de sant\u00e9 globale de l&rsquo;universit\u00e9 de Gen\u00e8ve, se sont multipli\u00e9s dans le milieu \u00e9ducatif et la classe politique.<\/p>\n<p>La maire socialiste de Paris Anne Hidalgo avait demand\u00e9 dans la matin\u00e9e la fermeture des \u00e9coles dans la capitale au vu de la situation sanitaire \u00ab\u00a0tr\u00e8s grave\u00a0\u00bb et de la \u00ab\u00a0d\u00e9sorganisation tr\u00e8s grande\u00a0\u00bb dans les \u00e9tablissements.<\/p>\n<h3>Tol\u00e9rance pour P\u00e2ques<\/h3>\n<p>Emmanuel Macron a par ailleurs annonc\u00e9 que les restrictions en vigueur depuis la mi-mars dans 19 d\u00e9partements &#8211; dont tous ceux d&rsquo;Ile-de-France et des Hauts-de-France &#8211; seront \u00e9tendues \u00e0 l&rsquo;ensemble du territoire pour quatre semaines \u00e0 partir de samedi. Seront ainsi ferm\u00e9s partout les commerces non-essentiels, notamment d&rsquo;habillement, et les d\u00e9placements seront limit\u00e9s \u00e0 10 km.<\/p>\n<p>Mais il sera possible de changer de r\u00e9gion \u00ab\u00a0pour aller s&rsquo;isoler durant ce week-end de P\u00e2ques\u00a0\u00bb et les \u00ab\u00a0Fran\u00e7ais de l&rsquo;\u00e9tranger qui veulent rentrer en France pourront aussi le faire \u00e0 tout moment\u00a0\u00bb, a-t-il pr\u00e9cis\u00e9.<\/p>\n<p>D\u00e9j\u00e0 fortement encourag\u00e9, le t\u00e9l\u00e9travail sera \u00ab\u00a0syst\u00e9matis\u00e9\u00a0\u00bb, a ajout\u00e9 le pr\u00e9sident. \u00ab\u00a0Les parents qui devront garder leurs enfants et ne peuvent pas t\u00e9l\u00e9travailler auront droit au ch\u00f4mage partiel\u00a0\u00bb, selon le chef de l&rsquo;Etat.<\/p>\n<p>Emmanuel Macron a voulu donner un message d&rsquo;espoir apr\u00e8s un mois d&rsquo;avril difficile. \u00ab\u00a0D\u00e8s la mi-mai, nous recommencerons \u00e0 ouvrir avec des r\u00e8gles strictes, certains lieux de culture, nous autoriserons sous conditions l&rsquo;ouverture de terrasses et nous allons b\u00e2tir entre la mi-mai et le d\u00e9but de l&rsquo;\u00e9t\u00e9, un calendrier de r\u00e9ouverture progressive pour la culture, le sport, les loisirs, l&rsquo;\u00e9v\u00e9nementiel et nos caf\u00e9s et restaurants\u00a0\u00bb, a-t-il annonc\u00e9. Un horizon qui devrait donner du baume au coeur des restaurateurs, qui ont ferm\u00e9 leurs \u00e9tablissements depuis six mois.<\/p>\n<p>\u00ab\u00a0Je sais qu&rsquo;il y a beaucoup de lassitude, de fatigue (&#8230;) et c&rsquo;est bien normal\u00a0\u00bb, a-t-il relev\u00e9.<br \/>\n<img decoding=\"async\" class=\"alignright\" src=\"https:\/\/www.culturalusa.com\/news\/wp-content\/uploads\/2021\/04\/macron-31-03-2021.jpg\" alt=\"\" style=\"width:450px; height:539px;\" \/><\/p>\n<h3>\u00ab\u00a0Des erreurs\u00a0\u00bb<\/h3>\n<p>Sous la pression de critiques crescendo de nombreux m\u00e9decins et des oppositions, <strong>Emmanuel Macron a admis avoir \u00ab\u00a0commis des erreurs\u00a0\u00bb dans la gestion de la crise<\/strong>, apr\u00e8s avoir refus\u00e9 tout \u00ab\u00a0mea culpa\u00a0\u00bb pour avoir d\u00e9cid\u00e9 fin janvier de ne pas reconfiner.<\/p>\n<p>\u00ab\u00a0A chaque \u00e9tape de cette \u00e9pid\u00e9mie, nous pourrions nous dire que nous aurions pu faire mieux, que nous avons commis des erreurs. Tout cela est vrai\u00a0\u00bb, a-t-il reconnu. \u00ab\u00a0Mais je sais une chose: nous avons tenu, nous avons appris, et nous nous sommes \u00e0 chaque fois am\u00e9lior\u00e9\u00a0\u00bb.<\/p>\n<p>Le Premier ministre Jean Castex d\u00e9fendra jeudi ces mesures et apportera des pr\u00e9cisions en s&rsquo;adressant aux deux chambres du Parlement, avant un d\u00e9bat suivi d&rsquo;un vote.<\/p>\n<p>Plus que jamais, Emmanuel Macron compte sur une arriv\u00e9e massive de vaccins en avril pour surmonter la crise, en suivant l&rsquo;exemple du Royaume-Uni qui commence \u00e0 retrouver une vie normale. L&rsquo;objectif d&rsquo;avoir vaccin\u00e9 tous les adultes d&rsquo;ici \u00e0 la fin de l&rsquo;\u00e9t\u00e9 est confirm\u00e9.<\/p>\n<p>En outre, pour les professions les plus expos\u00e9es, en particulier les enseignants et les forces de l&rsquo;ordre, une \u00ab\u00a0strat\u00e9gie de vaccination sp\u00e9cifique\u00a0\u00bb sera mise en place.<\/p>\n<p>Pour cette acc\u00e9l\u00e9ration, le gouvernement peut s&rsquo;appuyer sur l&rsquo;arriv\u00e9e du quatri\u00e8me vaccin, celui Johnson &amp; Johnson, dont environ huit millions de doses du vaccin Covid-19 seront livr\u00e9es d&rsquo;ici \u00e0 fin juin, dont 500.000 doses en avril, a indiqu\u00e9 le minist\u00e8re de la Sant\u00e9.<\/p>\n<p>Jusqu&rsquo;\u00e0 pr\u00e9sent, quelque 8,2 millions de premi\u00e8res doses et 2,8 millions de secondes ont \u00e9t\u00e9 inject\u00e9es en France.<\/p>\n<p>Emmanuel Macron a par ailleurs promis des \u00ab\u00a0renforts suppl\u00e9mentaires\u00a0\u00bb en r\u00e9animation pour faire face \u00e0 l&rsquo;afflux de malades graves du Covid-19 et passer \u00ab\u00a0dans les prochains jours\u00a0\u00bb \u00e0 plus de 10.000 lits, contre 7.665 actuellement.<\/p>\n<p>Parmi les premi\u00e8res r\u00e9actions politiques, Marine Le Pen a jug\u00e9 que \u00ab\u00a0les mesures annonc\u00e9es par Macron r\u00e9sultent notamment d&rsquo;un Waterloo vaccinal dont il n\u2019assume pas la responsabilit\u00e9\u00a0\u00bb. C&rsquo;est \u00ab\u00a0le en m\u00eame temps\u00a0\u00bb \u00e0 son paroxysme, a critiqu\u00e9 Guillaume Peltier, num\u00e9ro deux de LR: \u00ab\u00a0confiner sans confiner, fermer les \u00e9coles sans les fermer, gagner la bataille de la vaccination mais sans vaccin, soutenir nos soignants mais sans moyen\u00a0\u00bb. (AFP)<\/p>\n","protected":false},"excerpt":{"rendered":"<p>Fermeture des \u00e9coles pour trois \u00e0 quatre semaines, extension des restrictions \u00e0 toute la m\u00e9tropole, d\u00e9placements limit\u00e9s: Emmanuel Macron a annonc\u00e9 mercredi un nouveau tour de vis face \u00e0 l&rsquo;\u00e9pid\u00e9mie du Covid-19, appelant les Fran\u00e7ais \u00e0 \u00ab\u00a0fournir un effort suppl\u00e9mentaire\u00a0\u00bb mais sans confinement strict. Gr\u00e2ce \u00e0 cette \u00ab\u00a0mobilisation de chacun en avril\u00a0\u00bb, le chef de [&hellip;]<\/p>\n","protected":false},"author":1,"featured_media":9384,"comment_status":"open","ping_status":"closed","sticky":false,"template":"","format":"standard","meta":{"footnotes":""},"categories":[30],"tags":[1415,642,1732],"class_list":["post-9383","post","type-post","status-publish","format-standard","has-post-thumbnail","hentry","category-actualite","tag-couvre-feu","tag-emmanuel-macron","tag-fermeture-des-ecoles"],"aioseo_notices":[],"_links":{"self":[{"href":"https:\/\/www.culturalusa.com\/news\/wp-json\/wp\/v2\/posts\/9383","targetHints":{"allow":["GET"]}}],"collection":[{"href":"https:\/\/www.culturalusa.com\/news\/wp-json\/wp\/v2\/posts"}],"about":[{"href":"https:\/\/www.culturalusa.com\/news\/wp-json\/wp\/v2\/types\/post"}],"author":[{"embeddable":true,"href":"https:\/\/www.culturalusa.com\/news\/wp-json\/wp\/v2\/users\/1"}],"replies":[{"embeddable":true,"href":"https:\/\/www.culturalusa.com\/news\/wp-json\/wp\/v2\/comments?post=9383"}],"version-history":[{"count":0,"href":"https:\/\/www.culturalusa.com\/news\/wp-json\/wp\/v2\/posts\/9383\/revisions"}],"wp:featuredmedia":[{"embeddable":true,"href":"https:\/\/www.culturalusa.com\/news\/wp-json\/wp\/v2\/media\/9384"}],"wp:attachment":[{"href":"https:\/\/www.culturalusa.com\/news\/wp-json\/wp\/v2\/media?parent=9383"}],"wp:term":[{"taxonomy":"category","embeddable":true,"href":"https:\/\/www.culturalusa.com\/news\/wp-json\/wp\/v2\/categories?post=9383"},{"taxonomy":"post_tag","embeddable":true,"href":"https:\/\/www.culturalusa.com\/news\/wp-json\/wp\/v2\/tags?post=9383"}],"curies":[{"name":"wp","href":"https:\/\/api.w.org\/{rel}","templated":true}]}}