{"id":9390,"date":"2021-04-02T11:38:56","date_gmt":"2021-04-02T09:38:56","guid":{"rendered":"https:\/\/www.culturalusa.com\/news\/?p=9390"},"modified":"2021-04-02T11:44:12","modified_gmt":"2021-04-02T09:44:12","slug":"coronavirus-new-york-au-theatre-leurope-a-la-traine","status":"publish","type":"post","link":"https:\/\/www.culturalusa.com\/news\/monde\/coronavirus-new-york-au-theatre-leurope-a-la-traine\/","title":{"rendered":"CoronaVirus: New York au th\u00e9\u00e2tre, l&rsquo;Europe \u00e0 la tra\u00eene"},"content":{"rendered":"<p><strong>Les New-Yorkais retrouvent le plaisir des spectacles vivants avec la r\u00e9ouverture des th\u00e9\u00e2tres<\/strong> rendue possible par une campagne massive de vaccinations, au moment o\u00f9 l&rsquo;OMS d\u00e9nonce \u00e0 l&rsquo;inverse la lenteur de l&rsquo;immunisation contre le Covid-19 en Europe o\u00f9 plusieurs pays ont durci leurs mesures sanitaires.<\/p>\n<blockquote><p>Th\u00e9\u00e2tres et salles de concert de la capitale culturelle am\u00e9ricaine, ferm\u00e9s depuis le 12 mars 2020 rouvrent leurs portes, avec une capacit\u00e9 limit\u00e9e \u00e0 100 personnes. Le pr\u00e9sident Joe Biden a toutefois appel\u00e9 la population des Etats-Unis \u00e0 respecter les mesures sanitaires, en particulier le port du masque, et demand\u00e9 aux clubs sportifs de ne pas rouvrir les stades \u00e0 leur pleine capacit\u00e9.<\/p><\/blockquote>\n<h2>De l&rsquo;autre c\u00f4t\u00e9 de l&rsquo;Atlantique, l&rsquo;Organisation mondiale de la sant\u00e9 (OMS) a pourfendu jeudi la lenteur de la vaccination en Europe, un retard qu&rsquo;elle a qualifi\u00e9 d'\u00a0\u00bbinacceptable\u00a0\u00bb.<\/h2>\n<p>\u00ab\u00a0La situation r\u00e9gionale est la plus inqui\u00e9tante que nous ayons observ\u00e9e depuis plusieurs mois\u00a0\u00bb, a d\u00e9plor\u00e9 dans un communiqu\u00e9 Hans Kluge, le directeur pour l&rsquo;Europe de l&rsquo;Organisation mondiale de la sant\u00e9.<\/p>\n<p>Dans cette zone, qui inclut une cinquantaine de pays dont la Russie et des Etats d&rsquo;Asie centrale, le nombre des nouveaux d\u00e9c\u00e8s caus\u00e9s par le Covid-19 a d\u00e9pass\u00e9 les 24.000 la semaine pass\u00e9e et se rapproche \u00ab\u00a0rapidement\u00a0\u00bb du million, selon l&rsquo;OMS.<\/p>\n<p>En moyenne, d&rsquo;apr\u00e8s la base de donn\u00e9es de l&rsquo;AFP, 0,31 % de la population de la zone re\u00e7oit une dose chaque jour. Si ce rythme est pr\u00e8s de deux fois plus \u00e9lev\u00e9 que celui du reste du monde (0,18 %), il est nettement moins \u00e9lev\u00e9 que celui de la zone Etats-Unis\/Canada (0,82 %), championne dans ce domaine.<\/p>\n<h3>Enveloppe pour la culture<\/h3>\n<blockquote><p>\u00ab\u00a0Le d\u00e9ploiement de ces vaccins est d&rsquo;une lenteur inacceptable\u00a0\u00bb, a d\u00e9plor\u00e9 Hans Kluge, appelant l&rsquo;Europe \u00e0 \u00ab\u00a0acc\u00e9l\u00e9rer le processus en renfor\u00e7ant la production, en r\u00e9duisant les obstacles \u00e0 l&rsquo;administration des vaccins et en utilisant la moindre dose que nous avons en stock\u00a0\u00bb.<\/p><\/blockquote>\n<p>En Belgique, la police a fait usage de canons \u00e0 eau jeudi \u00e0 Bruxelles pour disperser un vaste rassemblement dans un parc qui avait \u00e9t\u00e9 interdit par les autorit\u00e9s en raison de la pand\u00e9mie.<\/p>\n<p>Les policiers ont essuy\u00e9 des jets de projectiles au moment d&rsquo;intervenir et l&rsquo;un d&rsquo;eux au moins a \u00e9t\u00e9 bless\u00e9. Plusieurs participants ont \u00e9t\u00e9 arr\u00eat\u00e9s.<\/p>\n<p>Face \u00e0 la troisi\u00e8me vague, le reste de l&rsquo;Europe multiplie les mesures pour tenter de limiter la propagation du virus, en particulier concernant les voyages.<\/p>\n<p>L&rsquo;Allemagne, o\u00f9 le pr\u00e9sident Frank-Walter Steinmeier vient de recevoir sa premi\u00e8re dose du vaccin d&rsquo;AstraZeneca, va renforcer pour les \u00ab\u00a0huit \u00e0 14 prochains jours\u00a0\u00bb les contr\u00f4les autour de ses fronti\u00e8res terrestres.<\/p>\n<p>La Finlande, qui comptait confiner une partie de sa population a d\u00fb toutefois revoir sa copie apr\u00e8s des r\u00e9serves sur la l\u00e9galit\u00e9 du projet.<\/p>\n<p>A contre-courant, la Bulgarie a d\u00e9cid\u00e9 d&rsquo;assouplir les restrictions \u00e0 trois jours des l\u00e9gislatives, malgr\u00e9 une mortalit\u00e9 au plus haut.<\/p>\n<p>Le gouvernement britannique a annonc\u00e9 vendredi d\u00e9bloquer une enveloppe d&rsquo;environ 400 millions de livres (470 millions d&rsquo;euros) pour accompagner la r\u00e9ouverture, apr\u00e8s le confinement, de 2.700 organisations culturelles mises \u00e0 mal par le coronavirus, dont le festival de Glastonbury.<\/p>\n<h3>Le Covid long est bien l\u00e0<\/h3>\n<p>Au Canada, l&rsquo;Ontario va activer un \u00ab\u00a0frein d&rsquo;urgence\u00a0\u00bb \u00e0 compter de samedi pendant au moins quatre semaines, a annonc\u00e9 jeudi son Premier ministre Doug Ford, lors d&rsquo;un point presse. Le Qu\u00e9bec, deuxi\u00e8me province la plus touch\u00e9e, a \u00e9galement instaur\u00e9 un confinement dans plusieurs r\u00e9gions en plus de maintenir un couvre-feu depuis d\u00e9but janvier.<\/p>\n<p>En Asie, la situation se complique au Japon o\u00f9 le gouvernement devrait annoncer jeudi de nouvelles restrictions r\u00e9gionales, notamment \u00e0 Osaka o\u00f9 les autorit\u00e9S r\u00e9gionales ont demand\u00e9 \u00e0 ce que la flamme olympique \u00e9vite cette m\u00e9tropole pour limiter les contaminations.<\/p>\n<p>Les jeux Olympiques de Tokyo, retard\u00e9s d&rsquo;un an en raison de la pand\u00e9mie, doivent se d\u00e9rouler du 23 juillet au 8 ao\u00fbt prochains.<\/p>\n<p>En France, la course cycliste Paris-Roubaix a \u00e9t\u00e9 report\u00e9e du 11 avril au 3 octobre. La \u00ab\u00a0reine des classiques\u00a0\u00bb avait d\u00e9j\u00e0 \u00e9t\u00e9 report\u00e9e puis annul\u00e9e en 2020.<\/p>\n<p>L&rsquo;ATP 500 de Rio, principal tournoi de tennis d&rsquo;Am\u00e9rique du Sud, a lui \u00e9t\u00e9 annul\u00e9 en raison de l&rsquo;aggravation de la pand\u00e9mie au Br\u00e9sil.<\/p>\n<p>Le concours Eurovision de la chanson, qui a lieu en mai \u00e0 Rotterdam, aux Pays-Bas, devrait en revanche pouvoir accueillir un public limit\u00e9, dans le cadre d&rsquo;un test.<\/p>\n<p>Le Covid a fait plus de 2,8 millions de morts dans le monde, selon un bilan \u00e9tabli par l&rsquo;AFP, notamment aux Etats-Unis et au Br\u00e9sil, qui vient de conna\u00eetre son mois le plus meurtrier.<\/p>\n<p>Si plus de 580 millions de doses de vaccins contre le Covid ont \u00e9t\u00e9 administr\u00e9es dans le monde, selon un comptage de l&rsquo;AFP mercredi \u00e0 13H00 GMT, leur r\u00e9partition reste tr\u00e8s in\u00e9gale sur la plan\u00e8te.<\/p>\n<p>Selon une \u00e9tude en Grande-Bretagne, pr\u00e8s d&rsquo;une personne sur sept test\u00e9e positive au coronavirus souffre encore de sympt\u00f4mes de la maladie trois mois plus tard.<\/p>\n<p>D&rsquo;apr\u00e8s cette \u00e9tude sur le \u00ab\u00a0Covid long\u00a0\u00bb du Bureau national des statistiques (ONS), 13,7 % d&rsquo;un \u00e9chantillon de plus de 20.000 personnes contamin\u00e9es par le virus entre le 26 avril 2020 et le 6 mars 2021 pr\u00e9sentaient des sympt\u00f4mes, comme de la fatigue et des douleurs musculaires, durant au moins douze semaines. (AFP)<\/p>\n","protected":false},"excerpt":{"rendered":"<p>Les New-Yorkais retrouvent le plaisir des spectacles vivants avec la r\u00e9ouverture des th\u00e9\u00e2tres rendue possible par une campagne massive de vaccinations, au moment o\u00f9 l&rsquo;OMS d\u00e9nonce \u00e0 l&rsquo;inverse la lenteur de l&rsquo;immunisation contre le Covid-19 en Europe o\u00f9 plusieurs pays ont durci leurs mesures sanitaires. Th\u00e9\u00e2tres et salles de concert de la capitale culturelle am\u00e9ricaine, [&hellip;]<\/p>\n","protected":false},"author":1,"featured_media":9391,"comment_status":"open","ping_status":"closed","sticky":false,"template":"","format":"standard","meta":{"footnotes":""},"categories":[1372],"tags":[1543,1734,1735,1733,1737,1736],"class_list":["post-9390","post","type-post","status-publish","format-standard","has-post-thumbnail","hentry","category-monde","tag-campagne-de-vaccination","tag-immunisation-covid-19","tag-lenteur-vaccination","tag-new-york","tag-spectacles","tag-theatre"],"aioseo_notices":[],"_links":{"self":[{"href":"https:\/\/www.culturalusa.com\/news\/wp-json\/wp\/v2\/posts\/9390","targetHints":{"allow":["GET"]}}],"collection":[{"href":"https:\/\/www.culturalusa.com\/news\/wp-json\/wp\/v2\/posts"}],"about":[{"href":"https:\/\/www.culturalusa.com\/news\/wp-json\/wp\/v2\/types\/post"}],"author":[{"embeddable":true,"href":"https:\/\/www.culturalusa.com\/news\/wp-json\/wp\/v2\/users\/1"}],"replies":[{"embeddable":true,"href":"https:\/\/www.culturalusa.com\/news\/wp-json\/wp\/v2\/comments?post=9390"}],"version-history":[{"count":0,"href":"https:\/\/www.culturalusa.com\/news\/wp-json\/wp\/v2\/posts\/9390\/revisions"}],"wp:featuredmedia":[{"embeddable":true,"href":"https:\/\/www.culturalusa.com\/news\/wp-json\/wp\/v2\/media\/9391"}],"wp:attachment":[{"href":"https:\/\/www.culturalusa.com\/news\/wp-json\/wp\/v2\/media?parent=9390"}],"wp:term":[{"taxonomy":"category","embeddable":true,"href":"https:\/\/www.culturalusa.com\/news\/wp-json\/wp\/v2\/categories?post=9390"},{"taxonomy":"post_tag","embeddable":true,"href":"https:\/\/www.culturalusa.com\/news\/wp-json\/wp\/v2\/tags?post=9390"}],"curies":[{"name":"wp","href":"https:\/\/api.w.org\/{rel}","templated":true}]}}