{"id":9405,"date":"2021-04-05T19:06:39","date_gmt":"2021-04-05T17:06:39","guid":{"rendered":"https:\/\/www.culturalusa.com\/news\/?p=9405"},"modified":"2021-04-05T19:11:42","modified_gmt":"2021-04-05T17:11:42","slug":"coronavirus-la-france-va-produire-des-vaccins-sur-son-territoire-des-mercredi","status":"publish","type":"post","link":"https:\/\/www.culturalusa.com\/news\/actualite\/coronavirus-la-france-va-produire-des-vaccins-sur-son-territoire-des-mercredi\/","title":{"rendered":"CoronaVirus: la France va produire des vaccins sur son territoire d\u00e8s mercredi"},"content":{"rendered":"<p>Covid-19: <strong>le minist\u00e8re de l&rsquo;\u00c9conomie esp\u00e8re qu&rsquo;au moins 250 millions de doses sortiront des sites fran\u00e7ais<\/strong> d&rsquo;ici \u00e0 la fin de l&rsquo;ann\u00e9e 2021.<\/p>\n<blockquote><p>L&rsquo;Hexagone prend son destin vaccinal en main. La production sur son territoire de vaccins contre le Covid-19 doit d\u00e9marrer mercredi 7 avril 2021, chez le sous-traitant fran\u00e7ais Delpharm, a-t-on appris lundi 5 avril aupr\u00e8s du minist\u00e8re fran\u00e7ais de l&rsquo;\u00c9conomie et des Finances, confirmant des informations de presse.<\/p><\/blockquote>\n<p>\u00ab La production doit commencer cette semaine, en l&rsquo;occurrence mercredi chez <strong>Delpharm<\/strong>, dans son usine de Saint-R\u00e9my-sur-Avre (Eure-et-Loir, nord-ouest de la France), <strong>pour [le compte du laboratoire allemand]\u00a0<\/strong> \u00bb, <span style=\"color: #800000;\">partenaire de l&rsquo;am\u00e9ricain <strong>Pfizer<\/strong><\/span>, a indiqu\u00e9 Bercy \u00e0 l&rsquo;Agence France-Presse.<\/p>\n<p>\u00ab Ils vont commencer par la production de lots-tests dans un premier temps, pour s&rsquo;assurer que tout est conforme aux standards de qualit\u00e9 attendus et basculeront ensuite le plus rapidement possible sur de la production de lots commerciaux \u00bb, a pr\u00e9cis\u00e9 le minist\u00e8re de l&rsquo;\u00c9conomie fran\u00e7ais.<\/p>\n<p><strong>Bercy a rappel\u00e9 que le sous-traitant fran\u00e7ais <span style=\"color: #800000;\">Delpharm<\/span> faisait partie des entreprises soutenues ces derniers mois par l&rsquo;\u00c9tat<\/strong>, via l&rsquo;appel \u00e0 manifestation d&rsquo;int\u00e9r\u00eat annonc\u00e9 \u00e0 la mi-juin 2020, et elle va gr\u00e2ce \u00e0 ce soutien<strong> pouvoir mettre en flacons pour l&rsquo;alliance <span style=\"color: #800000;\">Pfizer\/BioNTech<\/span><\/strong>.<\/p>\n<h3>Plusieurs entreprises dans les starting-blocks<\/h3>\n<p>Concernant la capacit\u00e9 de production, \u00ab les entreprises ne souhaitent pas \u00e0 ce stade communiquer sur le volume attendu \u00bb, a indiqu\u00e9 Bercy. Car outre Delpharm, le su\u00e9dois Recipharm va produire des vaccins pour l&rsquo;entreprise am\u00e9ricaine <strong>Moderna<\/strong>, \u00ab \u2009\u00e0 horizon mi-avril\u2009 \u00bb, dans son usine fran\u00e7aise de Monts (Indre-et-Loire, Ouest).<\/p>\n<p>Le fa\u00e7onnier Fareva devrait, lui, lancer \u00ab\u2009fin mai, d\u00e9but juin\u2009 \u00bb la production du <strong>CureVac<\/strong>, qui est encore soumis \u00e0 la condition d&rsquo;autorisation de mise sur le march\u00e9, dans ses usines de Pau et de Val-de-Reuil (Eure, ouest), a pr\u00e9cis\u00e9 Bercy. Enfin, <strong>le fran\u00e7ais Sanofi va produire pour Janssen (filiale de Johnson &amp; Johnson)<\/strong>, \u00e0 Marcy-l&rsquo;\u00c9toile (Rh\u00f4ne, Sud-Est).<\/p>\n<h3>\u00ab \u2009Quand on met tout \u00e7a bout \u00e0 bout, on est sur au moins 250 millions de doses qui sortiront des sites fran\u00e7ais d&rsquo;ici \u00e0 la fin de l&rsquo;ann\u00e9e, en cumul\u00e9\u2009 \u00bb, a indiqu\u00e9 Bercy. Un chiffre qui ne comprend pas le vaccin mis au point par Sanofi, esp\u00e9r\u00e9 pour le second semestre, si les essais cliniques s&rsquo;av\u00e8rent concluants.<\/h3>\n","protected":false},"excerpt":{"rendered":"<p>Covid-19: le minist\u00e8re de l&rsquo;\u00c9conomie esp\u00e8re qu&rsquo;au moins 250 millions de doses sortiront des sites fran\u00e7ais d&rsquo;ici \u00e0 la fin de l&rsquo;ann\u00e9e 2021. L&rsquo;Hexagone prend son destin vaccinal en main. La production sur son territoire de vaccins contre le Covid-19 doit d\u00e9marrer mercredi 7 avril 2021, chez le sous-traitant fran\u00e7ais Delpharm, a-t-on appris lundi 5 [&hellip;]<\/p>\n","protected":false},"author":1,"featured_media":7390,"comment_status":"open","ping_status":"closed","sticky":false,"template":"","format":"standard","meta":{"footnotes":""},"categories":[30],"tags":[1473,1742,1417,1743,1741],"class_list":["post-9405","post","type-post","status-publish","format-standard","has-post-thumbnail","hentry","category-actualite","tag-biontech","tag-delpharm","tag-pfizer","tag-production-vaccins-france","tag-vaccin-france"],"aioseo_notices":[],"_links":{"self":[{"href":"https:\/\/www.culturalusa.com\/news\/wp-json\/wp\/v2\/posts\/9405","targetHints":{"allow":["GET"]}}],"collection":[{"href":"https:\/\/www.culturalusa.com\/news\/wp-json\/wp\/v2\/posts"}],"about":[{"href":"https:\/\/www.culturalusa.com\/news\/wp-json\/wp\/v2\/types\/post"}],"author":[{"embeddable":true,"href":"https:\/\/www.culturalusa.com\/news\/wp-json\/wp\/v2\/users\/1"}],"replies":[{"embeddable":true,"href":"https:\/\/www.culturalusa.com\/news\/wp-json\/wp\/v2\/comments?post=9405"}],"version-history":[{"count":0,"href":"https:\/\/www.culturalusa.com\/news\/wp-json\/wp\/v2\/posts\/9405\/revisions"}],"wp:featuredmedia":[{"embeddable":true,"href":"https:\/\/www.culturalusa.com\/news\/wp-json\/wp\/v2\/media\/7390"}],"wp:attachment":[{"href":"https:\/\/www.culturalusa.com\/news\/wp-json\/wp\/v2\/media?parent=9405"}],"wp:term":[{"taxonomy":"category","embeddable":true,"href":"https:\/\/www.culturalusa.com\/news\/wp-json\/wp\/v2\/categories?post=9405"},{"taxonomy":"post_tag","embeddable":true,"href":"https:\/\/www.culturalusa.com\/news\/wp-json\/wp\/v2\/tags?post=9405"}],"curies":[{"name":"wp","href":"https:\/\/api.w.org\/{rel}","templated":true}]}}