{"id":9414,"date":"2021-04-07T00:04:41","date_gmt":"2021-04-06T22:04:41","guid":{"rendered":"https:\/\/www.culturalusa.com\/news\/?p=9414"},"modified":"2021-04-07T00:13:59","modified_gmt":"2021-04-06T22:13:59","slug":"coronavirus-un-lien-confirme-entre-le-vaccin-astrazeneca-et-des-thromboses","status":"publish","type":"post","link":"https:\/\/www.culturalusa.com\/news\/technologie\/coronavirus-un-lien-confirme-entre-le-vaccin-astrazeneca-et-des-thromboses\/","title":{"rendered":"CoronaVirus: un lien confirm\u00e9 entre le vaccin AstraZeneca et des thromboses"},"content":{"rendered":"<p><strong>Un responsable du gendarme europ\u00e9en du m\u00e9dicament a confirm\u00e9 mardi le lien entre le vaccin anti-Covid du laboratoire AstraZeneca et les thromboses<\/strong>, un coup dur dans la lutte contre la pand\u00e9mie qui frappe encore s\u00e9v\u00e8rement de nombreux pays.<\/p>\n<blockquote><p>\u00ab\u00a0<span style=\"color: #800000;\">Nous pouvons d\u00e9sormais le dire, il est clair qu&rsquo;il y a un lien avec le vaccin<\/span>. Ce qui cause cette r\u00e9action, cependant, nous ne le savons pas encore\u00a0\u00bb, a indiqu\u00e9 Marco Cavaleri, responsable de la strat\u00e9gie sur les vaccins \u00e0 l&rsquo;Agence europ\u00e9enne des M\u00e9dicaments (EMA) dans une interview au quotidien italien Il Messaggero publi\u00e9e mardi.<\/p><\/blockquote>\n<h2>\u00ab\u00a0Pour r\u00e9sumer, dans les prochaines heures nous dirons qu&rsquo;il y a un lien, mais nous devons encore comprendre comment cela se produit\u00a0\u00bb, ajoute-t-il, laissant entendre que l&rsquo;EMA devrait communiquer officiellement sur ce sujet tr\u00e8s prochainement.<\/h2>\n<p><span style=\"color: #800000;\"><strong>Depuis plusieurs semaines des suspicions sont apparues sur de possibles effets secondaires graves<\/strong><\/span>, mais rares, apr\u00e8s l&rsquo;observation chez des personnes vaccin\u00e9es avec AstraZeneca de cas de thromboses atypiques.<\/p>\n<blockquote><p>Des dizaines de cas ont d\u00e9j\u00e0 \u00e9t\u00e9 recens\u00e9s, dont plusieurs se sont sold\u00e9s par un d\u00e9c\u00e8s. Au Royaume-Uni, il y a eu 30 cas et sept d\u00e9c\u00e8s sur un total de 18,1 millions de doses administr\u00e9es au 24 mars.<\/p><\/blockquote>\n<p>Jusqu&rsquo;ici, l&rsquo;EMA soutenait qu'\u00a0\u00bbaucun lien causal avec le vaccin n&rsquo;est prouv\u00e9\u00a0\u00bb, m\u00eame s&rsquo;il est \u00ab\u00a0possible\u00a0\u00bb, et que les avantages de la vaccination contre le coronavirus l&#8217;emportent toujours sur les risques.<\/p>\n<h3 style=\"font-size: 19px;\">Mais par pr\u00e9caution, <span style=\"color: #800000;\">plusieurs pays ont d\u00e9cid\u00e9 de ne plus administrer le vaccin AstraZeneca<\/span> en-dessous d&rsquo;un certain \u00e2ge, comme la France, l&rsquo;Allemagne et le Canada. La Norv\u00e8ge et le Danemark ont carr\u00e9ment suspendu son utilisation pour l&rsquo;instant.<\/h3>\n<p><span style=\"color: #800000;\">De son c\u00f4t\u00e9, <strong>AstraZeneca<\/strong> avait assur\u00e9 en mars qu&rsquo;il n&rsquo;y avait \u00ab\u00a0aucune preuve de risque aggrav\u00e9\u00a0\u00bb<\/span>, et assur\u00e9 samedi que \u00ab\u00a0la s\u00e9curit\u00e9 des patients\u00a0\u00bb constituait sa \u00ab\u00a0principale priorit\u00e9\u00a0\u00bb.<\/p>\n<h3>Pas de JO pour la Cor\u00e9e du Nord<\/h3>\n<p>La pand\u00e9mie a fait plus de 2.862.002 morts dans le monde depuis fin d\u00e9cembre 2019, selon un bilan \u00e9tabli par l&rsquo;AFP \u00e0 partir de sources officielles mardi.<\/p>\n<p>En Asie, la Cor\u00e9e du Nord a annonc\u00e9 qu&rsquo;elle ne participerait pas aux Jeux olympiques de Tokyo cet \u00e9t\u00e9 pour \u00ab\u00a0prot\u00e9ger\u00a0\u00bb ses athl\u00e8tes de tout risque li\u00e9 \u00e0 la pand\u00e9mie.<\/p>\n<p>En Inde, o\u00f9 un record de cas de coronavirus vient d&rsquo;\u00eatre enregistr\u00e9, New Delhi va imposer \u00e0 ses 25 millions d&rsquo;habitants un couvre-feu nocturne \u00e0 compter de mardi soir.<\/p>\n<p>Au Bangladesh, la mise en place d&rsquo;un confinement de sept jours a provoqu\u00e9 de violentes manifestations contre lesquelles la police a ouvert le feu, causant un mort et au moins sept bless\u00e9s.<\/p>\n<p>Confinement \u00e9galement ce week-end pour Bogota la capitale colombienne et ses huit millions d&rsquo;habitants, pour tenter de ralentir le virus.<\/p>\n<p>La situation s&rsquo;aggrave aussi en G\u00e9orgie qui a enregistr\u00e9 mardi le triple du nombre moyen de cas enregistr\u00e9 quotidiennement ces derniers mois et o\u00f9 le Premier ministre a \u00e9t\u00e9 test\u00e9 positif au Covid.<\/p>\n<p>A l&rsquo;inverse, l&rsquo;horizon est suffisamment d\u00e9gag\u00e9e pour que la Nouvelle-Z\u00e9lande approuve mardi le principe d&rsquo;une \u00ab\u00a0bulle\u00a0\u00bb avec l&rsquo;Australie au sein de laquelle les ressortissants des deux pays pourraient voyager sans quarantaine, en esp\u00e9rant que celle-ci se concr\u00e9tisera \u00e0 la mi-avril.<\/p>\n<p>En Europe, on respire aussi un peu mieux dans certaines zones : l&rsquo;Etat r\u00e9gional de la Sarre, frontalier de la France et du Luxembourg, l\u00e8ve partiellement ses restrictions anti-Covid, rouvrant notamment caf\u00e9s et restaurants, tout comme le Portugal et la Gr\u00e8ce la veille.<\/p>\n<p>Au Danemark, les salons de coiffure et de beaut\u00e9 rouvrent pour les d\u00e9tenteurs d&rsquo;un \u00ab\u00a0passeport\u00a0\u00bb de vaccination contre la maladie.<\/p>\n<p>Un passeport sanitaire similaire est envisag\u00e9 par le gouvernement britannique pour les rassemblements de masse en Angleterre, comme les matchs de football et les \u00e9v\u00e9nements en salle et le Premier ministre a confirm\u00e9 la r\u00e9ouverture le 12 avril des commerces non essentiels.<\/p>\n<h3>\u00a0Vaccinodrome au Stade de France<\/h3>\n<p>La Belgique lance la vente d&rsquo;auto-tests en pharmacie, tandis qu&rsquo;en France s&rsquo;ouvre un centre de vaccination au Stade de France, l&rsquo;enceinte de l&rsquo;\u00e9quipe de football championne du monde, en banlieue parisienne.<\/p>\n<p>La France subit de plein fouet la troisi\u00e8me vague. Lundi soir, on y comptait pr\u00e8s de 30.000 malades du Covid-19 hospitalis\u00e9s, contre un peu plus de 25.000 il y a un mois.<\/p>\n<p>C&rsquo;est surtout dans les services de r\u00e9animation, qui accueillent les formes les plus graves de la maladie, que cette pression s&rsquo;exerce : toujours sur un mois, on est pass\u00e9 de 3.600 \u00e0 plus de 5.400 patients en soins critiques.<\/p>\n<p>Apr\u00e8s une tol\u00e9rance pendant le week-end pascal, le pays entier est entr\u00e9 de plain-pied dans un r\u00e9gime de restriction (couvre-feu et d\u00e9placements r\u00e9duits), pr\u00e9vu pour quatre semaines.<\/p>\n<p>Les Etats-Unis ont assur\u00e9 pour leur part lundi vouloir en faire \u00ab\u00a0beaucoup plus\u00a0\u00bb dans les livraisons de vaccins aux pays \u00e9trangers, sans demander de \u00ab\u00a0faveurs\u00a0\u00bb en \u00e9change. Le pr\u00e9sident am\u00e9ricain Joe Biden doit faire mardi le point sur la vaccination. (AFP)<\/p>\n","protected":false},"excerpt":{"rendered":"<p>Un responsable du gendarme europ\u00e9en du m\u00e9dicament a confirm\u00e9 mardi le lien entre le vaccin anti-Covid du laboratoire AstraZeneca et les thromboses, un coup dur dans la lutte contre la pand\u00e9mie qui frappe encore s\u00e9v\u00e8rement de nombreux pays. \u00ab\u00a0Nous pouvons d\u00e9sormais le dire, il est clair qu&rsquo;il y a un lien avec le vaccin. Ce [&hellip;]<\/p>\n","protected":false},"author":1,"featured_media":7346,"comment_status":"open","ping_status":"closed","sticky":false,"template":"","format":"standard","meta":{"footnotes":""},"categories":[6],"tags":[1746,1336,1747,1615],"class_list":["post-9414","post","type-post","status-publish","format-standard","has-post-thumbnail","hentry","category-technologie","tag-agence-europeenne-des-medicaments","tag-astrazeneca","tag-ema","tag-vaccin-astrazeneca"],"aioseo_notices":[],"_links":{"self":[{"href":"https:\/\/www.culturalusa.com\/news\/wp-json\/wp\/v2\/posts\/9414","targetHints":{"allow":["GET"]}}],"collection":[{"href":"https:\/\/www.culturalusa.com\/news\/wp-json\/wp\/v2\/posts"}],"about":[{"href":"https:\/\/www.culturalusa.com\/news\/wp-json\/wp\/v2\/types\/post"}],"author":[{"embeddable":true,"href":"https:\/\/www.culturalusa.com\/news\/wp-json\/wp\/v2\/users\/1"}],"replies":[{"embeddable":true,"href":"https:\/\/www.culturalusa.com\/news\/wp-json\/wp\/v2\/comments?post=9414"}],"version-history":[{"count":0,"href":"https:\/\/www.culturalusa.com\/news\/wp-json\/wp\/v2\/posts\/9414\/revisions"}],"wp:featuredmedia":[{"embeddable":true,"href":"https:\/\/www.culturalusa.com\/news\/wp-json\/wp\/v2\/media\/7346"}],"wp:attachment":[{"href":"https:\/\/www.culturalusa.com\/news\/wp-json\/wp\/v2\/media?parent=9414"}],"wp:term":[{"taxonomy":"category","embeddable":true,"href":"https:\/\/www.culturalusa.com\/news\/wp-json\/wp\/v2\/categories?post=9414"},{"taxonomy":"post_tag","embeddable":true,"href":"https:\/\/www.culturalusa.com\/news\/wp-json\/wp\/v2\/tags?post=9414"}],"curies":[{"name":"wp","href":"https:\/\/api.w.org\/{rel}","templated":true}]}}