{"id":9457,"date":"2021-04-10T13:13:59","date_gmt":"2021-04-10T11:13:59","guid":{"rendered":"https:\/\/www.culturalusa.com\/news\/?p=9457"},"modified":"2021-04-10T13:17:36","modified_gmt":"2021-04-10T11:17:36","slug":"coronavirus-nouveaux-inconvenients-pour-la-campagne-de-vaccination-europeenne","status":"publish","type":"post","link":"https:\/\/www.culturalusa.com\/news\/technologie\/coronavirus-nouveaux-inconvenients-pour-la-campagne-de-vaccination-europeenne\/","title":{"rendered":"Coronavirus: nouveaux inconv\u00e9nients pour la campagne de vaccination europ\u00e9enne"},"content":{"rendered":"<p><strong>La campagne de vaccination anti-covid en Europe<\/strong>, d\u00e9j\u00e0 h\u00e9sitante, faisait hier face \u00e0 de nouveaux questionnements sur les effets secondaires potentiellement li\u00e9s aux s\u00e9rums de Johnson &amp; Johnson (J&amp;J) et d&rsquo;AstraZeneca, auquel la France pr\u00e9voit d&rsquo;encore restreindre le recours.<\/p>\n<blockquote><p>L&rsquo;Agence europ\u00e9enne des m\u00e9dicaments (EMA) a annonc\u00e9 examiner un lien possible entre le vaccin de <span style=\"color: #800000;\">Johnson &amp; Johnson<\/span> et des cas de caillots sanguins, et \u00e9largir son enqu\u00eate sur celui d&rsquo;AstraZeneca, d\u00e9j\u00e0 mis en cause pour le m\u00eame genre de sympt\u00f4mes, \u00e0 des probl\u00e8mes vasculaires.<\/p><\/blockquote>\n<p>Mercredi, l&rsquo;<strong>EMA<\/strong> avait reconnu que les caillots sanguins devaient \u00eatre r\u00e9pertori\u00e9s comme un effet secondaire, \u00ab\u00a0tr\u00e8s rare\u00a0\u00bb mais grave, du vaccin AstraZeneca, surtout chez des sujets jeunes.<\/p>\n<h2>Elle a indiqu\u00e9 vendredi avoir lanc\u00e9 une \u00e9tude sur un autre vaccin, celui du g\u00e9ant am\u00e9ricain Johnson &amp; Johnson, pour des effets secondaires similaires, apr\u00e8s la signalisation de quatre cas, dont un mortel. L&rsquo;UE a autoris\u00e9 ce vaccin mais n&rsquo;a pas commenc\u00e9 \u00e0 l&rsquo;utiliser.<\/h2>\n<p>De plus, l&rsquo;EMA enqu\u00eate aussi sur d&rsquo;\u00e9ventuels liens entre l&rsquo;AstraZeneca et des probl\u00e8mes vasculaires: elle a annonc\u00e9 vendredi examiner cinq cas d&rsquo;un syndrome de fuites capillaires, \u00ab\u00a0caract\u00e9ris\u00e9 par la fuite de liquide des vaisseaux sanguins, causant le gonflement des tissus et une chute dans la pression sanguine\u00a0\u00bb.<\/p>\n<p>De son c\u00f4t\u00e9, son homologue am\u00e9ricaine, la FDA, a annonc\u00e9 vendredi ne pas avoir \u00e9tabli de \u00ab\u00a0lien de causalit\u00e9\u00a0\u00bb \u00e0 ce stade entre la formation de caillots sanguins et l&rsquo;injection du vaccin J&amp;J. \u00ab\u00a0Nous tiendrons le public inform\u00e9 lorsque nous en apprendrons plus\u00a0\u00bb, a-t-elle assur\u00e9.<\/p>\n<p>Johnson &amp; Johnson avait auparavant fait valoir que des incidents thrombo-emboliques avaient \u00e9t\u00e9 signal\u00e9s \u00ab\u00a0avec tous les vaccins Covid-19\u00a0\u00bb.<\/p>\n<p>\u00ab\u00a0Notre tra\u00e7age pr\u00e9cis des effets secondaires a montr\u00e9 un petit nombre d&rsquo;incidents tr\u00e8s rares apr\u00e8s vaccination\u00a0\u00bb, a ajout\u00e9 la firme pharmaceutique, soulignant qu'\u00a0\u00bbaucune relation claire de cause \u00e0 effet\u00a0\u00bb n&rsquo;avait \u00e9t\u00e9 \u00e9tablie avec le vaccin Janssen &#8211; celui de la filiale europ\u00e9enne du groupe.<\/p>\n<p><strong>Les deux vaccins, <span style=\"color: #800000;\">Johnson &amp; Johnson comme AstraZeneca<\/span>, utilisent la m\u00eame technologie recourant \u00e0 un ad\u00e9novirus pour vecteur.<\/strong><\/p>\n<h3>M\u00e9fiance du vaccin AstraZeneca<\/h3>\n<p>Dans l&rsquo;imm\u00e9diat, la m\u00e9fiance vis-\u00e0-vis du vaccin AstraZeneca a pouss\u00e9 de nombreux pays \u00e0 fixer des limites d&rsquo;\u00e2ge \u00e0 son usage, voire \u00e0 suspendre son utilisation.<\/p>\n<p>Il est par exemple r\u00e9serv\u00e9 aux plus de 30 ans au Royaume-Uni, o\u00f9 il a massivement \u00e9t\u00e9 utilis\u00e9, aux plus de 65 ans en Su\u00e8de, et aux plus de 60 ans aux Philippines, au Portugal, aux Pays-Bas ou en Allemagne, qui envisage d\u00e9sormais d&rsquo;acheter le controvers\u00e9 Spoutnik V \u00e0 la Russie.<\/p>\n<p>La r\u00e9gion espagnole de Castille-et-Leon et le Danemark ont totalement interrompu l&rsquo;utilisation de l&rsquo;AstraZeneca.<\/p>\n<p>Et Hong Kong a suspendu vendredi, pour \u00ab\u00a0\u00e9viter tout gaspillage\u00a0\u00bb, sa commande d&rsquo;AstraZeneca, craignant des effets secondaires et son inefficacit\u00e9 contre les nouveaux variants du coronavirus.<\/p>\n<p>Vendredi, avant les annonces de l&rsquo;EMA, les autorit\u00e9s sanitaires fran\u00e7aises avaient indiqu\u00e9 que les 533.000 personnes de moins de 55 ans d\u00e9j\u00e0 vaccin\u00e9es avec une premi\u00e8re dose d&rsquo;AstraZeneca se verraient proposer pour la 2e dose un vaccin diff\u00e9rent \u00e0 ARN messager, celui de Pfizer\/BioNTech ou celui de Moderna.<\/p>\n<p>La cadence des vaccinations est cruciale pour la France, qui affronte une troisi\u00e8me vague \u00e9pid\u00e9mique entra\u00eenant une forte hausse des hospitalisations et co\u00fbtant la vie \u00e0 plus de 300 personnes par jour.<\/p>\n<p>La nouvelle r\u00e8gle a \u00e9t\u00e9 jug\u00e9e \u00ab\u00a0totalement logique\u00a0\u00bb par le ministre fran\u00e7ais de la Sant\u00e9 Olivier V\u00e9ran.<\/p>\n<p>Mais peu apr\u00e8s, l&rsquo;Organisation mondiale de la sant\u00e9 (OMS) a r\u00e9p\u00e9t\u00e9 qu&rsquo;elle ne pouvait recommander un changement de vaccin anti-Covid entre deux doses, faute de \u00ab\u00a0donn\u00e9es ad\u00e9quates\u00a0\u00bb \u00e0 ce stade.<\/p>\n<p>L&rsquo;efficacit\u00e9 des vaccins reste par ailleurs pos\u00e9e face aux variants du coronavirus.<\/p>\n<p>Soucieuse d&rsquo;anticiper ce probl\u00e8me, l&rsquo;UE va lancer une n\u00e9gociation pour commander 1,8 milliard de doses suppl\u00e9mentaires de vaccins dits de \u00ab\u00a02e g\u00e9n\u00e9ration\u00a0\u00bb contre le Covid-19, avec un calendrier de livraisons contraignant, a indiqu\u00e9 \u00e0 l&rsquo;AFP une source \u00e0 la Commission europ\u00e9enne.<\/p>\n<p>L&rsquo;anticipation para\u00eet d&rsquo;autant plus n\u00e9cessaire qu&rsquo;AstraZeneca, d\u00e9j\u00e0 au centre de pol\u00e9miques avec l&rsquo;UE sur ses retards de livraison, a par exemple indiqu\u00e9 vendredi qu&rsquo;il allait avoir du retard sur la moiti\u00e9 de ses livraisons de vaccins pr\u00e9vues pour cette semaine dans l&rsquo;Union europ\u00e9enne.<\/p>\n<p>Par contraste avec les probl\u00e8mes d&rsquo;AstraZeneca, l&rsquo;alliance Pfizer\/BioNTech a franchi une nouvelle \u00e9tape en d\u00e9posant vendredi aux Etats-Unis une demande d&rsquo;autorisation de son vaccin pour les adolescents \u00e2g\u00e9s de 12 \u00e0 15 ans.<\/p>\n<h3>Durcir la loi anti-Covid<\/h3>\n<p>En Allemagne, le gouvernement va durcir la semaine prochaine la l\u00e9gislation de lutte contre la pand\u00e9mie, pour pouvoir imposer des restrictions \u00e0 l&rsquo;ensemble du pays.<\/p>\n<p>Cette r\u00e9forme permettra de passer outre, si n\u00e9cessaire, les r\u00e9sistances locales.<\/p>\n<p>\u00ab\u00a0Le but est de cr\u00e9er des r\u00e8gles nationales uniformes\u00a0\u00bb, a expliqu\u00e9 une porte-parole de la chancellerie, Ulrike Demmer.<\/p>\n<p>Au Canada, le Premier ministre Justin Trudeau a qualifi\u00e9 \u00ab\u00a0d&rsquo;inqui\u00e9tante\u00a0\u00bb la progression de la troisi\u00e8me vague et appel\u00e9 \u00e0 des \u00ab\u00a0mesures plus strictes\u00a0\u00bb dans plusieurs endroits du pays.<\/p>\n<p>En Norv\u00e8ge, la Premi\u00e8re ministre Erna Solberg a \u00e9cop\u00e9 d&rsquo;une amende de 20.000 couronnes (pr\u00e8s de 2.000 euros) pour avoir enfreint les r\u00e8gles anti-Covid: elle avait organis\u00e9 un repas avec 13 convives au lieu de 10 autoris\u00e9s pour son 60e anniversaire&#8230; auquel elle n&rsquo;a pas elle-m\u00eame particip\u00e9, s&rsquo;\u00e9tant rendue \u00e0 l&rsquo;h\u00f4pital pour des probl\u00e8mes oculaires.<\/p>\n<h3>P\u00e9nurie en Inde<\/h3>\n<p>La pand\u00e9mie a contamin\u00e9 plus de 133.908.150 personnes et fait au moins 2.903.907 morts dans le monde depuis fin 2019, selon un comptage de l&rsquo;AFP vendredi.<\/p>\n<p>Au Br\u00e9sil, dont les h\u00f4pitaux sont dans une situation \u00ab\u00a0critique\u00a0\u00bb face \u00e0 l&rsquo;afflux de malades, la Cour supr\u00eame a ordonn\u00e9 au S\u00e9nat d&rsquo;installer une commission d&rsquo;enqu\u00eate pour \u00e9valuer la gestion de la pand\u00e9mie par le gouvernement du pr\u00e9sident d&rsquo;extr\u00eame droite Jair Bolsonaro.<\/p>\n<p>En Inde, des h\u00f4pitaux de l&rsquo;Etat du Maharashtra, le plus touch\u00e9 par la deuxi\u00e8me vague, ont arr\u00eat\u00e9 de vacciner vendredi par manque de doses, au moment o\u00f9 le pays enregistre un record de contaminations (+132.000 en 24H). Il va \u00e9galement imposer un confinement de week-end et un couvre-feu nocturne \u00e0 ses 110 millions d&rsquo;habitants. (AFP)<\/p>\n","protected":false},"excerpt":{"rendered":"<p>La campagne de vaccination anti-covid en Europe, d\u00e9j\u00e0 h\u00e9sitante, faisait hier face \u00e0 de nouveaux questionnements sur les effets secondaires potentiellement li\u00e9s aux s\u00e9rums de Johnson &amp; Johnson (J&amp;J) et d&rsquo;AstraZeneca, auquel la France pr\u00e9voit d&rsquo;encore restreindre le recours. L&rsquo;Agence europ\u00e9enne des m\u00e9dicaments (EMA) a annonc\u00e9 examiner un lien possible entre le vaccin de Johnson [&hellip;]<\/p>\n","protected":false},"author":1,"featured_media":8783,"comment_status":"open","ping_status":"closed","sticky":false,"template":"","format":"standard","meta":{"footnotes":""},"categories":[6],"tags":[1746,1336,1543,1180,1747,1474,1751],"class_list":["post-9457","post","type-post","status-publish","format-standard","has-post-thumbnail","hentry","category-technologie","tag-agence-europeenne-des-medicaments","tag-astrazeneca","tag-campagne-de-vaccination","tag-coronavirus","tag-ema","tag-johnson-johnson","tag-vaccination-europeenne"],"aioseo_notices":[],"_links":{"self":[{"href":"https:\/\/www.culturalusa.com\/news\/wp-json\/wp\/v2\/posts\/9457","targetHints":{"allow":["GET"]}}],"collection":[{"href":"https:\/\/www.culturalusa.com\/news\/wp-json\/wp\/v2\/posts"}],"about":[{"href":"https:\/\/www.culturalusa.com\/news\/wp-json\/wp\/v2\/types\/post"}],"author":[{"embeddable":true,"href":"https:\/\/www.culturalusa.com\/news\/wp-json\/wp\/v2\/users\/1"}],"replies":[{"embeddable":true,"href":"https:\/\/www.culturalusa.com\/news\/wp-json\/wp\/v2\/comments?post=9457"}],"version-history":[{"count":0,"href":"https:\/\/www.culturalusa.com\/news\/wp-json\/wp\/v2\/posts\/9457\/revisions"}],"wp:featuredmedia":[{"embeddable":true,"href":"https:\/\/www.culturalusa.com\/news\/wp-json\/wp\/v2\/media\/8783"}],"wp:attachment":[{"href":"https:\/\/www.culturalusa.com\/news\/wp-json\/wp\/v2\/media?parent=9457"}],"wp:term":[{"taxonomy":"category","embeddable":true,"href":"https:\/\/www.culturalusa.com\/news\/wp-json\/wp\/v2\/categories?post=9457"},{"taxonomy":"post_tag","embeddable":true,"href":"https:\/\/www.culturalusa.com\/news\/wp-json\/wp\/v2\/tags?post=9457"}],"curies":[{"name":"wp","href":"https:\/\/api.w.org\/{rel}","templated":true}]}}