{"id":9478,"date":"2021-04-16T21:07:29","date_gmt":"2021-04-16T19:07:29","guid":{"rendered":"https:\/\/www.culturalusa.com\/news\/?p=9478"},"modified":"2021-04-16T21:07:55","modified_gmt":"2021-04-16T19:07:55","slug":"logement-social-lancienne-vice-presidente-de-la-region-ile-de-france-condamnee","status":"publish","type":"post","link":"https:\/\/www.culturalusa.com\/news\/politique\/logement-social-lancienne-vice-presidente-de-la-region-ile-de-france-condamnee\/","title":{"rendered":"Logement social: l&rsquo;ancienne vice-pr\u00e9sidente de la r\u00e9gion Ile-de-France condamn\u00e9e"},"content":{"rendered":"<p><strong>Une vice-pr\u00e9sidente PS de la r\u00e9gion Ile-de-France<\/strong>, Mich\u00e8le Sabban, a \u00e9t\u00e9 condamn\u00e9e vendredi \u00e0 un an de prison avec sursis et 100.000 euros d&rsquo;amende pour s&rsquo;\u00eatre vue <strong>attribuer ind\u00fbment un logement social<\/strong>, une affaire qui avait entra\u00een\u00e9 sa d\u00e9mission en 2014.<\/p>\n<h3>L&rsquo;ancienne conseill\u00e8re r\u00e9gionale, aujourd&rsquo;hui \u00e2g\u00e9e de 66 ans, a \u00e9t\u00e9 condamn\u00e9e pour prise ill\u00e9gale d&rsquo;int\u00e9r\u00eats entre 2004 et 2014, avec une peine d&rsquo;in\u00e9ligibilit\u00e9 de trois ans.<\/h3>\n<p>Son avocat Me Romain Boulet a annonc\u00e9 qu&rsquo;il allait faire appel de cette d\u00e9cision \u00ab\u00a0profond\u00e9ment injuste\u00a0\u00bb.<\/p>\n<p>Mme Sabban avait \u00e9t\u00e9 pouss\u00e9e \u00e0 quitter son poste le 1er juillet 2014 apr\u00e8s avoir reconnu qu&rsquo;elle avait donn\u00e9 des \u00ab\u00a0informations inexactes\u00a0\u00bb \u00e0 la Mission d&rsquo;information et d&rsquo;\u00e9valuation (MIE) sur la qualit\u00e9 de son logement social.<\/p>\n<p>Redevenue simple conseill\u00e8re r\u00e9gionale, elle ne s&rsquo;\u00e9tait pas re-pr\u00e9sent\u00e9e aux \u00e9lections suivantes de d\u00e9cembre 2015.<\/p>\n<p>Pour le tribunal, Mme Sabban s&rsquo;est rendue coupable d&rsquo;une prise ill\u00e9gale d&rsquo;int\u00e9r\u00eat en concluant le bail \u00e0 son profit en d\u00e9cembre 2004, alors qu&rsquo;elle \u00e9tait pr\u00e9sidente de la commission de d\u00e9signation des candidats aux logements sociaux de la r\u00e9gion.<\/p>\n<h3>L&rsquo;appartement appartenait au quota r\u00e9servataire, destin\u00e9 \u00e0 b\u00e9n\u00e9ficier aux agents de la collectivit\u00e9.<\/h3>\n<p>Selon le jugement, Mme Sabban a par ailleurs \u00ab\u00a0[fait] en sorte que la commission ne soit pas inform\u00e9e alors qu&rsquo;en tant qu&rsquo;\u00e9lue et au regard de sa situation sociale, elle ne pouvait pr\u00e9tendre \u00e0 l&rsquo;attribution d&rsquo;un tel logement\u00a0\u00bb.<\/p>\n<p>Parlant d&rsquo;une \u00ab\u00a0attitude de d\u00e9ni\u00a0\u00bb, le tribunal a aussi soulign\u00e9 que malgr\u00e9 \u00ab\u00a0sa d\u00e9mission\u00a0\u00bb et la \u00ab\u00a0proc\u00e9dure p\u00e9nale\u00a0\u00bb, Mme Sabban \u00ab\u00a0n&rsquo;a toujours pas r\u00e9sili\u00e9\u00a0\u00bb ce bail.<\/p>\n<p>Au moment de la pol\u00e9mique en juin 2014, elle avait d\u00e9clar\u00e9 au Parisien renoncer \u00e0 cet appartement. L&rsquo;\u00e9lue avait expliqu\u00e9 avoir cherch\u00e9 un logement apr\u00e8s un divorce, contestant tout \u00ab\u00a0passe-droit\u00a0\u00bb.<\/p>\n<p>Ses fonctions \u00e0 l&rsquo;\u00e9poque \u00ab\u00a0ne lui permettaient pas d&rsquo;imposer son dossier\u00a0\u00bb, la commission qu&rsquo;elle pr\u00e9sidait n&rsquo;\u00e9tant pas \u00ab\u00a0attributaire\u00a0\u00bb des logements, a fait valoir Me Boulet.<\/p>\n<p>\u00ab\u00a0Mme Sabban est un peu victime du climat et du contexte, qui peut \u00eatre l\u00e9gitime, de remoralisation de la vie politique: en l&rsquo;esp\u00e8ce, on est tomb\u00e9 \u00e0 mon sens sur le mauvais auteur\u00a0\u00bb, a ajout\u00e9 le conseil.<\/p>\n<p>Vincent Callies, pr\u00e9sident du syndicat FA-FPT\/SYNPER qui avait port\u00e9 plainte en f\u00e9vrier 2016, s&rsquo;est au contraire f\u00e9licit\u00e9 que \u00ab\u00a0la justice laisse la possibilit\u00e9 aux fourmis, aux petits, de d\u00e9fendre leurs droits face aux puissants\u00a0\u00bb.<\/p>\n<p>\u00ab\u00a0C&rsquo;est une victoire pour ce petit syndicat qui se bat pour les agents les moins fortun\u00e9s du conseil r\u00e9gion d&rsquo;\u00cele-de-France\u00a0\u00bb, a estim\u00e9 leur avocat Me Richard Koplewicz.<\/p>\n","protected":false},"excerpt":{"rendered":"<p>Une vice-pr\u00e9sidente PS de la r\u00e9gion Ile-de-France, Mich\u00e8le Sabban, a \u00e9t\u00e9 condamn\u00e9e vendredi \u00e0 un an de prison avec sursis et 100.000 euros d&rsquo;amende pour s&rsquo;\u00eatre vue attribuer ind\u00fbment un logement social, une affaire qui avait entra\u00een\u00e9 sa d\u00e9mission en 2014. L&rsquo;ancienne conseill\u00e8re r\u00e9gionale, aujourd&rsquo;hui \u00e2g\u00e9e de 66 ans, a \u00e9t\u00e9 condamn\u00e9e pour prise ill\u00e9gale [&hellip;]<\/p>\n","protected":false},"author":1,"featured_media":9479,"comment_status":"open","ping_status":"closed","sticky":false,"template":"","format":"standard","meta":{"footnotes":""},"categories":[1494],"tags":[299,1757,1760,1759,1758],"class_list":["post-9478","post","type-post","status-publish","format-standard","has-post-thumbnail","hentry","category-politique","tag-corruption","tag-logement-social","tag-michele-sabban","tag-ps","tag-region-ile-de-france"],"aioseo_notices":[],"_links":{"self":[{"href":"https:\/\/www.culturalusa.com\/news\/wp-json\/wp\/v2\/posts\/9478","targetHints":{"allow":["GET"]}}],"collection":[{"href":"https:\/\/www.culturalusa.com\/news\/wp-json\/wp\/v2\/posts"}],"about":[{"href":"https:\/\/www.culturalusa.com\/news\/wp-json\/wp\/v2\/types\/post"}],"author":[{"embeddable":true,"href":"https:\/\/www.culturalusa.com\/news\/wp-json\/wp\/v2\/users\/1"}],"replies":[{"embeddable":true,"href":"https:\/\/www.culturalusa.com\/news\/wp-json\/wp\/v2\/comments?post=9478"}],"version-history":[{"count":0,"href":"https:\/\/www.culturalusa.com\/news\/wp-json\/wp\/v2\/posts\/9478\/revisions"}],"wp:featuredmedia":[{"embeddable":true,"href":"https:\/\/www.culturalusa.com\/news\/wp-json\/wp\/v2\/media\/9479"}],"wp:attachment":[{"href":"https:\/\/www.culturalusa.com\/news\/wp-json\/wp\/v2\/media?parent=9478"}],"wp:term":[{"taxonomy":"category","embeddable":true,"href":"https:\/\/www.culturalusa.com\/news\/wp-json\/wp\/v2\/categories?post=9478"},{"taxonomy":"post_tag","embeddable":true,"href":"https:\/\/www.culturalusa.com\/news\/wp-json\/wp\/v2\/tags?post=9478"}],"curies":[{"name":"wp","href":"https:\/\/api.w.org\/{rel}","templated":true}]}}