{"id":9481,"date":"2021-04-17T23:39:16","date_gmt":"2021-04-17T21:39:16","guid":{"rendered":"https:\/\/www.culturalusa.com\/news\/?p=9481"},"modified":"2021-04-17T23:39:16","modified_gmt":"2021-04-17T21:39:16","slug":"la-france-impose-une-quarantaine-aux-voyageurs-du-bresil-dargentine-du-chili-et-dafrique-du-sud","status":"publish","type":"post","link":"https:\/\/www.culturalusa.com\/news\/actualite\/la-france-impose-une-quarantaine-aux-voyageurs-du-bresil-dargentine-du-chili-et-dafrique-du-sud\/","title":{"rendered":"La France impose une quarantaine aux voyageurs du Br\u00e9sil, d&rsquo;Argentine, du Chili et d&rsquo;Afrique du sud"},"content":{"rendered":"<p>Covid-19: la <strong>quarantaine obligatoire de dix jours pour les voyageurs en provenance du Br\u00e9sil, d&rsquo;Argentine, du Chili et d&rsquo;Afrique du Sud<\/strong>, face \u00e0 l&rsquo;inqui\u00e9tude sur les variants du Covid-19, a annonc\u00e9 Matignon samedi.<\/p>\n<blockquote><p>Les vols avec l&rsquo;Argentine, le Chili et l&rsquo;Afrique du Sud sont maintenus, alors que Paris avait annonc\u00e9 d\u00e8s mardi la suspension des liaisons a\u00e9riennes avec le Br\u00e9sil pour limiter la propagation d&rsquo;un variant local, baptis\u00e9 P1, r\u00e9put\u00e9 plus contagieux et dangereux. Cette suspension sera prorog\u00e9e jusqu&rsquo;au vendredi 23 avril inclus.<\/p><\/blockquote>\n<p>Pour justifier le maintien des vols avec l&rsquo;Argentine, le Chili et l&rsquo;Afrique du Sud, Paris dit que la pr\u00e9sence de variants n&rsquo;y atteint \u00ab\u00a0pas les niveaux observ\u00e9s au Br\u00e9sil\u00a0\u00bb. Mais les voyageurs venant de ces trois pays, ainsi que du Br\u00e9sil, devront d\u00e9sormais se soumettre \u00e0 un isolement de 10 jours, accompagn\u00e9 de restriction des horaires de sortie, avec un renforcement des amendes.<\/p>\n<p>Cette mesure, qui sera progressivement mise en oeuvre jusqu&rsquo;\u00e0 sa pleine entr\u00e9e en vigueur samedi 24 avril, s&rsquo;appliquera \u00e9galement aux voyageurs en provenance de Guyane et des tests antig\u00e9niques syst\u00e9matiques seront mis en place \u00e0 l&rsquo;arriv\u00e9e pour les trajets de la Guyane vers les Antilles.<\/p>\n<blockquote><p>\u00ab\u00a0Un syst\u00e8me de v\u00e9rification sera mis en place, avant l&#8217;embarquement puis \u00e0 l&rsquo;arriv\u00e9e, de l&rsquo;existence d&rsquo;un lieu de quarantaine adapt\u00e9 aux exigences sanitaires et des contr\u00f4les du respect de la quarantaine seront effectu\u00e9s au domicile par la police ou la gendarmerie nationales, accompagn\u00e9s d&rsquo;un renforcement des amendes en cas de non-respect de l&rsquo;isolement\u00a0\u00bb, a pr\u00e9cis\u00e9 Matignon.<\/p><\/blockquote>\n<p>En outre, pour les personnes arrivant de ces quatre pays, et \u00e0 compter du samedi 24 avril, la liste des motifs et des cat\u00e9gories de personnes autoris\u00e9es \u00e0 venir en France sera restreinte, pour l&rsquo;essentiel, aux seuls ressortissants nationaux, leurs conjoints et enfants, et aux ressortissants de l&rsquo;Union europ\u00e9enne ou d&rsquo;un pays tiers ayant leur r\u00e9sidence principale en France.<\/p>\n<p>Le dispositif de test avant l&#8217;embarquement sera \u00e9galement renforc\u00e9: un test PCR n\u00e9gatif de moins de 36h (au lieu de 72h), ou un PCR n\u00e9gatif de moins de 72h accompagn\u00e9 d&rsquo;un test antig\u00e9nique n\u00e9gatif de moins de 24h seront d\u00e9sormais n\u00e9cessaires. La r\u00e9alisation d&rsquo;un test antig\u00e9nique sera rendue syst\u00e9matique \u00e0 l&rsquo;arriv\u00e9e en France, avant de quitter l&rsquo;a\u00e9roport.<\/p>\n<p>Ces nouvelles mesures interviennent \u00ab\u00a0alors que la situation \u00e9pid\u00e9mique se stabilise sur le territoire national\u00a0\u00bb, selon Matignon. Elles seront discut\u00e9es avec les partenaires europ\u00e9ens \u00ab\u00a0en d\u00e9but de semaine\u00a0\u00bb et d&rsquo;autres pays pourraient encore venir grossir la liste, sur la base des crit\u00e8res identifi\u00e9s par le Centre europ\u00e9en de pr\u00e9vention et de contr\u00f4le des maladies (ECDC). (AFP)<\/p>\n","protected":false},"excerpt":{"rendered":"<p>Covid-19: la quarantaine obligatoire de dix jours pour les voyageurs en provenance du Br\u00e9sil, d&rsquo;Argentine, du Chili et d&rsquo;Afrique du Sud, face \u00e0 l&rsquo;inqui\u00e9tude sur les variants du Covid-19, a annonc\u00e9 Matignon samedi. Les vols avec l&rsquo;Argentine, le Chili et l&rsquo;Afrique du Sud sont maintenus, alors que Paris avait annonc\u00e9 d\u00e8s mardi la suspension des [&hellip;]<\/p>\n","protected":false},"author":1,"featured_media":9482,"comment_status":"open","ping_status":"closed","sticky":false,"template":"","format":"standard","meta":{"footnotes":""},"categories":[30],"tags":[1763,1762,443,769,1761],"class_list":["post-9481","post","type-post","status-publish","format-standard","has-post-thumbnail","hentry","category-actualite","tag-afrique-du-sud","tag-argentine","tag-bresil","tag-chili","tag-quarantaine"],"aioseo_notices":[],"_links":{"self":[{"href":"https:\/\/www.culturalusa.com\/news\/wp-json\/wp\/v2\/posts\/9481","targetHints":{"allow":["GET"]}}],"collection":[{"href":"https:\/\/www.culturalusa.com\/news\/wp-json\/wp\/v2\/posts"}],"about":[{"href":"https:\/\/www.culturalusa.com\/news\/wp-json\/wp\/v2\/types\/post"}],"author":[{"embeddable":true,"href":"https:\/\/www.culturalusa.com\/news\/wp-json\/wp\/v2\/users\/1"}],"replies":[{"embeddable":true,"href":"https:\/\/www.culturalusa.com\/news\/wp-json\/wp\/v2\/comments?post=9481"}],"version-history":[{"count":0,"href":"https:\/\/www.culturalusa.com\/news\/wp-json\/wp\/v2\/posts\/9481\/revisions"}],"wp:featuredmedia":[{"embeddable":true,"href":"https:\/\/www.culturalusa.com\/news\/wp-json\/wp\/v2\/media\/9482"}],"wp:attachment":[{"href":"https:\/\/www.culturalusa.com\/news\/wp-json\/wp\/v2\/media?parent=9481"}],"wp:term":[{"taxonomy":"category","embeddable":true,"href":"https:\/\/www.culturalusa.com\/news\/wp-json\/wp\/v2\/categories?post=9481"},{"taxonomy":"post_tag","embeddable":true,"href":"https:\/\/www.culturalusa.com\/news\/wp-json\/wp\/v2\/tags?post=9481"}],"curies":[{"name":"wp","href":"https:\/\/api.w.org\/{rel}","templated":true}]}}