{"id":9504,"date":"2021-04-22T17:41:58","date_gmt":"2021-04-22T15:41:58","guid":{"rendered":"https:\/\/www.culturalusa.com\/news\/?p=9504"},"modified":"2021-04-22T17:41:58","modified_gmt":"2021-04-22T15:41:58","slug":"climat-joe-biden-double-lobjectif-americain-et-appelle-a-laction-mondiale","status":"publish","type":"post","link":"https:\/\/www.culturalusa.com\/news\/monde\/climat-joe-biden-double-lobjectif-americain-et-appelle-a-laction-mondiale\/","title":{"rendered":"Climat : Joe Biden double l&rsquo;objectif am\u00e9ricain et appelle \u00e0 l&rsquo;action mondiale"},"content":{"rendered":"<p><strong>Le Pr\u00e9sident des Etats-Unis a d\u00e9voil\u00e9, lors de son sommet sur le climat<\/strong>, un nouvel objectif am\u00e9ricain de <strong>r\u00e9duction des \u00e9missions polluantes quasiment doubl\u00e9<\/strong>, pour marquer le retour de l&rsquo;Am\u00e9rique dans la lutte contre le r\u00e9chauffement et pousser le reste du monde \u00e0 \u00ab\u00a0l&rsquo;action\u00a0\u00bb.<\/p>\n<p>Le 46e pr\u00e9sident des Etats-Unis a promis, \u00e0 l&rsquo;ouverture de cette r\u00e9union virtuelle de deux jours avec une quarantaine de dirigeants mondiaux, de r\u00e9duire les \u00e9missions de gaz \u00e0 effet de serre de la premi\u00e8re \u00e9conomie mondiale de 50% \u00e0 52% d&rsquo;ici 2030 par rapport \u00e0 2005.<\/p>\n<p>Cet objectif double quasiment l&rsquo;ancien engagement de Washington d&rsquo;une diminution de 26% \u00e0 28% \u00e0 l&rsquo;horizon 2025.<\/p>\n<p>Mettant en garde contre \u00ab\u00a0le co\u00fbt de l&rsquo;inaction\u00a0\u00bb et vantant les b\u00e9n\u00e9fices \u00e9conomiques \u00ab\u00a0extraordinaires\u00a0\u00bb qui peuvent d\u00e9couler des r\u00e9formes \u00e9cologiques, Joe Biden a exhort\u00e9 le reste du monde \u00e0 suivre l&rsquo;exemple am\u00e9ricain au nom d&rsquo;un \u00ab\u00a0imp\u00e9ratif moral et \u00e9conomique\u00a0\u00bb.<\/p>\n<blockquote><p>\u00ab\u00a0Nous devons passer \u00e0 l&rsquo;action, nous tous\u00a0\u00bb, \u00ab\u00a0nous devons acc\u00e9l\u00e9rer\u00a0\u00bb, a-t-il martel\u00e9, rappelant qu'\u00a0\u00bbaucun pays ne peut r\u00e9soudre cette crise tout seul\u00a0\u00bb.<\/p><\/blockquote>\n<h3>Attendu au tournant au moment o\u00f9 il organise ce sommet \u00e0 l&rsquo;occasion de la Journ\u00e9e de la Terre<\/h3>\n<p><strong>Joe Biden<\/strong> a rejoint d\u00e8s le premier jour de sa pr\u00e9sidence, en janvier, l&rsquo;accord de Paris sur le climat dont Donald Trump avait claqu\u00e9 la porte il y a quatre ans.<\/p>\n<p>Depuis, \u00e0 l&rsquo;oppos\u00e9 du discours climatosceptique de son pr\u00e9d\u00e9cesseur r\u00e9publicain, il d\u00e9cline les avertissements sur \u00ab\u00a0l&rsquo;urgence\u00a0\u00bb pour \u00e9viter une \u00ab\u00a0catastrophe\u00a0\u00bb. Et il a d\u00e9voil\u00e9 un m\u00e9gaplan pour les infrastructures am\u00e9ricaines avec un important volet de transition \u00e9cologique.<\/p>\n<p>Mais il est attendu au tournant au moment o\u00f9 il organise ce sommet \u00e0 l&rsquo;occasion de la Journ\u00e9e de la Terre. Avant de faire pression sur les autres pollueurs mondiaux afin qu&rsquo;ils acc\u00e9l\u00e8rent la lutte contre le r\u00e9chauffement, il doit rassurer quant \u00e0 l&rsquo;inconstance de son pays en la mati\u00e8re.<\/p>\n<p>La diplomatie chinoise avait raill\u00e9 la semaine derni\u00e8re \u00ab\u00a0un mauvais \u00e9l\u00e8ve qui revient sur les bancs de l&rsquo;\u00e9cole apr\u00e8s avoir s\u00e9ch\u00e9 les cours\u00a0\u00bb.<\/p>\n<p>En l&rsquo;absence des Etats-Unis pendant l&rsquo;\u00e8re Trump, Xi Jinping s&rsquo;\u00e9tait ainsi attir\u00e9 des applaudissements fin 2020 en annon\u00e7ant que son pays commencerait \u00e0 r\u00e9duire ses \u00e9missions de CO2 avant 2030, pour parvenir en 2060 \u00e0 la neutralit\u00e9 carbone &#8212; c&rsquo;est-\u00e0-dire d&rsquo;en absorber autant que d&rsquo;en \u00e9mettre.<\/p>\n<p>Le nouvel engagement de Joe Biden doit permettre \u00e0 l&rsquo;\u00e9conomie am\u00e9ricaine d&rsquo;atteindre cette neutralit\u00e9 carbone d&rsquo;ici 2050.<\/p>\n<p>C&rsquo;est surtout la contribution am\u00e9ricaine, qui se veut ambitieuse, pour esp\u00e9rer participer \u00e0 maintenir le r\u00e9chauffement mondial sous les +2\u00b0C, si possible +1,5\u00b0C, par rapport \u00e0 l&rsquo;\u00e8re pr\u00e9-industrielle, comme le pr\u00e9voit l&rsquo;accord de Paris conclu en 2015. Un objectif plan\u00e9taire hors de port\u00e9e en l&rsquo;\u00e9tat actuel des engagements nationaux.<\/p>\n<h3>Coop\u00e9ration sino-am\u00e9ricaine<\/h3>\n<p>Les grandes puissances invit\u00e9es, qui repr\u00e9sentent ensemble 80% des \u00e9missions mondiales, se sont mises en ordre de marche avant ce sommet, point d&rsquo;\u00e9tape vers la grande conf\u00e9rence de l&rsquo;ONU, la COP26, pr\u00e9vue en fin d&rsquo;ann\u00e9e \u00e0 Glasgow, en Ecosse.<\/p>\n<p>La Chine, premier \u00e9metteur de gaz \u00e0 effet de serre, s&rsquo;est engag\u00e9e \u00e0 \u00ab\u00a0coop\u00e9rer\u00a0\u00bb contre le r\u00e9chauffement avec le deuxi\u00e8me, les Etats-Unis &#8212; les superpuissances adversaires, \u00e0 couteaux tir\u00e9s, mettant de c\u00f4t\u00e9 leurs autres divergences \u00e0 cette occasion.<\/p>\n<p>Egalement en froid avec les Am\u00e9ricains, Vladimir Poutine a promis que la Russie, producteur majeur d&rsquo;hydrocarbures, ferait passer le volume cumul\u00e9 de ses \u00e9missions nettes de gaz \u00e0 effet de serre en dessous de celui de l&rsquo;Union europ\u00e9enne lors des 30 prochaines ann\u00e9es.<\/p>\n<p>Quant \u00e0 l&rsquo;UE, elle est parvenue in extremis \u00e0 un accord sur une r\u00e9duction nette d'\u00a0\u00bbau moins 55%\u00a0\u00bb de ses \u00e9missions de gaz \u00e0 effet de serre d&rsquo;ici 2030 par rapport au niveau de 1990.<\/p>\n<p>Le Premier ministre britannique Boris Johnson doit d\u00e9fendre son projet renforc\u00e9, annonc\u00e9 mardi, de r\u00e9duire les \u00e9missions du Royaume-Uni de 78% d&rsquo;ici 2035 par rapport \u00e0 1990, et son homologue canadien Justin Trudeau va s&rsquo;engager \u00e0 les baisser de 40% \u00e0 45% d&rsquo;ici 2030 par rapport \u00e0 2005, au lieu de 30% pr\u00e9c\u00e9demment, selon Radio-Canada.<\/p>\n<p>Et le Premier ministre nippon Yoshihide Suga a annonc\u00e9 que le Japon allait r\u00e9duire ses \u00e9missions de CO2 \u00e0 46% \u00e0 l&rsquo;horizon 2030 par rapport \u00e0 2013, contre une cible pr\u00e9c\u00e9dente de 26%.<\/p>\n<p>M\u00eame le pr\u00e9sident br\u00e9silien Jair Bolsonaro, proche de Donald Trump mais moins de Joe Biden, a \u00e9crit \u00e0 ce dernier pour s&rsquo;engager \u00e0 mettre fin \u00e0 la d\u00e9forestation ill\u00e9gale en Amazonie d&rsquo;ici 2030, malgr\u00e9 le scepticisme des observateurs.<\/p>\n<p>Avec les nouvelles annonces faites ou attendues jeudi, des pays \u00ab\u00a0qui comptent pour plus de la moiti\u00e9 de l&rsquo;\u00e9conomie mondiale\u00a0\u00bb auront d\u00e9sormais pris des engagements de r\u00e9duction des \u00e9missions, en ligne, en ce qui les concerne, avec l&rsquo;objectif plan\u00e9taire de r\u00e9duction du r\u00e9chauffement, s&rsquo;est f\u00e9licit\u00e9 un organisateur du sommet. (AFP)<\/p>\n","protected":false},"excerpt":{"rendered":"<p>Le Pr\u00e9sident des Etats-Unis a d\u00e9voil\u00e9, lors de son sommet sur le climat, un nouvel objectif am\u00e9ricain de r\u00e9duction des \u00e9missions polluantes quasiment doubl\u00e9, pour marquer le retour de l&rsquo;Am\u00e9rique dans la lutte contre le r\u00e9chauffement et pousser le reste du monde \u00e0 \u00ab\u00a0l&rsquo;action\u00a0\u00bb. Le 46e pr\u00e9sident des Etats-Unis a promis, \u00e0 l&rsquo;ouverture de cette [&hellip;]<\/p>\n","protected":false},"author":1,"featured_media":9505,"comment_status":"open","ping_status":"closed","sticky":false,"template":"","format":"standard","meta":{"footnotes":""},"categories":[1372],"tags":[208,1357,356,1774],"class_list":["post-9504","post","type-post","status-publish","format-standard","has-post-thumbnail","hentry","category-monde","tag-climat","tag-joe-biden","tag-rechauffement-climatique","tag-reformes-ecologiques"],"aioseo_notices":[],"_links":{"self":[{"href":"https:\/\/www.culturalusa.com\/news\/wp-json\/wp\/v2\/posts\/9504","targetHints":{"allow":["GET"]}}],"collection":[{"href":"https:\/\/www.culturalusa.com\/news\/wp-json\/wp\/v2\/posts"}],"about":[{"href":"https:\/\/www.culturalusa.com\/news\/wp-json\/wp\/v2\/types\/post"}],"author":[{"embeddable":true,"href":"https:\/\/www.culturalusa.com\/news\/wp-json\/wp\/v2\/users\/1"}],"replies":[{"embeddable":true,"href":"https:\/\/www.culturalusa.com\/news\/wp-json\/wp\/v2\/comments?post=9504"}],"version-history":[{"count":0,"href":"https:\/\/www.culturalusa.com\/news\/wp-json\/wp\/v2\/posts\/9504\/revisions"}],"wp:featuredmedia":[{"embeddable":true,"href":"https:\/\/www.culturalusa.com\/news\/wp-json\/wp\/v2\/media\/9505"}],"wp:attachment":[{"href":"https:\/\/www.culturalusa.com\/news\/wp-json\/wp\/v2\/media?parent=9504"}],"wp:term":[{"taxonomy":"category","embeddable":true,"href":"https:\/\/www.culturalusa.com\/news\/wp-json\/wp\/v2\/categories?post=9504"},{"taxonomy":"post_tag","embeddable":true,"href":"https:\/\/www.culturalusa.com\/news\/wp-json\/wp\/v2\/tags?post=9504"}],"curies":[{"name":"wp","href":"https:\/\/api.w.org\/{rel}","templated":true}]}}