{"id":9518,"date":"2021-04-25T14:59:32","date_gmt":"2021-04-25T12:59:32","guid":{"rendered":"https:\/\/www.culturalusa.com\/news\/?p=9518"},"modified":"2021-04-25T15:10:25","modified_gmt":"2021-04-25T13:10:25","slug":"25-avril-le-parti-iniciativa-liberal-il-critique-la-gauche-sectaire-et-affirme-que-les-portugais-se-mefient-de-la-liberte-au-portugal","status":"publish","type":"post","link":"https:\/\/www.culturalusa.com\/news\/portugal\/25-avril-le-parti-iniciativa-liberal-il-critique-la-gauche-sectaire-et-affirme-que-les-portugais-se-mefient-de-la-liberte-au-portugal\/","title":{"rendered":"25 avril: le parti Iniciativa Liberal (IL) critique la \u00abgauche sectaire\u00bb et affirme que les Portugais se m\u00e9fient de la Libert\u00e9 au Portugal."},"content":{"rendered":"<p><strong>\u00abNous voulons c\u00e9l\u00e9brer une date que personne ne peut s&rsquo;approprier. La gauche sectaire, du haut de son arrogance morale et intellectuelle, pense poss\u00e9der le 25 avril. Et le droit ambigu le permet faute de spectacle. L&rsquo;initiative lib\u00e9rale dit qu&rsquo;elle est pr\u00e9sente \u00bb<\/strong>, a-t-il soulign\u00e9, faisant r\u00e9f\u00e9rence au d\u00e9fil\u00e9 que les lib\u00e9raux vont maintenir.<\/p>\n<h2>\u00ab\u00a0De plus en plus de Portugais ne croient pas \u00e0 la d\u00e9mocratie et se m\u00e9fient de la libert\u00e9\u00a0\u00bb, estimant que \u00ab\u00a0le syst\u00e8me leur fait d\u00e9faut\u00a0\u00bb, accusant la <span style=\"color: #800000;\">\u00ab\u00a0gauche sectaire\u00a0\u00bb de se consid\u00e9rer comme propri\u00e9taire du 25 de Abril<\/span>, dit IL.<\/h2>\n<p><span style=\"color: #800000;\">Lors de la session solennelle comm\u00e9morant le 47e anniversaire du 25 avril 1974<\/span>, qui a lieu ce matin au Parlement, toujours dans un format r\u00e9duit en raison de la pand\u00e9mie, l&rsquo;unique d\u00e9put\u00e9 de l&rsquo;Initiative lib\u00e9rale, <strong>Jo\u00e3o Cotrim Figueiredo<\/strong>, a d\u00e9clar\u00e9 \u00e0 plusieurs reprises: que les lib\u00e9raux seront cet apr\u00e8s-midi sur l&rsquo;Avenida da Liberdade pour f\u00eater cette date, apr\u00e8s une semaine de pol\u00e9mique avec la commission de promotion du d\u00e9fil\u00e9.<\/p>\n<blockquote><p>\u00abNous voulons c\u00e9l\u00e9brer une date que personne ne peut s&rsquo;approprier. La gauche sectaire, du haut de son arrogance morale et intellectuelle, pense poss\u00e9der le 25 avril. Et le droit ambigu le permet faute de spectacle. L&rsquo;initiative lib\u00e9rale dit qu&rsquo;elle est pr\u00e9sente \u00bb, a-t-il soulign\u00e9, faisant r\u00e9f\u00e9rence au d\u00e9fil\u00e9 que les lib\u00e9raux vont maintenir.<\/p><\/blockquote>\n<p>Du point de vue des lib\u00e9raux, \u00abde plus en plus de Portugais sont sceptiques \u00e0 l&rsquo;\u00e9gard de la d\u00e9mocratie et se m\u00e9fient de la libert\u00e9\u00bb et \u00abont raison\u00bb, des plus pauvres aux plus jeunes.<\/p>\n<h3>\u00abLes Portugais de tous \u00e2ges ont le sentiment que le syst\u00e8me leur fait d\u00e9faut. Vous avez raison. Personne n&rsquo;est tenu pour responsable d&rsquo;actes d&rsquo;incomp\u00e9tence, de n\u00e9gligence ou de m\u00e9fait, alors que la justice est lente et semble toujours \u00eatre du c\u00f4t\u00e9 des puissants \u00bb, a-t-il condamn\u00e9.<\/h3>\n<p>Jo\u00e3o Cotrim Figueiredo a \u00e9galement point\u00e9 du doigt les \u00abpartis coutumiers\u00bb qui \u00abpartagent entre eux petits et grands pouvoirs\u00bb et les probl\u00e8mes d&rsquo;acc\u00e8s universel \u00e0 la sant\u00e9 et \u00e0 l&rsquo;\u00e9ducation.<\/p>\n<blockquote><p>\u00ab\u00a0Vous avez raison. Il y a des milliards d&rsquo;euros \u00e0 enterrer dans la TAP, mais ici \u00e0 El-Rei il n&rsquo;y a pas d&rsquo;argent pour les fonctions essentielles de l&rsquo;Etat ou pour baisser le niveau record des imp\u00f4ts \u00bb, a-t-il critiqu\u00e9.<\/p><\/blockquote>\n<p>Revenant \u00e0 la fin de son discours au d\u00e9fil\u00e9 sur l&rsquo;Avenida na Liberdade, le pr\u00e9sident du parti lib\u00e9ral a \u00e9galement estim\u00e9 qu&rsquo;il ne pouvait y avoir de plus grand contraste entre la joie, l&rsquo;exigence et l&rsquo;ouverture des lib\u00e9raux et la tristesse, la r\u00e9signation et l&rsquo;exclusion des lib\u00e9raux. la gauche sectaire \u00bb.<\/p>\n<h3>\u00abLes lib\u00e9raux tourn\u00e9s vers l&rsquo;avenir, la <span style=\"color: #800000;\">gauche sectaire<\/span> accroch\u00e9e au pass\u00e9. Dans l&rsquo;apr\u00e8s-midi, le parti de droite sera pr\u00e9sent sur l&rsquo;Avenida da Liberdade pour f\u00eater le 25 avril avec les yeux riv\u00e9s sur l&rsquo;avenir d&rsquo;un meilleur Portugal \u00bb, a-t-il soulign\u00e9.<\/h3>\n","protected":false},"excerpt":{"rendered":"<p>\u00abNous voulons c\u00e9l\u00e9brer une date que personne ne peut s&rsquo;approprier. La gauche sectaire, du haut de son arrogance morale et intellectuelle, pense poss\u00e9der le 25 avril. Et le droit ambigu le permet faute de spectacle. L&rsquo;initiative lib\u00e9rale dit qu&rsquo;elle est pr\u00e9sente \u00bb, a-t-il soulign\u00e9, faisant r\u00e9f\u00e9rence au d\u00e9fil\u00e9 que les lib\u00e9raux vont maintenir. \u00ab\u00a0De plus [&hellip;]<\/p>\n","protected":false},"author":1,"featured_media":9519,"comment_status":"open","ping_status":"closed","sticky":false,"template":"","format":"standard","meta":{"footnotes":""},"categories":[3],"tags":[231,1778,1777,1780,1779,321],"class_list":["post-9518","post","type-post","status-publish","format-standard","has-post-thumbnail","hentry","category-portugal","tag-25-avril","tag-democratie","tag-iniciativa-liberal","tag-joao-cotrim-figueiredo","tag-liberte","tag-portugal"],"aioseo_notices":[],"_links":{"self":[{"href":"https:\/\/www.culturalusa.com\/news\/wp-json\/wp\/v2\/posts\/9518","targetHints":{"allow":["GET"]}}],"collection":[{"href":"https:\/\/www.culturalusa.com\/news\/wp-json\/wp\/v2\/posts"}],"about":[{"href":"https:\/\/www.culturalusa.com\/news\/wp-json\/wp\/v2\/types\/post"}],"author":[{"embeddable":true,"href":"https:\/\/www.culturalusa.com\/news\/wp-json\/wp\/v2\/users\/1"}],"replies":[{"embeddable":true,"href":"https:\/\/www.culturalusa.com\/news\/wp-json\/wp\/v2\/comments?post=9518"}],"version-history":[{"count":0,"href":"https:\/\/www.culturalusa.com\/news\/wp-json\/wp\/v2\/posts\/9518\/revisions"}],"wp:featuredmedia":[{"embeddable":true,"href":"https:\/\/www.culturalusa.com\/news\/wp-json\/wp\/v2\/media\/9519"}],"wp:attachment":[{"href":"https:\/\/www.culturalusa.com\/news\/wp-json\/wp\/v2\/media?parent=9518"}],"wp:term":[{"taxonomy":"category","embeddable":true,"href":"https:\/\/www.culturalusa.com\/news\/wp-json\/wp\/v2\/categories?post=9518"},{"taxonomy":"post_tag","embeddable":true,"href":"https:\/\/www.culturalusa.com\/news\/wp-json\/wp\/v2\/tags?post=9518"}],"curies":[{"name":"wp","href":"https:\/\/api.w.org\/{rel}","templated":true}]}}