{"id":9524,"date":"2021-04-26T11:14:15","date_gmt":"2021-04-26T09:14:15","guid":{"rendered":"https:\/\/www.culturalusa.com\/news\/?p=9524"},"modified":"2021-04-26T11:14:15","modified_gmt":"2021-04-26T09:14:15","slug":"prets-participatifs-mis-a-disposition-debut-mai-de-11-milliards-deuros","status":"publish","type":"post","link":"https:\/\/www.culturalusa.com\/news\/economie\/prets-participatifs-mis-a-disposition-debut-mai-de-11-milliards-deuros\/","title":{"rendered":"Pr\u00eats participatifs: mis \u00e0 disposition d\u00e9but mai, de 11 milliards d&rsquo;euros"},"content":{"rendered":"<p>Relance de l&rsquo;\u00e9conomie: <strong>un total de 11 milliards d&rsquo;euros de pr\u00eats participatifs pour soutenir l&rsquo;\u00e9conomie fran\u00e7aise<\/strong>, seront <span style=\"color: #800000;\">mis \u00e0 la disposition des entreprises<\/span> <strong>d\u00e8s le d\u00e9but du mois de mai<\/strong>, a annonc\u00e9 lundi le ministre de l&rsquo;Economie.<\/p>\n<h2>Pour les secteurs \u00ab\u00a0qui sont pr\u00eats \u00e0 red\u00e9marrer, nous allons mettre \u00e0 leur disposition d\u00e9but mai 11 milliards d&rsquo;euros de pr\u00eats participatifs\u00a0\u00bb, a d\u00e9clar\u00e9 Bruno Le Maire sur Europe 1.<\/h2>\n<p>\u00ab\u00a0Onze sur les 20 qui \u00e9taient pr\u00e9vus\u00a0\u00bb, a-t-il pr\u00e9cis\u00e9 en remerciant \u00ab\u00a0les 18 compagnies d&rsquo;assurance, la Caisse des d\u00e9p\u00f4ts et consignations\u00a0\u00bb qui \u00ab\u00a0ont jou\u00e9 le jeu\u00a0\u00bb.<\/p>\n<blockquote><p>C&rsquo;est \u00ab\u00a0de l&rsquo;argent frais pour toutes les entreprises qui vont pouvoir r\u00e9investir, r\u00e9embaucher, r\u00e9cr\u00e9er des emplois\u00a0\u00bb, s&rsquo;est r\u00e9joui le ministre en rappelant que ces pr\u00eats \u00e9taient d&rsquo;une dur\u00e9e de huit ans avec un diff\u00e9r\u00e9 de remboursement de quatre ans.<\/p><\/blockquote>\n<p><strong>Le minist\u00e8re de l&rsquo;Economie a expliqu\u00e9 qu&rsquo;il s&rsquo;agit d&rsquo;un premier tour de table <span style=\"color: #800000;\">et qu&rsquo;il y en aura un second en juin pour les pr\u00eats participatifs<\/span><\/strong>, ainsi qu&rsquo;un autre dans les prochaines semaines sur les obligations subordonn\u00e9es.<\/p>\n<p>Selon le minist\u00e8re, il s&rsquo;agit de \u00ab\u00a0la plus importante lev\u00e9e de fonds priv\u00e9s pour un fonds de dette en Europe pour les investissements directs dans les entreprises\u00a0\u00bb, \u00e0 l&rsquo;exclusion des investissements indirects, quand un fonds rach\u00e8te des parts \u00e0 d&rsquo;autres fonds qui ont d\u00e9j\u00e0 r\u00e9alis\u00e9 leur investissement.<\/p>\n<p>Le dispositif fran\u00e7ais de pr\u00eats participatifs avait \u00e9t\u00e9 valid\u00e9 par la Commission europ\u00e9enne d\u00e9but mars, les premiers pr\u00eats devant initialement \u00eatre distribu\u00e9s \u00e0 partir d&rsquo;avril et jusqu&rsquo;au 30 juin 2022.<\/p>\n<p>Ces pr\u00eats et obligations sont tous deux consid\u00e9r\u00e9s comme des quasi fonds propres car ils s&rsquo;\u00e9talent sur une p\u00e9riode relativement longue et parce que leur remboursement n&rsquo;est pas prioritaire par rapport \u00e0 d&rsquo;autres cr\u00e9ances.<\/p>\n<p>Le montant du pr\u00eat pourra atteindre 12,5 % du chiffre d&rsquo;affaires 2019 pour les petites et moyennes entreprises (PME), et 8,4 % du chiffre d&rsquo;affaires pour les entreprises de taille interm\u00e9diaire (ETI). Pour y avoir acc\u00e8s, une PME devra justifier d&rsquo;un chiffre d&rsquo;affaires sup\u00e9rieur \u00e0 2 millions d&rsquo;euros.<\/p>\n","protected":false},"excerpt":{"rendered":"<p>Relance de l&rsquo;\u00e9conomie: un total de 11 milliards d&rsquo;euros de pr\u00eats participatifs pour soutenir l&rsquo;\u00e9conomie fran\u00e7aise, seront mis \u00e0 la disposition des entreprises d\u00e8s le d\u00e9but du mois de mai, a annonc\u00e9 lundi le ministre de l&rsquo;Economie. Pour les secteurs \u00ab\u00a0qui sont pr\u00eats \u00e0 red\u00e9marrer, nous allons mettre \u00e0 leur disposition d\u00e9but mai 11 milliards [&hellip;]<\/p>\n","protected":false},"author":1,"featured_media":9525,"comment_status":"open","ping_status":"closed","sticky":false,"template":"","format":"standard","meta":{"footnotes":""},"categories":[1],"tags":[1721,1782,1579,1781],"class_list":["post-9524","post","type-post","status-publish","format-standard","has-post-thumbnail","hentry","category-economie","tag-economie-francaise","tag-bruno-le-maire","tag-entreprises","tag-prets-participatifs"],"aioseo_notices":[],"_links":{"self":[{"href":"https:\/\/www.culturalusa.com\/news\/wp-json\/wp\/v2\/posts\/9524","targetHints":{"allow":["GET"]}}],"collection":[{"href":"https:\/\/www.culturalusa.com\/news\/wp-json\/wp\/v2\/posts"}],"about":[{"href":"https:\/\/www.culturalusa.com\/news\/wp-json\/wp\/v2\/types\/post"}],"author":[{"embeddable":true,"href":"https:\/\/www.culturalusa.com\/news\/wp-json\/wp\/v2\/users\/1"}],"replies":[{"embeddable":true,"href":"https:\/\/www.culturalusa.com\/news\/wp-json\/wp\/v2\/comments?post=9524"}],"version-history":[{"count":0,"href":"https:\/\/www.culturalusa.com\/news\/wp-json\/wp\/v2\/posts\/9524\/revisions"}],"wp:featuredmedia":[{"embeddable":true,"href":"https:\/\/www.culturalusa.com\/news\/wp-json\/wp\/v2\/media\/9525"}],"wp:attachment":[{"href":"https:\/\/www.culturalusa.com\/news\/wp-json\/wp\/v2\/media?parent=9524"}],"wp:term":[{"taxonomy":"category","embeddable":true,"href":"https:\/\/www.culturalusa.com\/news\/wp-json\/wp\/v2\/categories?post=9524"},{"taxonomy":"post_tag","embeddable":true,"href":"https:\/\/www.culturalusa.com\/news\/wp-json\/wp\/v2\/tags?post=9524"}],"curies":[{"name":"wp","href":"https:\/\/api.w.org\/{rel}","templated":true}]}}