{"id":9533,"date":"2021-04-27T17:00:18","date_gmt":"2021-04-27T15:00:18","guid":{"rendered":"https:\/\/www.culturalusa.com\/news\/?p=9533"},"modified":"2021-04-27T17:01:01","modified_gmt":"2021-04-27T15:01:01","slug":"marine-le-pen-deplore-la-fermete-du-gouvernement-contre-la-tribune-de-militaires","status":"publish","type":"post","link":"https:\/\/www.culturalusa.com\/news\/politique\/marine-le-pen-deplore-la-fermete-du-gouvernement-contre-la-tribune-de-militaires\/","title":{"rendered":"Marine Le Pen d\u00e9plore la \u00ab\u00a0fermet\u00e9\u00a0\u00bb du gouvernement contre la \u00ab\u00a0Tribune de militaires\u00a0\u00bb"},"content":{"rendered":"<p><strong>Marine Le Pen a affirm\u00e9 qu&rsquo;elle ne regrettait \u00ab\u00a0absolument pas\u00a0\u00bb son soutien \u00e0 une tribune de militaires<\/strong> qui menacent d&rsquo;intervenir face au \u00ab\u00a0chaos croissant\u00a0\u00bb qui r\u00e8gne \u00e0 leur yeux en France, et qu&rsquo;elle d\u00e9plorait \u00ab\u00a0la fermet\u00e9\u00a0\u00bb du gouvernement \u00e0 leur \u00e9gard.<\/p>\n<blockquote><p>\u00ab\u00a0Ces militaires, ils savent tr\u00e8s bien comment \u00e7a se passe quand les politiques ne font pas leur travail, ne font pas respecter la Constitution. A un moment donn\u00e9, la situation est si grave qu&rsquo;on en appelle \u00e0 l&rsquo;arm\u00e9e\u00a0\u00bb, a expliqu\u00e9 sur franceinfo la pr\u00e9sidente du Rassemblement national et candidate \u00e0 l&rsquo;Elys\u00e9e.<\/p><\/blockquote>\n<p>Disant \u00ab\u00a0partage(r) leur affliction, leur constat\u00a0\u00bb, face aux \u00ab\u00a0zones de non droit, la criminalit\u00e9, la haine de soi, le refus du patriotisme par nos dirigeants\u00a0\u00bb, elle a toutefois estim\u00e9 que \u00ab\u00a0ces probl\u00e8mes se r\u00e8glent par la politique et par un projet politique valid\u00e9 par les Fran\u00e7ais dans un cadre \u00e9videmment d\u00e9mocratique\u00a0\u00bb.<\/p>\n<p>Dans un texte publi\u00e9 par Valeurs Actuelles le 21 avril, soit 60 ans jour pour jour apr\u00e8s le putsch d&rsquo;Alger, ces militaires &#8211;une vingtaine de g\u00e9n\u00e9raux, une centaine de hauts grad\u00e9s et plus d&rsquo;un millier d&rsquo;autres militaires selon l&rsquo;hebdomadaire&#8211; pr\u00e9viennent que si \u00ab\u00a0le laxisme continue \u00e0 se r\u00e9pandre\u00a0\u00bb, cela rendra n\u00e9cessaire \u00ab\u00a0l&rsquo;intervention de nos camarades d&rsquo;active\u00a0\u00bb.<\/p>\n<h3>Quand la ministre de la D\u00e9fense, Florence Parly les menace de sanctions, elle \u00ab\u00a0est dans son r\u00f4le\u00a0\u00bb, a estim\u00e9 Mme Le Pen. Mais \u00ab\u00a0le gouvernement met beaucoup de fermet\u00e9 \u00e0 leur \u00e9gard\u00a0\u00bb, et \u00ab\u00a0on aimerait qu&rsquo;il y ait autant de fermet\u00e9 \u00e0 l&rsquo;\u00e9gard de la criminalit\u00e9 et de la d\u00e9linquance qui pourrit l&rsquo;existence de nos compatriotes\u00a0\u00bb.<\/h3>\n<p>Pour Nicolas Dupont Aignan, le pr\u00e9sident de Debout la France, cette tribune est \u00ab\u00a0excellente\u00a0\u00bb, \u00ab\u00a0tr\u00e8s mod\u00e9r\u00e9e, elle dit ce que tout le monde constate\u00a0\u00bb. Il a jug\u00e9 sur Sud Radio \u00ab\u00a0effrayant qu&rsquo;aujourd&rsquo;hui toute prise de parole diff\u00e9rente, qui ne rentre pas dans la doxa du gouvernement, des \u00e9colos bobos, des islamo-gauchistes, c&rsquo;est factieux, c&rsquo;est le coup d&rsquo;Etat, le drame\u00a0\u00bb.<\/p>\n<p>\u00ab\u00a0La guerre civile, c&rsquo;est pas nous\u00a0\u00bb, a abond\u00e9 sur RTL l&rsquo;ancien secr\u00e9taire d&rsquo;Etat ultraconservateur Philippe de Villiers, en s&rsquo;inqui\u00e9tant d&rsquo;une \u00ab\u00a0d\u00e9francisation galopante\u00a0\u00bb et en appelant \u00e0 \u00ab\u00a0l&rsquo;insurrection des consciences\u00a0\u00bb. Pour lui, \u00ab\u00a0l&rsquo;enjeu de la pr\u00e9sidentielle sera oui ou non \u00e0 une politique de civilisation\u00a0\u00bb.<\/p>\n<h3>\u00ab\u00a0Engager les militaires \u00e0 faire de la politique, ce n&rsquo;est pas une attitude d&rsquo;Etat\u00a0\u00bb<\/h3>\n<p>Chez LR, l&rsquo;eurod\u00e9put\u00e9 Geoffroy Didier a estim\u00e9 que cette tribune d\u00e9montre l'\u00a0\u00bbattente d&rsquo;autorit\u00e9 dans notre pays\u00a0\u00bb. Mais il a dit \u00ab\u00a0non, non et non\u00a0\u00bb, sur Radio J, \u00e0 une prise de pouvoir des militaires.<\/p>\n<p>\u00ab\u00a0Engager les militaires \u00e0 faire de la politique, ce n&rsquo;est pas une attitude d&rsquo;Etat et je pense que Mme Le Pen a rat\u00e9 une occasion de montrer qu&rsquo;elle avait pris une nouvelle dimension\u00a0\u00bb, a critiqu\u00e9 pour sa part l&rsquo;ancien Premier ministre Jean-Pierre Raffarin (ex-LR) sur LCI.<\/p>\n<p>Jean-Luc M\u00e9lenchon (gauche radicale) et les parlementaires de LFI ont demand\u00e9 au procureur de Paris \u00ab\u00a0d&rsquo;engager des poursuites\u00a0\u00bb contre les auteurs et diffuseurs de la tribune.<\/p>\n<p>Le premier secr\u00e9taire du PS Olivier Faure a d\u00e9nonc\u00e9 dans un tweet une \u00ab\u00a0tribune suffisamment ambigu\u00eb pour que plane la menace s\u00e9ditieuse. La (droite conservatrice) ne change pas. Elle se r\u00e9p\u00e8te\u00a0\u00bb, a-t-il mis en garde, tandis que pour Karima Delli, t\u00eate de liste de l&rsquo;union de la gauche et des \u00e9cologistes pour les r\u00e9gionales dans les Hauts-de-France, cette \u00ab\u00a0faute tr\u00e8s lourde de Marine Le Pen\u00a0\u00bb d\u00e9montre qu'\u00a0\u00bben d\u00e9pit de ce que veut faire croire son parti ne partage pas les valeurs de la R\u00e9publique\u00a0\u00bb. (AFP)<\/p>\n","protected":false},"excerpt":{"rendered":"<p>Marine Le Pen a affirm\u00e9 qu&rsquo;elle ne regrettait \u00ab\u00a0absolument pas\u00a0\u00bb son soutien \u00e0 une tribune de militaires qui menacent d&rsquo;intervenir face au \u00ab\u00a0chaos croissant\u00a0\u00bb qui r\u00e8gne \u00e0 leur yeux en France, et qu&rsquo;elle d\u00e9plorait \u00ab\u00a0la fermet\u00e9\u00a0\u00bb du gouvernement \u00e0 leur \u00e9gard. \u00ab\u00a0Ces militaires, ils savent tr\u00e8s bien comment \u00e7a se passe quand les politiques ne [&hellip;]<\/p>\n","protected":false},"author":1,"featured_media":9534,"comment_status":"open","ping_status":"closed","sticky":false,"template":"","format":"standard","meta":{"footnotes":""},"categories":[1494],"tags":[1787,391,1785,1786],"class_list":["post-9533","post","type-post","status-publish","format-standard","has-post-thumbnail","hentry","category-politique","tag-criminalite","tag-marine-le-pen","tag-tribune-de-militaires","tag-zones-de-non-droit"],"aioseo_notices":[],"_links":{"self":[{"href":"https:\/\/www.culturalusa.com\/news\/wp-json\/wp\/v2\/posts\/9533","targetHints":{"allow":["GET"]}}],"collection":[{"href":"https:\/\/www.culturalusa.com\/news\/wp-json\/wp\/v2\/posts"}],"about":[{"href":"https:\/\/www.culturalusa.com\/news\/wp-json\/wp\/v2\/types\/post"}],"author":[{"embeddable":true,"href":"https:\/\/www.culturalusa.com\/news\/wp-json\/wp\/v2\/users\/1"}],"replies":[{"embeddable":true,"href":"https:\/\/www.culturalusa.com\/news\/wp-json\/wp\/v2\/comments?post=9533"}],"version-history":[{"count":0,"href":"https:\/\/www.culturalusa.com\/news\/wp-json\/wp\/v2\/posts\/9533\/revisions"}],"wp:featuredmedia":[{"embeddable":true,"href":"https:\/\/www.culturalusa.com\/news\/wp-json\/wp\/v2\/media\/9534"}],"wp:attachment":[{"href":"https:\/\/www.culturalusa.com\/news\/wp-json\/wp\/v2\/media?parent=9533"}],"wp:term":[{"taxonomy":"category","embeddable":true,"href":"https:\/\/www.culturalusa.com\/news\/wp-json\/wp\/v2\/categories?post=9533"},{"taxonomy":"post_tag","embeddable":true,"href":"https:\/\/www.culturalusa.com\/news\/wp-json\/wp\/v2\/tags?post=9533"}],"curies":[{"name":"wp","href":"https:\/\/api.w.org\/{rel}","templated":true}]}}