{"id":9558,"date":"2021-05-03T18:00:59","date_gmt":"2021-05-03T16:00:59","guid":{"rendered":"https:\/\/www.culturalusa.com\/news\/?p=9558"},"modified":"2021-05-03T18:07:26","modified_gmt":"2021-05-03T16:07:26","slug":"leurope-desserre-la-vis-linde-submergee-par-lepidemie","status":"publish","type":"post","link":"https:\/\/www.culturalusa.com\/news\/actualite\/leurope-desserre-la-vis-linde-submergee-par-lepidemie\/","title":{"rendered":"L&rsquo;Europe desserre la vis, l&rsquo;Inde submerg\u00e9e par l&rsquo;\u00e9pid\u00e9mie"},"content":{"rendered":"<p>CoronaVirus: <strong>l&rsquo;Europe a annonc\u00e9 de nouveaux assouplissements de ses mesures de lutte contre le Covid-19<\/strong>, l&rsquo;UE proposant d&rsquo;<span style=\"color: #800000;\"><strong>ouvrir ses fronti\u00e8res aux voyageurs vaccin\u00e9s \u00e0 l&rsquo;approche de l&rsquo;\u00e9t\u00e9<\/strong><\/span>, au moment o\u00f9 l&rsquo;\u00e9pid\u00e9mie flambe en Inde avec pr\u00e8s de 20 millions de cas.<\/p>\n<blockquote><p>Le g\u00e9ant asiatique a recens\u00e9 370.000 contaminations et 3.400 d\u00e9c\u00e8s suppl\u00e9mentaires en 24 heures, ce qui porte le bilan total \u00e0 plus de 219.000 morts, une flamb\u00e9e attribu\u00e9e \u00e0 des rassemblements religieux et politiques autoris\u00e9s ces derniers mois, ainsi qu&rsquo;\u00e0 l&rsquo;inaction du gouvernement de Narendra Modi.<\/p><\/blockquote>\n<p>Les h\u00f4pitaux sont submerg\u00e9s et \u00e0 court de r\u00e9serves d&rsquo;oxyg\u00e8ne, de m\u00e9dicaments, de lits. Des avions charg\u00e9s d&rsquo;\u00e9quipements m\u00e9dicaux propos\u00e9s par l&rsquo;Allemagne et la France sont arriv\u00e9s \u00e0 New Delhi pendant le weekend.<\/p>\n<p>\u00ab\u00a0Les gens meurent parfois devant les h\u00f4pitaux. Ils n&rsquo;ont plus d&rsquo;oxyg\u00e8ne. Parfois ils meurent dans leurs voitures\u00a0\u00bb a expliqu\u00e9 l&rsquo;ambassadeur allemand en Inde, Walter J. Lindner.<\/p>\n<p>Les autorit\u00e9s de New Delhi ont prolong\u00e9 de nouveau d&rsquo;une semaine le confinement, qui devait s&rsquo;achever lundi, dans la m\u00e9gapole de 20 millions d&rsquo;habitants.<\/p>\n<h3>\u00a0Concert-test \u00e0 Liverpool<\/h3>\n<p>En Europe pendant ce temps, la France et la Gr\u00e8ce assouplissaient prudemment leurs mesures sanitaires. <strong>La Commission europ\u00e9enne a propos\u00e9 de permettre l&rsquo;entr\u00e9e dans l&rsquo;Union aux voyageurs en provenance de pays tiers ayant re\u00e7u les doses n\u00e9cessaires de vaccins<\/strong>, \u00e0 l&rsquo;approche de la saison touristique estivale.<\/p>\n<p>Les ambassadeurs des 27 Etats membres doivent examiner cette proposition mercredi, alors que les gouvernements europ\u00e9ens desserrent la vis des restrictions au fur et \u00e0 mesure que les populations \u00e2g\u00e9es et fragiles sont vaccin\u00e9es.<\/p>\n<blockquote><p>Une foule de 5.000 personnes a pu chanter et danser sans masque ni distanciation lors d&rsquo;un festival de musique \u00e0 Liverpool, un \u00e9v\u00e9nement visant \u00e0 tester les mesures pr\u00e9vues \u00e0 partir du 21 juin, o\u00f9 l&rsquo;essentiel des restrictions contre le coronavirus doit \u00eatre lev\u00e9 au Royaume-Uni.<\/p><\/blockquote>\n<p>\u00ab\u00a0Faire de nouveau les choses normales que font les gens normaux&#8230; enfin!\u00a0\u00bb, s&rsquo;est r\u00e9joui Matt Berry, qui comme tous les participants s&rsquo;est soumis \u00e0 un test antig\u00e9nique et devra se faire tester apr\u00e8s le concert.<\/p>\n<p>La France a commenc\u00e9 \u00e0 desserrer ses mesures lundi, premi\u00e8re des quatre \u00e9tapes voulues par le pr\u00e9sident Emmanuel Macron, avec la fin des restrictions de d\u00e9placement et le retour partiel des coll\u00e9giens et lyc\u00e9ens en classe, sur fond de lente d\u00e9crue des hospitalisations.<\/p>\n<p>\u00ab\u00a0Le pr\u00e9sentiel c&rsquo;est beaucoup mieux que le distanciel, j&rsquo;arrive \u00e0 suivre, j&rsquo;ai les profs, j&rsquo;ai les exos \u00e0 faire. Je me sens plus motiv\u00e9 qu&rsquo;en distanciel o\u00f9 j&rsquo;ai le lit, je suis dans ma chambre, \u00e7a donne beaucoup envie de dormir, on a beaucoup de distractions\u00a0\u00bb, explique Edval Muniz Neto, \u00e9l\u00e8ve en terminale de 19 ans \u00e0 Paris.<\/p>\n<p>La prochaine \u00e9tape est pr\u00e9vue le 19 mai, avec la r\u00e9ouverture limit\u00e9e des commerces, cin\u00e9mas, mus\u00e9es, th\u00e9\u00e2tres et terrasses des bars et restaurants.<\/p>\n<h3>Terrasses ouvertes en Gr\u00e8ce<\/h3>\n<p>En Gr\u00e8ce, caf\u00e9s et restaurants ont rouvert lundi leurs terrasses apr\u00e8s six mois de fermeture. Pour Yannis Karagiannakis, serveur, c&rsquo;est un soulagement. \u00ab\u00a0J&rsquo;\u00e9tais \u00e0 l&rsquo;arr\u00eat depuis six mois, je tournais en rond, je d\u00e9primais&#8230;\u00a0\u00bb.<\/p>\n<p>Le gouvernement grec a acc\u00e9l\u00e9r\u00e9 sa campagne de vaccination ces derniers jours, en permettant notamment aux trentenaires de se faire vacciner. Plus de 3 millions de vaccinations ont \u00e9t\u00e9 r\u00e9alis\u00e9s dans ce pays de 11 millions d&rsquo;habitants.<\/p>\n<p>En Russie, en revanche, 10 jours f\u00e9ri\u00e9s ont \u00e9t\u00e9 d\u00e9cr\u00e9t\u00e9s pour lutter contre un regain \u00e9pid\u00e9mique, du 1er au 10 mai.<\/p>\n<p>Voisin de l&rsquo;Inde, le Pakistan a ferm\u00e9 ses fronti\u00e8res terrestres avec l&rsquo;Iran et l&rsquo;Afghanistan et va suspendre mercredi pour deux semaines 80% de ses liaisons internationales, avant la f\u00eate musulmane de l&rsquo;A\u00efd el-Fitr le 13 mai, occasion de grands d\u00e9placements de population et de retour des Pakistanais travaillant \u00e0 l&rsquo;\u00e9tranger. Le pays, qui a d\u00e9j\u00e0 enregistr\u00e9 18.000 morts et 800.000 cas, fait face \u00e0 une troisi\u00e8me vague de l&rsquo;\u00e9pid\u00e9mie.<\/p>\n<p>Au total, la pand\u00e9mie a fait plus de 3,20 millions de morts dans le monde, selon un bilan de l&rsquo;AFP lundi.<\/p>\n<h3>500 millions de doses pour du vaccin Covax<\/h3>\n<p>L&rsquo;Am\u00e9rique latine est frapp\u00e9e de plein fouet, \u00e0 commencer par le Br\u00e9sil, qui a enregistr\u00e9 dimanche 1.202 d\u00e9c\u00e8s.<\/p>\n<p>Le pays de 212 millions d&rsquo;habitants d\u00e9plore au moins 407.639 morts, ce qui en fait le deuxi\u00e8me plus endeuill\u00e9 au monde derri\u00e8re les Etats-Unis (plus de 577.000 morts).<\/p>\n<h3>Aux Etats-Unis, un concert de stars \u00e0 Los Angeles a collect\u00e9 53 millions de dollars pour acheter des vaccins \u00e0 destination des pays pauvres.<\/h3>\n<p>Le prince Harry, Jennifer Lopez, Sean Penn et Ben Affleck sont apparus sur sc\u00e8ne devant des spectateurs vaccin\u00e9s dans un stade californien, pour ce concert caritatif qui sera transmis \u00e0 la t\u00e9l\u00e9vision et sur Youtube le 8 mai.<\/p>\n<p>\u00ab\u00a0Le virus ne respecte pas les fronti\u00e8res et l&rsquo;acc\u00e8s au vaccin ne peut \u00eatre d\u00e9termin\u00e9 par la g\u00e9ographie\u00a0\u00bb, a d\u00e9clar\u00e9 le prince, accueilli par une standing ovation.<\/p>\n<p>Le laboratoire am\u00e9ricain <strong>Moderna<\/strong> a sign\u00e9 un accord pour <strong>fournir 500 millions de doses de vaccin au syst\u00e8me international Covax<\/strong>, initiative destin\u00e9e \u00e0 favoriser au acc\u00e8s \u00e9quitable au vaccin dans 200 pays. Le r\u00e9gulateur europ\u00e9en a lui commenc\u00e9 l&rsquo;\u00e9valuation du vaccin de Pfizer\/BioNTech pour les 12-15 ans. (AFP)<\/p>\n","protected":false},"excerpt":{"rendered":"<p>CoronaVirus: l&rsquo;Europe a annonc\u00e9 de nouveaux assouplissements de ses mesures de lutte contre le Covid-19, l&rsquo;UE proposant d&rsquo;ouvrir ses fronti\u00e8res aux voyageurs vaccin\u00e9s \u00e0 l&rsquo;approche de l&rsquo;\u00e9t\u00e9, au moment o\u00f9 l&rsquo;\u00e9pid\u00e9mie flambe en Inde avec pr\u00e8s de 20 millions de cas. Le g\u00e9ant asiatique a recens\u00e9 370.000 contaminations et 3.400 d\u00e9c\u00e8s suppl\u00e9mentaires en 24 heures, [&hellip;]<\/p>\n","protected":false},"author":1,"featured_media":8064,"comment_status":"open","ping_status":"closed","sticky":false,"template":"","format":"standard","meta":{"footnotes":""},"categories":[30],"tags":[1206,1180,85,1376,1722],"class_list":["post-9558","post","type-post","status-publish","format-standard","has-post-thumbnail","hentry","category-actualite","tag-epidemie","tag-coronavirus","tag-europe","tag-inde","tag-vaccin-covax"],"aioseo_notices":[],"_links":{"self":[{"href":"https:\/\/www.culturalusa.com\/news\/wp-json\/wp\/v2\/posts\/9558","targetHints":{"allow":["GET"]}}],"collection":[{"href":"https:\/\/www.culturalusa.com\/news\/wp-json\/wp\/v2\/posts"}],"about":[{"href":"https:\/\/www.culturalusa.com\/news\/wp-json\/wp\/v2\/types\/post"}],"author":[{"embeddable":true,"href":"https:\/\/www.culturalusa.com\/news\/wp-json\/wp\/v2\/users\/1"}],"replies":[{"embeddable":true,"href":"https:\/\/www.culturalusa.com\/news\/wp-json\/wp\/v2\/comments?post=9558"}],"version-history":[{"count":0,"href":"https:\/\/www.culturalusa.com\/news\/wp-json\/wp\/v2\/posts\/9558\/revisions"}],"wp:featuredmedia":[{"embeddable":true,"href":"https:\/\/www.culturalusa.com\/news\/wp-json\/wp\/v2\/media\/8064"}],"wp:attachment":[{"href":"https:\/\/www.culturalusa.com\/news\/wp-json\/wp\/v2\/media?parent=9558"}],"wp:term":[{"taxonomy":"category","embeddable":true,"href":"https:\/\/www.culturalusa.com\/news\/wp-json\/wp\/v2\/categories?post=9558"},{"taxonomy":"post_tag","embeddable":true,"href":"https:\/\/www.culturalusa.com\/news\/wp-json\/wp\/v2\/tags?post=9558"}],"curies":[{"name":"wp","href":"https:\/\/api.w.org\/{rel}","templated":true}]}}