{"id":9570,"date":"2021-05-05T21:30:34","date_gmt":"2021-05-05T19:30:34","guid":{"rendered":"https:\/\/www.culturalusa.com\/news\/?p=9570"},"modified":"2021-05-05T21:30:34","modified_gmt":"2021-05-05T19:30:34","slug":"emmanuel-macron-napoleon-bonaparte-est-une-part-de-nous","status":"publish","type":"post","link":"https:\/\/www.culturalusa.com\/news\/actualite\/emmanuel-macron-napoleon-bonaparte-est-une-part-de-nous\/","title":{"rendered":"Emmanuel Macron: \u00ab\u00a0Napol\u00e9on Bonaparte est une part de nous\u00a0\u00bb"},"content":{"rendered":"<p><strong>\u00ab\u00a0Napol\u00e9on Bonaparte est une part de nous\u00a0\u00bb<\/strong>, souligne Emmanuel Macron qui a dress\u00e9 un portrait \u00ab\u00a0en clair-obscur\u00a0\u00bb de cette figure controvers\u00e9e de l&rsquo;<strong>Histoire de France<\/strong>, d\u00e9non\u00e7ant ses \u00ab\u00a0fautes\u00a0\u00bb, comme le r\u00e9tablissement de l&rsquo;esclavage, mais aussi c\u00e9l\u00e9brant ses qualit\u00e9s de \u00ab\u00a0b\u00e2tisseur et l\u00e9gislateur\u00a0\u00bb et de d\u00e9fenseur de la souverainet\u00e9 nationale.<\/p>\n<blockquote><p>En comm\u00e9morant le bicentenaire de la mort de l&rsquo;Empereur, le chef de l&rsquo;Etat, premier pr\u00e9sident \u00e0 s&rsquo;exprimer sur Napol\u00e9on depuis Pompidou, a expliqu\u00e9 dans un discours \u00e0 l&rsquo;Institut de France vouloir r\u00e9aliser une \u00ab\u00a0comm\u00e9moration \u00e9clair\u00e9e\u00a0\u00bb.<\/p><\/blockquote>\n<p>Avec, a-t-il insist\u00e9, \u00ab\u00a0la volont\u00e9 de ne rien c\u00e9der \u00e0 ceux qui entendent effacer le pass\u00e9 au motif qu&rsquo;il ne correspond pas \u00e0 l&rsquo;id\u00e9e qu&rsquo;ils se font du pr\u00e9sent\u00a0\u00bb, en une critique implicite de la \u00ab\u00a0cancel culture\u00a0\u00bb.<\/p>\n<h3>\u00ab\u00a0De l&rsquo;Empire nous avons renonc\u00e9 au pire, de l&rsquo;Empereur nous avons embelli le meilleur\u00a0\u00bb, a-t-il affirm\u00e9, appelant de nouveau \u00e0 \u00ab\u00a0regarder notre Histoire en face et en bloc\u00a0\u00bb.<\/h3>\n<p>Sur l&rsquo;esclavage, que Napol\u00e9on a r\u00e9tabli, il d\u00e9clare ainsi que \u00ab\u00a0la Deuxi\u00e8me R\u00e9publique a r\u00e9par\u00e9 en 1848 cette trahison de l&rsquo;esprit des Lumi\u00e8res\u00a0\u00bb.<\/p>\n<p>Evoquant les pertes en vies humaines dont l&rsquo;Empereur est responsable, il souligne que la France a depuis \u00ab\u00a0plac\u00e9 la valeur de la vie humaine plus haut que tout que ce soit, dans les guerres ou dans les pand\u00e9mies\u00a0\u00bb, une r\u00e9f\u00e9rence \u00e0 la gestion du Covid-19.<\/p>\n<p>Il a enfin condamn\u00e9 son \u00ab\u00a0exercice arbitraire d&rsquo;un pouvoir solitaire\u00a0\u00bb<\/p>\n<h3>Le chef de l&rsquo;Etat a en revanche rendu hommage \u00e0 \u00ab\u00a0un strat\u00e8ge, un l\u00e9gislateur, un b\u00e2tisseur\u00a0\u00bb, \u00e0 \u00ab\u00a0cette part de France qui a conquis le monde\u00a0\u00bb.<\/h3>\n<p>Il a c\u00e9l\u00e9br\u00e9 celui qui \u00ab\u00a0a grav\u00e9 dans le marbre l&rsquo;\u00e9galit\u00e9 civile entre les hommes avec le Code civil, la protection de la loi pour tous avec le Code p\u00e9nal\u00a0\u00bb.<\/p>\n<p>Mais a ajout\u00e9 que l&rsquo;Etat avait \u00ab\u00a0poursuivi cette oeuvre de progr\u00e8s en agissant pour l&rsquo;\u00e9galit\u00e9 entre les femmes et les hommes\u00a0\u00bb et en abolissant la peine de mort\u00a0\u00bb, alors que Napol\u00e9on est critiqu\u00e9 pour avoir inscrit l&rsquo;inf\u00e9riorit\u00e9 de la femme par rapport \u00e0 son mari dans le Code civil.<\/p>\n<p>Autre \u00e9cho \u00e0 l&rsquo;actualit\u00e9, Emmanuel Macron a aussi applaudi celui qui a \u00ab\u00a0apais\u00e9 les relations avec les grandes religions, par le Concordat, par le Grand Sanh\u00e9drin, une cour supr\u00eame juive convoqu\u00e9e par Napol\u00e9on au d\u00e9but du XIX\u00e8me si\u00e8cle.<\/p>\n<p>Dans une ode \u00e0 la valeur individuelle qui r\u00e9sonne avec son propre credo politique, il a c\u00e9l\u00e9br\u00e9 enfin une vie de \u00ab\u00a0volont\u00e9\u00a0\u00bb, de \u00ab\u00a0libert\u00e9\u00a0\u00bb, de \u00ab\u00a0go\u00fbt du possible\u00a0\u00bb, qui \u00ab\u00a0d\u00e9montre qu&rsquo;un homme peut changer le cours de l&rsquo;Histoire\u00a0\u00bb, ainsi qu&rsquo;une \u00ab\u00a0invitation \u00e0 prendre son risque, faire confiance \u00e0 l&rsquo;imagination, \u00eatre pleinement soi\u00a0\u00bb. (AFP)<\/p>\n","protected":false},"excerpt":{"rendered":"<p>\u00ab\u00a0Napol\u00e9on Bonaparte est une part de nous\u00a0\u00bb, souligne Emmanuel Macron qui a dress\u00e9 un portrait \u00ab\u00a0en clair-obscur\u00a0\u00bb de cette figure controvers\u00e9e de l&rsquo;Histoire de France, d\u00e9non\u00e7ant ses \u00ab\u00a0fautes\u00a0\u00bb, comme le r\u00e9tablissement de l&rsquo;esclavage, mais aussi c\u00e9l\u00e9brant ses qualit\u00e9s de \u00ab\u00a0b\u00e2tisseur et l\u00e9gislateur\u00a0\u00bb et de d\u00e9fenseur de la souverainet\u00e9 nationale. En comm\u00e9morant le bicentenaire de la [&hellip;]<\/p>\n","protected":false},"author":1,"featured_media":9571,"comment_status":"open","ping_status":"closed","sticky":false,"template":"","format":"standard","meta":{"footnotes":""},"categories":[30],"tags":[642,1806,1805],"class_list":["post-9570","post","type-post","status-publish","format-standard","has-post-thumbnail","hentry","category-actualite","tag-emmanuel-macron","tag-histoire-de-france","tag-napoleon-bonaparte"],"aioseo_notices":[],"_links":{"self":[{"href":"https:\/\/www.culturalusa.com\/news\/wp-json\/wp\/v2\/posts\/9570","targetHints":{"allow":["GET"]}}],"collection":[{"href":"https:\/\/www.culturalusa.com\/news\/wp-json\/wp\/v2\/posts"}],"about":[{"href":"https:\/\/www.culturalusa.com\/news\/wp-json\/wp\/v2\/types\/post"}],"author":[{"embeddable":true,"href":"https:\/\/www.culturalusa.com\/news\/wp-json\/wp\/v2\/users\/1"}],"replies":[{"embeddable":true,"href":"https:\/\/www.culturalusa.com\/news\/wp-json\/wp\/v2\/comments?post=9570"}],"version-history":[{"count":0,"href":"https:\/\/www.culturalusa.com\/news\/wp-json\/wp\/v2\/posts\/9570\/revisions"}],"wp:featuredmedia":[{"embeddable":true,"href":"https:\/\/www.culturalusa.com\/news\/wp-json\/wp\/v2\/media\/9571"}],"wp:attachment":[{"href":"https:\/\/www.culturalusa.com\/news\/wp-json\/wp\/v2\/media?parent=9570"}],"wp:term":[{"taxonomy":"category","embeddable":true,"href":"https:\/\/www.culturalusa.com\/news\/wp-json\/wp\/v2\/categories?post=9570"},{"taxonomy":"post_tag","embeddable":true,"href":"https:\/\/www.culturalusa.com\/news\/wp-json\/wp\/v2\/tags?post=9570"}],"curies":[{"name":"wp","href":"https:\/\/api.w.org\/{rel}","templated":true}]}}