{"id":9577,"date":"2021-05-08T00:40:35","date_gmt":"2021-05-07T22:40:35","guid":{"rendered":"https:\/\/www.culturalusa.com\/news\/?p=9577"},"modified":"2021-05-08T00:40:35","modified_gmt":"2021-05-07T22:40:35","slug":"euthanasie-300-deputes-reclament-a-jean-castex-de-poursuivre-les-debats","status":"publish","type":"post","link":"https:\/\/www.culturalusa.com\/news\/actualite\/euthanasie-300-deputes-reclament-a-jean-castex-de-poursuivre-les-debats\/","title":{"rendered":"Euthanasie: 300 d\u00e9put\u00e9s r\u00e9clament \u00e0 Jean Castex de poursuivre les d\u00e9bats"},"content":{"rendered":"<p>Quelque 300 d\u00e9put\u00e9s de tous bords, soit plus de la moiti\u00e9 de l&rsquo;Assembl\u00e9e nationale, ont demand\u00e9 au Premier ministre d&rsquo;inscrire \u00e0 l&rsquo;ordre du jour la proposition de loi autorisant l&rsquo;euthanasie, dont l&rsquo;examen n&rsquo;avait pu aller \u00e0 son terme en avril, dans un courrier dont l&rsquo;AFP a eu copie.<\/p>\n<p>Plusieurs ministres, Marl\u00e8ne Schiappa, Olivier Dussopt et Agn\u00e8s Pannier-Runacher, ont apport\u00e9 leur soutien au texte qu&rsquo;ils ont retwitt\u00e9.<\/p>\n<blockquote><p>Malgr\u00e9 un large soutien, la proposition de loi ouvrant un droit \u00e0 \u00ab\u00a0une fin de vie libre et choisie\u00a0\u00bb du d\u00e9put\u00e9 Olivier Falorni (groupe Libert\u00e9s et territoires) n&rsquo;a pu \u00eatre adopt\u00e9e face \u00e0 des milliers d&rsquo;amendements d\u00e9pos\u00e9s par quelques \u00e9lus LR et un temps contraint, le 8 avril.<\/p><\/blockquote>\n<p>\u00ab\u00a0Il importe maintenant de poursuivre ce travail parlementaire. <strong>Les Fran\u00e7ais demandent instamment \u00e0 ce que tout soit fait dans la p\u00e9riode actuelle pour prot\u00e9ger les vivants et pour humaniser l&rsquo;agonie des mourants<\/strong>\u00a0\u00bb en pleine pand\u00e9mie de Covid-19, soulignent ces 296 d\u00e9put\u00e9s emmen\u00e9s par la pr\u00e9sidente de la commission des Lois Ya\u00ebl Braun-Pivet (LREM), son coll\u00e8gue \u00ab\u00a0marcheur\u00a0\u00bb Jean-Louis Touraine et M. Falorni notamment.<\/p>\n<p>\u00ab\u00a0Nous ne pensons pas que cette loi se pr\u00eate \u00e0 un d\u00e9bat de campagne \u00e9lectorale, ce sujet nous \u00e9levant tous au-dessus de nos appartenances partisanes.<\/p>\n<p>Il nous para\u00eet pr\u00e9f\u00e9rable d&rsquo;organiser d\u00e8s maintenant le travail parlementaire souhaitable pour avancer sur cet important sujet de soci\u00e9t\u00e9\u00a0\u00bb, ajoutent ces d\u00e9put\u00e9s, parmi lesquels le candidat \u00e0 l&rsquo;Elys\u00e9e Jean-Luc M\u00e9lenchon (LFI), le num\u00e9ro un du PS Olivier Faure et \u00e9galement le pr\u00e9sident du groupe Agir Olivier Becht, alli\u00e9 de la majorit\u00e9.<\/p>\n<p>Plut\u00f4t que d&rsquo;inscrire la suite des articles de la proposition de loi \u00ab\u00a0dans une niche de tel ou tel groupe, nous demandons solennellement au gouvernement de bien vouloir mettre du temps parlementaire \u00e0 la disposition de l&rsquo;Assembl\u00e9e\u00a0\u00bb, ajoutent ces d\u00e9put\u00e9s \u00e0 l&rsquo;attention de Jean Castex.<\/p>\n<p>\u00ab\u00a0Le d\u00e9bat m\u00e9rite d&rsquo;avoir lieu, \u00e7a ne fait aucun doute\u00a0\u00bb mais il a \u00ab\u00a0besoin de temps\u00a0\u00bb, sur un sujet aussi \u00ab\u00a0sensible\u00a0\u00bb, avait estim\u00e9 devant l&rsquo;Assembl\u00e9e le ministre de la Sant\u00e9 Olivier V\u00e9ran.<\/p>\n<p>Il a cependant promis une meilleure application de la loi fran\u00e7aise actuelle, dite Claeys-Leonetti, adopt\u00e9e en 2016, qui pr\u00e9voit une s\u00e9dation profonde et continue pouvant mener \u00e0 la mort, mais sans euthanasie active.<\/p>\n<h3>\u00ab\u00a0Je crois qu&rsquo;il nous faudra avancer sur le sujet de la fin de vie\u00a0\u00bb mais \u00ab\u00a0un tel sujet doit n\u00e9cessairement s&rsquo;inscrire dans un d\u00e9bat soci\u00e9tal de fond sur l&rsquo;accompagnement de la fin de vie, sur l&rsquo;aide active \u00e0 mourir et sur les limites \u00e0 y mettre\u00a0\u00bb, avait aussi d\u00e9clar\u00e9 le patron des d\u00e9put\u00e9s LREM Christophe Castaner, dont plus de la moiti\u00e9 des troupes a sign\u00e9 le courrier au chef du gouvernement.<\/h3>\n<p>\u00ab\u00a0Engag\u00e9e de longue date pour le droit \u00e0 la fin de vie dans la dignit\u00e9, je soutiens l&rsquo;appel de ces 297 d\u00e9put\u00e9s\u00a0\u00bb, a \u00e9crit la ministre d\u00e9l\u00e9gu\u00e9e \u00e0 la Citoyennet\u00e9 Marl\u00e8ne Schiappa.<\/p>\n<blockquote><p>\u00ab\u00a0Choisir dans la dignit\u00e9 sa #FindeVie, un d\u00e9bat soci\u00e9tal qui doit trouver sa place au Parlement\u00a0\u00bb, a twitt\u00e9 la ministre d\u00e9l\u00e9gu\u00e9e \u00e0 l&rsquo;Industrie Agn\u00e8s Pannier-Runacher.<\/p><\/blockquote>\n<p>\u00ab\u00a0Signataire de nombreux amendements et propositions de loi en ce sens, je ne peux que partager cette volont\u00e9 de d\u00e9bat et d&rsquo;aboutir d\u00e8s 297 d\u00e9put\u00e9s signataires de cet appel\u00a0\u00bb, a \u00e9crit le ministre des Comptes publics Olivier Dussopt. (AFP)<\/p>\n","protected":false},"excerpt":{"rendered":"<p>Quelque 300 d\u00e9put\u00e9s de tous bords, soit plus de la moiti\u00e9 de l&rsquo;Assembl\u00e9e nationale, ont demand\u00e9 au Premier ministre d&rsquo;inscrire \u00e0 l&rsquo;ordre du jour la proposition de loi autorisant l&rsquo;euthanasie, dont l&rsquo;examen n&rsquo;avait pu aller \u00e0 son terme en avril, dans un courrier dont l&rsquo;AFP a eu copie. Plusieurs ministres, Marl\u00e8ne Schiappa, Olivier Dussopt et [&hellip;]<\/p>\n","protected":false},"author":1,"featured_media":9578,"comment_status":"open","ping_status":"closed","sticky":false,"template":"","format":"standard","meta":{"footnotes":""},"categories":[30],"tags":[679,1811,1812,935],"class_list":["post-9577","post","type-post","status-publish","format-standard","has-post-thumbnail","hentry","category-actualite","tag-assemblee-nationale","tag-euthanasie","tag-findevie","tag-sante"],"aioseo_notices":[],"_links":{"self":[{"href":"https:\/\/www.culturalusa.com\/news\/wp-json\/wp\/v2\/posts\/9577","targetHints":{"allow":["GET"]}}],"collection":[{"href":"https:\/\/www.culturalusa.com\/news\/wp-json\/wp\/v2\/posts"}],"about":[{"href":"https:\/\/www.culturalusa.com\/news\/wp-json\/wp\/v2\/types\/post"}],"author":[{"embeddable":true,"href":"https:\/\/www.culturalusa.com\/news\/wp-json\/wp\/v2\/users\/1"}],"replies":[{"embeddable":true,"href":"https:\/\/www.culturalusa.com\/news\/wp-json\/wp\/v2\/comments?post=9577"}],"version-history":[{"count":0,"href":"https:\/\/www.culturalusa.com\/news\/wp-json\/wp\/v2\/posts\/9577\/revisions"}],"wp:featuredmedia":[{"embeddable":true,"href":"https:\/\/www.culturalusa.com\/news\/wp-json\/wp\/v2\/media\/9578"}],"wp:attachment":[{"href":"https:\/\/www.culturalusa.com\/news\/wp-json\/wp\/v2\/media?parent=9577"}],"wp:term":[{"taxonomy":"category","embeddable":true,"href":"https:\/\/www.culturalusa.com\/news\/wp-json\/wp\/v2\/categories?post=9577"},{"taxonomy":"post_tag","embeddable":true,"href":"https:\/\/www.culturalusa.com\/news\/wp-json\/wp\/v2\/tags?post=9577"}],"curies":[{"name":"wp","href":"https:\/\/api.w.org\/{rel}","templated":true}]}}