{"id":9594,"date":"2021-05-09T11:59:50","date_gmt":"2021-05-09T09:59:50","guid":{"rendered":"https:\/\/www.culturalusa.com\/news\/?p=9594"},"modified":"2021-05-09T12:13:47","modified_gmt":"2021-05-09T10:13:47","slug":"portugal-des-milliers-de-manifestants-a-porto-contre-le-sommet-social-de-lue","status":"publish","type":"post","link":"https:\/\/www.culturalusa.com\/news\/portugal\/portugal-des-milliers-de-manifestants-a-porto-contre-le-sommet-social-de-lue\/","title":{"rendered":"Portugal: Des milliers de manifestants \u00e0 Porto contre le sommet social de l&rsquo;UE"},"content":{"rendered":"<p>En marge d&rsquo;un <strong>sommet europ\u00e9en o\u00f9 les Vingt-Sept<\/strong> se sont engag\u00e9s \u00e0 b\u00e2tir une Europe plus sociale, des milliers de manifestants ont d\u00e9fil\u00e9 samedi \u00e0 Porto, dans le nord du Portugal, pour d\u00e9noncer le ch\u00f4mage, la pr\u00e9carit\u00e9 ou les privatisations.<\/p>\n<blockquote><p>\u00ab\u00a0S&rsquo;ils ont des pr\u00e9occupations sociales, ce n&rsquo;est pas un sommet qu&rsquo;il faut mais des actions concr\u00e8tes sur le terrain. Les entreprises, on sait qu&rsquo;elles n&rsquo;ont pas de pr\u00e9occupations sociales\u00a0\u00bb, a t\u00e9moign\u00e9 \u00e0 l&rsquo;AFP Telmo Silva.<\/p><\/blockquote>\n<h3>Touch\u00e9 par le licenciement collectif de 150 salari\u00e9s d&rsquo;une importante raffinerie du pays qui a r\u00e9cemment cess\u00e9 son activit\u00e9, cet homme de 36 ans accuse son employeur depuis 15 ans, le groupe \u00e9nerg\u00e9tique portugais Galp, de \u00ab\u00a0profiter de la transition \u00e9nerg\u00e9tique pour supprimer des emplois, r\u00e9duire les salaires et retirer des droits\u00a0\u00bb.<\/h3>\n<p>Le Premier ministre portugais Antonio Costa, dont le pays assure la pr\u00e9sidence tournante de l&rsquo;Union europ\u00e9enne, avait r\u00e9p\u00e9t\u00e9 \u00e0 l&rsquo;envi que le sommet social de Porto devait pr\u00e9cis\u00e9ment rassurer les Europ\u00e9ens.<\/p>\n<div class=\"box-nice\">\n<h3><span style=\"color: #800000;\">Malgr\u00e9 l&rsquo;endettement de l&rsquo;\u00e9conomie portugaise qui s&rsquo;\u00e9tablit \u00e0 736,6 milliards d&rsquo;euros<\/span>, et les diverses affaires de corruption,  le premier ministre portugais a promis \u00ab\u00a0une Europe meilleure\u00a0\u00bb, au terme d&rsquo;une journ\u00e9e de conf\u00e9rences avec les partenaires sociaux. <a href=\"https:\/\/www.culturalusa.com\/news\/portugal\/portugal-petition-publique-contre-le-juge-ivo-rosa-concernant-le-proces-de-jose-socrates\/\">Plus d&rsquo;Info &raquo; <\/a><\/h3>\n<\/div>\n<p>Apr\u00e8s une s\u00e9rie de r\u00e9unions avec des repr\u00e9sentants des syndicats et du patronat vendredi, les dirigeants de l&rsquo;UE ont approuv\u00e9 samedi un \u00ab\u00a0plan d&rsquo;action\u00a0\u00bb sur le dossier social que la Commission avait pr\u00e9sent\u00e9 d\u00e9but mars.<\/p>\n<p>\u00ab\u00a0Les travailleurs consid\u00e8rent que les r\u00e9ponses n\u00e9cessaires ne sont pas donn\u00e9es. Il faut lutter contre cette politique de bas salaires, de pr\u00e9carit\u00e9 et de d\u00e9t\u00e9rioration des services publics\u00a0\u00bb, a d\u00e9clar\u00e9 Isabel Camarinha, la secr\u00e9taire g\u00e9n\u00e9rale de la Conf\u00e9d\u00e9ration g\u00e9n\u00e9rale des travailleurs portugais (CGTP), qui a organis\u00e9 la manifestation de samedi.<\/p>\n<p>\u00ab\u00a0Ce sommet europ\u00e9en est une d\u00e9ception. Il a d\u00e9bouch\u00e9 sur une s\u00e9rie de bonnes intentions et pas une seule mesure concr\u00e8te\u00a0\u00bb, a d\u00e9clar\u00e9 la cheffe de file du parti Bloc de gauche (gauche radicale), qui a rejoint le d\u00e9fil\u00e9 apr\u00e8s avoir tenu un contre-sommet avec d&rsquo;autres dirigeants de la gauche antilib\u00e9rale europ\u00e9enne.<\/p>\n<p>Parmi les manifestants, Leonor Galamba a fait le d\u00e9placement depuis la banlieue de Lisbonne pour r\u00e9clamer une augmentation du salaire minimum qu&rsquo;elle touche en travaillant \u00e0 temps partiel dans le t\u00e9l\u00e9marketing.<\/p>\n<p>L&rsquo;id\u00e9e d&rsquo;une convergence vers le haut des salaires minimum dans l&rsquo;UE a \u00e9t\u00e9 un des sujets \u00e9voqu\u00e9s par les dirigeants r\u00e9unis \u00e0 Porto, mais aussi un de ceux qui se heurte aux divisions entre pays europ\u00e9ens.<\/p>\n<p>\u00ab\u00a0Nous, on le veut tout de suite\u00a0\u00bb, a tranch\u00e9 la jeune femme qui, avec un revenu de 350 euros mensuels, vit encore chez ses parents.<\/p>\n<p>\u00ab\u00a0Il faut davantage d&rsquo;aides pour ceux qui ont perdu leur emploi avec la pand\u00e9mie\u00a0\u00bb, juge pour sa part Rui Guerra, un facteur de 46 ans. (AFP &#038; CL)<\/p>\n","protected":false},"excerpt":{"rendered":"<p>En marge d&rsquo;un sommet europ\u00e9en o\u00f9 les Vingt-Sept se sont engag\u00e9s \u00e0 b\u00e2tir une Europe plus sociale, des milliers de manifestants ont d\u00e9fil\u00e9 samedi \u00e0 Porto, dans le nord du Portugal, pour d\u00e9noncer le ch\u00f4mage, la pr\u00e9carit\u00e9 ou les privatisations. \u00ab\u00a0S&rsquo;ils ont des pr\u00e9occupations sociales, ce n&rsquo;est pas un sommet qu&rsquo;il faut mais des actions [&hellip;]<\/p>\n","protected":false},"author":1,"featured_media":9595,"comment_status":"open","ping_status":"closed","sticky":false,"template":"","format":"standard","meta":{"footnotes":""},"categories":[3],"tags":[112,454,1815],"class_list":["post-9594","post","type-post","status-publish","format-standard","has-post-thumbnail","hentry","category-portugal","tag-porto","tag-sommet-europeen","tag-sommet-social-de-lue"],"aioseo_notices":[],"_links":{"self":[{"href":"https:\/\/www.culturalusa.com\/news\/wp-json\/wp\/v2\/posts\/9594","targetHints":{"allow":["GET"]}}],"collection":[{"href":"https:\/\/www.culturalusa.com\/news\/wp-json\/wp\/v2\/posts"}],"about":[{"href":"https:\/\/www.culturalusa.com\/news\/wp-json\/wp\/v2\/types\/post"}],"author":[{"embeddable":true,"href":"https:\/\/www.culturalusa.com\/news\/wp-json\/wp\/v2\/users\/1"}],"replies":[{"embeddable":true,"href":"https:\/\/www.culturalusa.com\/news\/wp-json\/wp\/v2\/comments?post=9594"}],"version-history":[{"count":0,"href":"https:\/\/www.culturalusa.com\/news\/wp-json\/wp\/v2\/posts\/9594\/revisions"}],"wp:featuredmedia":[{"embeddable":true,"href":"https:\/\/www.culturalusa.com\/news\/wp-json\/wp\/v2\/media\/9595"}],"wp:attachment":[{"href":"https:\/\/www.culturalusa.com\/news\/wp-json\/wp\/v2\/media?parent=9594"}],"wp:term":[{"taxonomy":"category","embeddable":true,"href":"https:\/\/www.culturalusa.com\/news\/wp-json\/wp\/v2\/categories?post=9594"},{"taxonomy":"post_tag","embeddable":true,"href":"https:\/\/www.culturalusa.com\/news\/wp-json\/wp\/v2\/tags?post=9594"}],"curies":[{"name":"wp","href":"https:\/\/api.w.org\/{rel}","templated":true}]}}