{"id":960,"date":"2013-03-06T22:31:50","date_gmt":"2013-03-06T21:31:50","guid":{"rendered":"http:\/\/www.culturalusa.com\/news\/?p=960"},"modified":"2025-09-09T17:34:43","modified_gmt":"2025-09-09T15:34:43","slug":"la-tournee-intime-de-jorge-palma","status":"publish","type":"post","link":"https:\/\/www.culturalusa.com\/news\/culture\/la-tournee-intime-de-jorge-palma\/","title":{"rendered":"La tourn\u00e9e intime de Jorge Palma"},"content":{"rendered":"<h2>Commence le 2 Mars le <strong>Tour \u00ab\u00a0\u00cdntimo\u00a0\u00bb<\/strong>, une tourn\u00e9e qui va amener la musique de <strong>Jorge Palma<\/strong> du nord au sud du Portugal.<\/h2>\n<p>Braga, Aveiro, Portalegre, Set\u00fabal, Lamego, Faro, Beja, Torres Vedras et Ovar sont les villes qui recevront les concerts les plus intimes de Jorge Palma qui transporte dans ses bagages tous ses grands classiques.<\/p>\n<p>Si ces derniers temps Jorge Palma a collabor\u00e9 avec de nombreux artistes et projets (comme il l&rsquo;a fait r\u00e9cemment avec Cristina Branco ou Ala dos Namorados), c&rsquo;est le temps de se consacrer \u00e0 son \u00ab\u00a0\u00cdntimo\u00a0\u00bb (Intime).<\/p>\n<h3>La voix et le piano seront \u00e0 la une pendant cette tourn\u00e9e dans laquelle Jorge Palma est accompagn\u00e9 par Vicente Palma.<\/h3>\n<p>Ce sont 40 ans de musique et chan\u00e7ons pour vivre une nuit avec Jorge Palma.<\/p>\n<p>Radio Renascen\u00e7a est la radio officielle du Tour \u00ab\u00a0Intime\u00a0\u00bb.<\/p>\n<p>02 Mar\u00e7o \u2013 Braga &#8211; Theatro Circo &#8211; 21h30<br \/>\n09 Mar\u00e7o \u2013 Aveiro &#8211; Teatro Aveirense &#8211; 22h00<br \/>\n16 Mar\u00e7o \u2013 Portalegre &#8211; CAE &#8211; 21h30<br \/>\n05 Abril \u2013 Set\u00fabal &#8211; Forum Luisa Todi &#8211; 21h30<br \/>\n06 Abril \u2013 Lamego &#8211; Teatro Ribeiro Concei\u00e7\u00e3o<br \/>\n12 Abril &#8211; Faro &#8211; Teatro das Figuras &#8211; 21h30<br \/>\n13 Abril \u2013 Beja &#8211; Teatro Pax Julia<br \/>\n19 Abril \u2013 Torres Vedras &#8211; TeatroCine &#8211; 21h30<br \/>\n26 Abril \u2013 Ovar &#8211; Centro de Arte &#8211; 21h30<\/p>\n<p>En savoir plus sur Jorge Palma et son \u00ab\u00a0Tour \u00cdntimo\u00a0\u00bb <a href=\"http:\/\/www.jorgepalma.pt\/\" target=\"_blank\" rel=\"noopener\">ICI<\/a><\/p>\n","protected":false},"excerpt":{"rendered":"<p>Commence le 2 Mars le Tour \u00ab\u00a0\u00cdntimo\u00a0\u00bb, une tourn\u00e9e qui va amener la musique de Jorge Palma du nord au sud du Portugal. Braga, Aveiro, Portalegre, Set\u00fabal, Lamego, Faro, Beja, Torres Vedras et Ovar sont les villes qui recevront les concerts les plus intimes de Jorge Palma qui transporte dans ses bagages tous ses grands [&hellip;]<\/p>\n","protected":false},"author":1,"featured_media":961,"comment_status":"open","ping_status":"closed","sticky":false,"template":"","format":"standard","meta":{"footnotes":""},"categories":[4],"tags":[3446,3447],"class_list":["post-960","post","type-post","status-publish","format-standard","has-post-thumbnail","hentry","category-culture","tag-jorge-palma","tag-la-voix-et-le-piano"],"aioseo_notices":[],"_links":{"self":[{"href":"https:\/\/www.culturalusa.com\/news\/wp-json\/wp\/v2\/posts\/960","targetHints":{"allow":["GET"]}}],"collection":[{"href":"https:\/\/www.culturalusa.com\/news\/wp-json\/wp\/v2\/posts"}],"about":[{"href":"https:\/\/www.culturalusa.com\/news\/wp-json\/wp\/v2\/types\/post"}],"author":[{"embeddable":true,"href":"https:\/\/www.culturalusa.com\/news\/wp-json\/wp\/v2\/users\/1"}],"replies":[{"embeddable":true,"href":"https:\/\/www.culturalusa.com\/news\/wp-json\/wp\/v2\/comments?post=960"}],"version-history":[{"count":2,"href":"https:\/\/www.culturalusa.com\/news\/wp-json\/wp\/v2\/posts\/960\/revisions"}],"predecessor-version":[{"id":13747,"href":"https:\/\/www.culturalusa.com\/news\/wp-json\/wp\/v2\/posts\/960\/revisions\/13747"}],"wp:featuredmedia":[{"embeddable":true,"href":"https:\/\/www.culturalusa.com\/news\/wp-json\/wp\/v2\/media\/961"}],"wp:attachment":[{"href":"https:\/\/www.culturalusa.com\/news\/wp-json\/wp\/v2\/media?parent=960"}],"wp:term":[{"taxonomy":"category","embeddable":true,"href":"https:\/\/www.culturalusa.com\/news\/wp-json\/wp\/v2\/categories?post=960"},{"taxonomy":"post_tag","embeddable":true,"href":"https:\/\/www.culturalusa.com\/news\/wp-json\/wp\/v2\/tags?post=960"}],"curies":[{"name":"wp","href":"https:\/\/api.w.org\/{rel}","templated":true}]}}