{"id":9606,"date":"2021-05-11T01:30:27","date_gmt":"2021-05-10T23:30:27","guid":{"rendered":"https:\/\/www.culturalusa.com\/news\/?p=9606"},"modified":"2021-05-11T01:40:24","modified_gmt":"2021-05-10T23:40:24","slug":"la-france-en-train-de-sortir-de-la-crise-sanitaire-la-vaccination-saccelere","status":"publish","type":"post","link":"https:\/\/www.culturalusa.com\/news\/actualite\/la-france-en-train-de-sortir-de-la-crise-sanitaire-la-vaccination-saccelere\/","title":{"rendered":"La France \u00ab\u00a0en train de sortir\u00a0\u00bb de la crise sanitaire, la vaccination s&rsquo;acc\u00e9l\u00e8re"},"content":{"rendered":"<p><strong>\u00ab\u00a0Nous touchons au but\u00a0\u00bb<\/strong>: le premier ministre Jean Castex a pr\u00e9cis\u00e9 les contours d&rsquo;un retour progressif \u00e0 la normale, sur fond d&rsquo;acc\u00e9l\u00e9ration de la campagne de vaccination contre le Covid-19, d\u00e9sormais ouverte aux plus de 50 ans.<\/p>\n<blockquote><p>\u00ab\u00a0Je le dis de la fa\u00e7on la plus claire: nous sommes enfin en train de sortir durablement de cette crise sanitaire. Evidemment, cette sortie va se faire de fa\u00e7on progressive, prudente et accompagn\u00e9e. Mais la tendance est claire, nous touchons au but et c&rsquo;est une bonne nouvelle\u00a0\u00bb, a d\u00e9clar\u00e9 le chef du gouvernement.<\/p><\/blockquote>\n<p>A neuf jours de la r\u00e9ouverture des terrasses, de certains commerces et d&rsquo;autres activit\u00e9s en France, Matignon a apport\u00e9 des pr\u00e9cisions notamment sur les modalit\u00e9s d&rsquo;ouverture des caf\u00e9s, bars et restaurants.<\/p>\n<p>Ces derniers pourront rouvrir d\u00e8s le 19 mai pour des tabl\u00e9es de six convives, puis leurs salles le 9 juin, mais ils devront se limiter \u00e0 la moiti\u00e9 de la capacit\u00e9 de celles-ci.<\/p>\n<p>Alors que la France s&rsquo;appr\u00eate \u00e0 desserrer l&rsquo;\u00e9tau des restrictions, la campagne de vaccination s&rsquo;intensifie. <strong>Depuis lundi, les centres de vaccination sont ouverts \u00e0 tous les plus de 50 ans qui ont trouv\u00e9 un rendez-vous, sans condition de sant\u00e9.<\/strong><\/p>\n<h3>18 millions de doses<\/h3>\n<p>Mercredi, s&rsquo;ajouteront les adultes de tout \u00e2ge qui auront d\u00e9nich\u00e9 un cr\u00e9neau disponible la veille pour le lendemain.<\/p>\n<p>Avec plus de 18 millions de premi\u00e8res doses inject\u00e9es, <strong>le gouvernement esp\u00e8re tenir son objectif de 20 millions de premi\u00e8res injections mi-mai<\/strong>, soit \u00ab\u00a0au sortir du week-end de l\u2019Ascension\u00a0\u00bb, m\u00eame si les \u00ab\u00a0h\u00e9sitations\u00a0\u00bb autour du <strong>vaccin AstraZeneca<\/strong> \u00ab\u00a0nous ont fait baisser de rythme, a soulign\u00e9 le Premier ministre.<\/p>\n<p>\u00ab\u00a0Si on arrive \u00e0 vacciner plus vite qu&rsquo;aujourd&rsquo;hui, on peut atteindre les 50% de vaccin\u00e9s d\u00e9but juillet. Et si on \u00e9tait \u00e0 un niveau de circulation bas, r\u00eavons, 5.000 (cas) par jour (contre un peu moins de 20.000 actuellement) alors, oui, on pourrait aborder l&rsquo;\u00e9t\u00e9 dans de bonnes conditions\u00a0\u00bb, a projet\u00e9 lundi matin sur France Inter l&rsquo;\u00e9pid\u00e9miologiste Arnaud Fontanet, membre du conseil scientifique qui guide le gouvernement.<\/p>\n<p><strong>Vacciner plus, mais avec ou sans AstraZeneca ?<\/strong> Interrog\u00e9 sur la possibilit\u00e9 d&rsquo;\u00e9largir le vaccin du laboratoire anglo-su\u00e9dois aux moins de 55 ans, le ministre de la Sant\u00e9 Olivier V\u00e9ran a sembl\u00e9 enterrer l&rsquo;hypoth\u00e8se en r\u00e9pondant \u00ab\u00a0probablement non \u00e0 l&rsquo;heure actuelle\u00a0\u00bb.<\/p>\n<p>La Haute autorit\u00e9 de sant\u00e9 (HAS) se prononcera sur le sujet en \u00ab\u00a0milieu de semaine\u00a0\u00bb, a-t-elle indiqu\u00e9 \u00e0 l&rsquo;AFP.<\/p>\n<p>Elle avait d\u00e9cid\u00e9 mi-mars de restreindre l&rsquo;utilisation de ce vaccin aux plus de 55 ans seulement \u00e0 cause de rares cas de thromboses atypiques. Olivier V\u00e9ran avait saisi l&rsquo;instance fin avril sur une \u00e9ventuelle autorisation pour tous les volontaires, quel que soit leur \u00e2ge, s&rsquo;ils signaient une d\u00e9charge.<\/p>\n<h3>R\u00e9as en baisse<\/h3>\n<p>Samedi, le Premier ministre Jean Castex a exhort\u00e9 la population \u00e0 \u00ab\u00a0se faire vacciner avec tous les vaccins, en particulier avec l&rsquo;AstraZeneca\u00a0\u00bb.<\/p>\n<p>Mais s'\u00a0\u00bbil faut continuer de le faire parce qu&rsquo;il (le vaccin AstraZeneca) nous aidera \u00e0 la sortie de crise (&#8230;) pour r\u00e9pondre aux variants, on voit que d&rsquo;autres vaccins sont aujourd&rsquo;hui plus efficaces\u00a0\u00bb, a ajout\u00e9 Emmanuel Macron, \u00e0 Strasbourg, apr\u00e8s l&rsquo;annonce selon laquelle l&rsquo;Union europ\u00e9enne n&rsquo;avait pas encore renouvel\u00e9 son contrat aupr\u00e8s du laboratoire anglo-su\u00e9dois au-del\u00e0 du mois de juin.<\/p>\n<blockquote><p>Selon un document du minist\u00e8re de la Sant\u00e9 que s&rsquo;est procur\u00e9 l&rsquo;AFP, au 5 mai, seulement 54% des 7,3 millions de doses d&rsquo;AstraZeneca avaient \u00e9t\u00e9 inject\u00e9es en France, contre 79% pour <span style=\"color: #800000;\">Moderna<\/span>, et 89% pour <span style=\"color: #800000;\">Pfizer\/BioNTech<\/span>.<\/p><\/blockquote>\n<p>De son c\u00f4t\u00e9, Olivier V\u00e9ran a expliqu\u00e9 que sur 2 millions de doses d&rsquo;AZ re\u00e7ues la semaine derni\u00e8re, \u00ab\u00a0700.000 ont \u00e9t\u00e9 command\u00e9es par les m\u00e9decins lib\u00e9raux, infirmiers, sages-femmes\u00a0\u00bb vers lesquels ce vaccin est dirig\u00e9, 700 \u00e0 800.000 sont mises de c\u00f4t\u00e9 pour une deuxi\u00e8me injection et le reste est gard\u00e9 pour les centres de vaccination, qui ont la priorit\u00e9 sur les <strong>vaccins dits \u00e0 ARN messager<\/strong>, comme ceux de <strong>Pfizer et Moderna<\/strong>.<\/p>\n<p>Du c\u00f4t\u00e9 des indicateurs, la tendance \u00e0 la baisse se poursuivait lundi avec moins de 4.900 personnes dans les services de r\u00e9animation.<\/p>\n<p>Cet indicateur, surveill\u00e9 de tr\u00e8s pr\u00e8s par les autorit\u00e9s sanitaires, s&rsquo;\u00e9loigne de la barre des 6.000 malades d\u00e9pass\u00e9e le 26 avril, et du pic de la premi\u00e8re vague du printemps 2020 (environ 7.000 patients).<\/p>\n<p>Du c\u00f4t\u00e9 des d\u00e9c\u00e8s, 293 nouveaux d\u00e9c\u00e8s en 24 heures de personnes atteintes de la maladie ont \u00e9t\u00e9 comptabilis\u00e9s dans les h\u00f4pitaux, Au total, 106.713 personnes atteintes par le virus sont mortes depuis le d\u00e9but de l&rsquo;\u00e9pid\u00e9mie. (AFP)<\/p>\n","protected":false},"excerpt":{"rendered":"<p>\u00ab\u00a0Nous touchons au but\u00a0\u00bb: le premier ministre Jean Castex a pr\u00e9cis\u00e9 les contours d&rsquo;un retour progressif \u00e0 la normale, sur fond d&rsquo;acc\u00e9l\u00e9ration de la campagne de vaccination contre le Covid-19, d\u00e9sormais ouverte aux plus de 50 ans. \u00ab\u00a0Je le dis de la fa\u00e7on la plus claire: nous sommes enfin en train de sortir durablement de [&hellip;]<\/p>\n","protected":false},"author":1,"featured_media":9397,"comment_status":"open","ping_status":"closed","sticky":false,"template":"","format":"standard","meta":{"footnotes":""},"categories":[30],"tags":[1818,1615,1518,1522,1349],"class_list":["post-9606","post","type-post","status-publish","format-standard","has-post-thumbnail","hentry","category-actualite","tag-crise-sanitaire","tag-vaccin-astrazeneca","tag-vaccin-moderna","tag-vaccin-pfizer-biontech","tag-vaccination"],"aioseo_notices":[],"_links":{"self":[{"href":"https:\/\/www.culturalusa.com\/news\/wp-json\/wp\/v2\/posts\/9606","targetHints":{"allow":["GET"]}}],"collection":[{"href":"https:\/\/www.culturalusa.com\/news\/wp-json\/wp\/v2\/posts"}],"about":[{"href":"https:\/\/www.culturalusa.com\/news\/wp-json\/wp\/v2\/types\/post"}],"author":[{"embeddable":true,"href":"https:\/\/www.culturalusa.com\/news\/wp-json\/wp\/v2\/users\/1"}],"replies":[{"embeddable":true,"href":"https:\/\/www.culturalusa.com\/news\/wp-json\/wp\/v2\/comments?post=9606"}],"version-history":[{"count":0,"href":"https:\/\/www.culturalusa.com\/news\/wp-json\/wp\/v2\/posts\/9606\/revisions"}],"wp:featuredmedia":[{"embeddable":true,"href":"https:\/\/www.culturalusa.com\/news\/wp-json\/wp\/v2\/media\/9397"}],"wp:attachment":[{"href":"https:\/\/www.culturalusa.com\/news\/wp-json\/wp\/v2\/media?parent=9606"}],"wp:term":[{"taxonomy":"category","embeddable":true,"href":"https:\/\/www.culturalusa.com\/news\/wp-json\/wp\/v2\/categories?post=9606"},{"taxonomy":"post_tag","embeddable":true,"href":"https:\/\/www.culturalusa.com\/news\/wp-json\/wp\/v2\/tags?post=9606"}],"curies":[{"name":"wp","href":"https:\/\/api.w.org\/{rel}","templated":true}]}}