{"id":9611,"date":"2021-05-12T01:00:09","date_gmt":"2021-05-11T23:00:09","guid":{"rendered":"https:\/\/www.culturalusa.com\/news\/?p=9611"},"modified":"2021-05-12T01:02:45","modified_gmt":"2021-05-11T23:02:45","slug":"le-tueur-du-policier-mort-a-avignon-a-ete-mis-en-examen-et-ecroue-apres-lhommage-national","status":"publish","type":"post","link":"https:\/\/www.culturalusa.com\/news\/actualite\/le-tueur-du-policier-mort-a-avignon-a-ete-mis-en-examen-et-ecroue-apres-lhommage-national\/","title":{"rendered":"Le tueur du policier mort \u00e0 Avignon a \u00e9t\u00e9 mis en examen et \u00e9crou\u00e9 apr\u00e8s l&rsquo;hommage national"},"content":{"rendered":"<p><strong>Le meurtrier pr\u00e9sum\u00e9 du policier tu\u00e9 \u00e0 Avignon a \u00e9t\u00e9 mis en examen et \u00e9crou\u00e9 mardi soir<\/strong>, quelques heures apr\u00e8s l&rsquo;hommage national pr\u00e9sid\u00e9 par le Premier ministre Jean Castex, qui a salu\u00e9 le \u00ab\u00a0courage\u00a0\u00bb d&rsquo;Eric Masson, qui \u00ab\u00a0a servi jusqu&rsquo;au sacrifice de sa vie\u00a0\u00bb.<\/p>\n<blockquote><p>Mis en examen mardi soir pour \u00ab\u00a0homicide volontaire sur personne d\u00e9positaire de l&rsquo;autorit\u00e9 publique\u00a0\u00bb, le jeune homme de 19 ans a \u00e9t\u00e9 \u00e9crou\u00e9 \u00e0 la prison marseillaise des Baumettes, a pr\u00e9cis\u00e9 \u00e0 l&rsquo;AFP son avocat Louis-Alain Lemaire.<\/p><\/blockquote>\n<p>\u00ab\u00a0Mon client conteste les faits et il n&rsquo;est pas \u00e9tabli dans la proc\u00e9dure que l&rsquo;auteur des tirs \u00e9tait au courant de la qualit\u00e9 de policier de la victime\u00a0\u00bb, a r\u00e9agi l&rsquo;avocat aupr\u00e8s de l&rsquo;AFP en contestant la qualification retenu par les juges d&rsquo;instruction en charge du dossier.<\/p>\n<p>Le jeune homme a contre lui le t\u00e9moignage du coll\u00e8gue d&rsquo;Eric Masson qui se trouvait \u00e0 ses c\u00f4t\u00e9s le jour du drame et l&rsquo;a formellement reconnu, ainsi que celui de son complice pr\u00e9sum\u00e9 \u00e2g\u00e9 de 20 ans qui a reconnu en fin de garde \u00e0 vue qu&rsquo;ils \u00e9taient bien tous les deux pr\u00e9sents sur la sc\u00e8ne du crime, selon une source polici\u00e8re.<\/p>\n<p>Ce complice pr\u00e9sum\u00e9 devait lui aussi \u00eatre pr\u00e9sent\u00e9 aux juges d&rsquo;instruction charg\u00e9s de l&rsquo;enqu\u00eate dans la soir\u00e9e de mardi en vue de sa mise en examen. Les deux jeunes gens ont d\u00e9j\u00e0 \u00e9t\u00e9 condamn\u00e9s pour des faits de violences et d&rsquo;infraction \u00e0 la l\u00e9gislation sur les stup\u00e9fiants, selon le procureur d&rsquo;Avignon Philippe Gu\u00e9mas.<\/p>\n<p>La mise en examen du tueur pr\u00e9sum\u00e9 d&rsquo;Eric Masson est survenue quelques heures \u00e0 peine apr\u00e8s la c\u00e9r\u00e9monie d&rsquo;hommage national pr\u00e9sid\u00e9e \u00e0 Avignon par le Premier ministre Jean Castex, devant quelque 300 personnes rassembl\u00e9es dans la cour de la pr\u00e9fecture du Vaucluse, face aux remparts de la Cit\u00e9 des Papes.<\/p>\n<p>Devant un portrait g\u00e9ant du brigadier, Jean Castex a notamment salu\u00e9 le \u00ab\u00a0courage\u00a0\u00bb du policier qui \u00ab\u00a0a servi jusqu&rsquo;au sacrifice de sa vie\u00a0\u00bb, pour que \u00ab\u00a0ses filles (&#8230;) puissent se dire: mon p\u00e8re \u00e9tait un homme de bien, un policier exemplaire (&#8230;) tomb\u00e9 pour que nous puissions vivre en s\u00e9curit\u00e9\u00a0\u00bb. Eric Masson a \u00e9t\u00e9 promu \u00e0 titre posthume au grade de commandant de police et \u00e9lev\u00e9 au titre de chevalier de la L\u00e9gion d&rsquo;honneur \u00e0 titre posthume.<\/p>\n<h3>\u00a0Immense \u00e9motion<\/h3>\n<p>Appel\u00e9 avec ses coll\u00e8gues le 5 mai sur un point de trafic de drogue dans le centre d&rsquo;Avignon, il avait proc\u00e9d\u00e9 avec un autre policier au contr\u00f4le d&rsquo;une cliente \u00ab\u00a0de ce qui ressemblait \u00e0 un \u00e9change de stup\u00e9fiants\u00a0\u00bb, avait expliqu\u00e9 le procureur Philippe Gu\u00e9mas. Deux jeunes hommes ont alors approch\u00e9 et leur ont demand\u00e9 ce qu&rsquo;ils faisaient, toujours selon le magistrat: \u00ab\u00a0Eric Masson d\u00e9clinait sa qualit\u00e9 de policier et l&rsquo;individu sortait une arme de poing et faisait feu \u00e0 deux reprises, l&rsquo;atteignant au thorax et \u00e0 l&rsquo;abdomen\u00a0\u00bb.<\/p>\n<p>Les deux jeunes hommes suspect\u00e9s d&rsquo;\u00eatre directement impliqu\u00e9s dans ce meurtre ont \u00e9t\u00e9 interpell\u00e9s dimanche soir au p\u00e9age de Remoulins, \u00e0 une vingtaine de kilom\u00e8tres d&rsquo;Avignon, alors qu&rsquo;ils s&rsquo;appr\u00eataient \u00e0 fuir vers l&rsquo;Espagne, selon les enqu\u00eateurs.<\/p>\n<p>Les gardes \u00e0 vue de la s\u0153ur du tireur pr\u00e9sum\u00e9 et du conducteur de la voiture dans laquelle ils ont \u00e9t\u00e9 arr\u00eat\u00e9s ont en revanche \u00e9t\u00e9 lev\u00e9es mardi sans poursuite \u00e0 ce stade. Selon une source polici\u00e8re, les enqu\u00eateurs cherchaient notamment \u00e0 savoir si la s\u0153ur du tireur pr\u00e9sum\u00e9 avait effectu\u00e9 un trajet vers l&rsquo;Espagne pour reconna\u00eetre le parcours.<\/p>\n<h3>Onze jours apr\u00e8s la mort de St\u00e9phanie Monferm\u00e9, une agente administrative du commissariat de Rambouillet, la mort d&rsquo;Eric Masson avait suscit\u00e9 une immense \u00e9motion en France et aliment\u00e9 la col\u00e8re dans la profession.<\/h3>\n<p>Ses obs\u00e8ques se d\u00e9rouleront dans l&rsquo;intimit\u00e9 familiale mercredi dans la commune de B\u00e9darrides (Vaucluse), o\u00f9 il habitait avec sa compagne et ses deux fillettes.<\/p>\n<p>Lundi soir, Jean Castex a annonc\u00e9 un durcissement des peines encourues par les agresseurs de policiers et de gendarmes et notamment une peine de s\u00fbret\u00e9 de 30 ans pour les personnes condamn\u00e9es \u00e0 perp\u00e9tuit\u00e9 pour un crime commis contre les forces de l&rsquo;ordre. Ces mesures ne s&rsquo;appliqueront pas, quoi qu&rsquo;il en soit, au cas du meurtrier d&rsquo;Eric Masson, en vertu du principe de la non-r\u00e9troactivit\u00e9 de la loi. (AFP)<\/p>\n","protected":false},"excerpt":{"rendered":"<p>Le meurtrier pr\u00e9sum\u00e9 du policier tu\u00e9 \u00e0 Avignon a \u00e9t\u00e9 mis en examen et \u00e9crou\u00e9 mardi soir, quelques heures apr\u00e8s l&rsquo;hommage national pr\u00e9sid\u00e9 par le Premier ministre Jean Castex, qui a salu\u00e9 le \u00ab\u00a0courage\u00a0\u00bb d&rsquo;Eric Masson, qui \u00ab\u00a0a servi jusqu&rsquo;au sacrifice de sa vie\u00a0\u00bb. Mis en examen mardi soir pour \u00ab\u00a0homicide volontaire sur personne d\u00e9positaire [&hellip;]<\/p>\n","protected":false},"author":1,"featured_media":9612,"comment_status":"open","ping_status":"closed","sticky":false,"template":"","format":"standard","meta":{"footnotes":""},"categories":[30],"tags":[1820,1794,1819],"class_list":["post-9611","post","type-post","status-publish","format-standard","has-post-thumbnail","hentry","category-actualite","tag-avignon","tag-hommage-national","tag-policier-mort"],"aioseo_notices":[],"_links":{"self":[{"href":"https:\/\/www.culturalusa.com\/news\/wp-json\/wp\/v2\/posts\/9611","targetHints":{"allow":["GET"]}}],"collection":[{"href":"https:\/\/www.culturalusa.com\/news\/wp-json\/wp\/v2\/posts"}],"about":[{"href":"https:\/\/www.culturalusa.com\/news\/wp-json\/wp\/v2\/types\/post"}],"author":[{"embeddable":true,"href":"https:\/\/www.culturalusa.com\/news\/wp-json\/wp\/v2\/users\/1"}],"replies":[{"embeddable":true,"href":"https:\/\/www.culturalusa.com\/news\/wp-json\/wp\/v2\/comments?post=9611"}],"version-history":[{"count":0,"href":"https:\/\/www.culturalusa.com\/news\/wp-json\/wp\/v2\/posts\/9611\/revisions"}],"wp:featuredmedia":[{"embeddable":true,"href":"https:\/\/www.culturalusa.com\/news\/wp-json\/wp\/v2\/media\/9612"}],"wp:attachment":[{"href":"https:\/\/www.culturalusa.com\/news\/wp-json\/wp\/v2\/media?parent=9611"}],"wp:term":[{"taxonomy":"category","embeddable":true,"href":"https:\/\/www.culturalusa.com\/news\/wp-json\/wp\/v2\/categories?post=9611"},{"taxonomy":"post_tag","embeddable":true,"href":"https:\/\/www.culturalusa.com\/news\/wp-json\/wp\/v2\/tags?post=9611"}],"curies":[{"name":"wp","href":"https:\/\/api.w.org\/{rel}","templated":true}]}}