{"id":9615,"date":"2021-05-12T18:32:37","date_gmt":"2021-05-12T16:32:37","guid":{"rendered":"https:\/\/www.culturalusa.com\/news\/?p=9615"},"modified":"2021-05-12T18:37:50","modified_gmt":"2021-05-12T16:37:50","slug":"zone-euro-embellie-sur-leconomie-grace-a-la-campagne-de-vaccinations","status":"publish","type":"post","link":"https:\/\/www.culturalusa.com\/news\/monde\/zone-euro-embellie-sur-leconomie-grace-a-la-campagne-de-vaccinations\/","title":{"rendered":"Zone Euro: Embellie sur l&rsquo;\u00e9conomie gr\u00e2ce \u00e0 la campagne de vaccinations"},"content":{"rendered":"<p><strong>\u00ab\u00a0La reprise n&rsquo;est plus un mirage: elle est en cours\u00a0\u00bb<\/strong>: la Commission europ\u00e9enne entrevoit d\u00e9sormais l&rsquo;avenir \u00e9conomique de la zone euro avec optimisme, gr\u00e2ce \u00e0 une campagne de vaccination enfin sur les rails et un ambitieux plan de relance.<\/p>\n<blockquote><p>L&rsquo;ex\u00e9cutif europ\u00e9en a sensiblement relev\u00e9 ses pr\u00e9visions de croissance 2021 et 2022 pour les 19 pays qui ont adopt\u00e9 la monnaie unique: apr\u00e8s une r\u00e9cession in\u00e9dite de 6,6% en 2020, l&rsquo;activit\u00e9 devrait progresser de 4,3% cette ann\u00e9e, puis de 4,4% l&rsquo;an prochain &#8211;contre 3,8% pour ces deux ann\u00e9es dans sa derni\u00e8re estimation en f\u00e9vrier.<\/p><\/blockquote>\n<p>L&rsquo;\u00e9pid\u00e9mie ne sera cependant pas sans cons\u00e9quences: la dette publique des gouvernements, qui d\u00e9pensent sans compter pour limiter les d\u00e9g\u00e2ts li\u00e9s au virus, s&rsquo;est profond\u00e9ment creus\u00e9e, pour atteindre un niveau sup\u00e9rieur \u00e0 100% du PIB dans l&rsquo;ensemble de la zone euro.<\/p>\n<h3>\u00ab\u00a0Bien que nous ne soyons pas encore tir\u00e9s d&rsquo;affaire, les perspectives \u00e9conomiques de l&rsquo;Europe s&rsquo;am\u00e9liorent consid\u00e9rablement\u00a0\u00bb, a comment\u00e9 le vice-pr\u00e9sident de la Commission europ\u00e9enne, Valdis Dombrovskis.<\/h3>\n<p>Le regain d&rsquo;optimisme de l&rsquo;ex\u00e9cutif europ\u00e9en s&rsquo;explique notamment par l&rsquo;augmentation des taux de vaccination en Europe, apr\u00e8s des d\u00e9buts difficiles, et l&rsquo;assouplissement des mesures de restriction qui s&rsquo;ensuit.<\/p>\n<h4>Selon la Commission, la croissance de la zone euro \u00ab\u00a0sera tir\u00e9e par la consommation priv\u00e9e, l&rsquo;investissement et une demande croissante pour les exportations de l&rsquo;UE de la part d&rsquo;une \u00e9conomie mondiale qui se renforce\u00a0\u00bb.<\/h4>\n<p>Les Etats-Unis pourraient en effet enregistrer en 2021 une croissance de 7%, son rythme le plus rapide depuis le d\u00e9but des ann\u00e9es 1980. Et la Chine affiche des chiffres tout aussi insolents.<\/p>\n<p>Pour rattraper Washington et P\u00e9kin, l&rsquo;UE mise sur son plan de relance de 750 milliards d&rsquo;euros financ\u00e9 par un emprunt commun.<\/p>\n<p>Ce plan \u00ab\u00a0contribuera \u00e0 la reprise et changera v\u00e9ritablement la donne en 2022, lorsqu&rsquo;il portera les investissements publics \u00e0 leur niveau le plus \u00e9lev\u00e9 depuis plus de dix ans\u00a0\u00bb, a promis M. Dombrovskis.<\/p>\n<h3>\u00ab\u00a0Nombreux risques\u00a0\u00bb<\/h3>\n<p>Les Etats membres, qui ont soumis leurs projets de relance ces derniers jours \u00e0 Bruxelles, pourraient recevoir les premiers fonds en juillet.<\/p>\n<p>Mais \u00ab\u00a0il reste encore beaucoup de travail \u00e0 accomplir et de nombreux risques p\u00e8seront sur nous tant que la pand\u00e9mie\u00a0\u00bb est l\u00e0, a soulign\u00e9 le commissaire letton.<\/p>\n<p>L&rsquo;Espagne (+5,9%) et la France (+5,7%), particuli\u00e8rement touch\u00e9s en 2020, affichent les taux de croissance les plus \u00e9lev\u00e9s en 2021 dans les estimations de la Commission.<\/p>\n<p>La croissance de l&rsquo;Allemagne (+3,4%) et des Pays-Bas (2,3%), un peu moins affect\u00e9s l&rsquo;an pass\u00e9, est plus mod\u00e9r\u00e9e.<\/p>\n<p>Dans l&rsquo;ensemble de l&rsquo;UE, le taux de croissance devrait atteindre 4,2% en 2021 et 4,4% en 2022.<\/p>\n<blockquote><p>\u00ab\u00a0La reprise n&rsquo;est plus un mirage : elle est en cours. Nous devons \u00e9viter les erreurs qui pourraient la compromettre, \u00e0 savoir un retrait pr\u00e9matur\u00e9 du soutien\u00a0\u00bb \u00e0 l&rsquo;activit\u00e9, a soulign\u00e9 le commissaire \u00e0 l&rsquo;Economie, Paolo Gentiloni.<\/p><\/blockquote>\n<p>Une fois sortis de la pand\u00e9mie, les gouvernements devront cependant faire face \u00e0 un niveau de dette tr\u00e8s \u00e9lev\u00e9 de 102,4% du PIB cette ann\u00e9e, puis 100,8% en 2022 pour l&rsquo;ensemble de la zone euro.<\/p>\n<p>Or, selon les r\u00e8gles budg\u00e9taires du Pacte de stabilit\u00e9 &#8211;actuellement suspendu \u00e0 cause de l&rsquo;\u00e9pid\u00e9mie et qui pourrait le rester en 2022&#8211; la dette ne doit en principe pas d\u00e9passer 60% du PIB.<\/p>\n<p>Cette dette publique est particuli\u00e8rement \u00e9lev\u00e9e en Gr\u00e8ce (208,8% en 2021) et en Italie (159,8%). La dette fran\u00e7aise devrait quant \u00e0 elle atteindre 117,4% du PIB en 2021, puis 116,4% en 2022.<\/p>\n<p>Paolo Gentiloni relativise: \u00ab\u00a0Sans les mesures politiques d\u00e9cisives prises pour contenir la pand\u00e9mie et limiter ses retomb\u00e9es \u00e9conomiques, l&rsquo;impact budg\u00e9taire \u00e0 long terme de la crise serait bien pire\u00a0\u00bb. (AFP)<\/p>\n","protected":false},"excerpt":{"rendered":"<p>\u00ab\u00a0La reprise n&rsquo;est plus un mirage: elle est en cours\u00a0\u00bb: la Commission europ\u00e9enne entrevoit d\u00e9sormais l&rsquo;avenir \u00e9conomique de la zone euro avec optimisme, gr\u00e2ce \u00e0 une campagne de vaccination enfin sur les rails et un ambitieux plan de relance. L&rsquo;ex\u00e9cutif europ\u00e9en a sensiblement relev\u00e9 ses pr\u00e9visions de croissance 2021 et 2022 pour les 19 pays [&hellip;]<\/p>\n","protected":false},"author":1,"featured_media":8443,"comment_status":"open","ping_status":"closed","sticky":false,"template":"","format":"standard","meta":{"footnotes":""},"categories":[1372],"tags":[1821,38,85,136],"class_list":["post-9615","post","type-post","status-publish","format-standard","has-post-thumbnail","hentry","category-monde","tag-campagne-de-vaccinations","tag-economie-europe","tag-europe","tag-zone-euro"],"aioseo_notices":[],"_links":{"self":[{"href":"https:\/\/www.culturalusa.com\/news\/wp-json\/wp\/v2\/posts\/9615","targetHints":{"allow":["GET"]}}],"collection":[{"href":"https:\/\/www.culturalusa.com\/news\/wp-json\/wp\/v2\/posts"}],"about":[{"href":"https:\/\/www.culturalusa.com\/news\/wp-json\/wp\/v2\/types\/post"}],"author":[{"embeddable":true,"href":"https:\/\/www.culturalusa.com\/news\/wp-json\/wp\/v2\/users\/1"}],"replies":[{"embeddable":true,"href":"https:\/\/www.culturalusa.com\/news\/wp-json\/wp\/v2\/comments?post=9615"}],"version-history":[{"count":0,"href":"https:\/\/www.culturalusa.com\/news\/wp-json\/wp\/v2\/posts\/9615\/revisions"}],"wp:featuredmedia":[{"embeddable":true,"href":"https:\/\/www.culturalusa.com\/news\/wp-json\/wp\/v2\/media\/8443"}],"wp:attachment":[{"href":"https:\/\/www.culturalusa.com\/news\/wp-json\/wp\/v2\/media?parent=9615"}],"wp:term":[{"taxonomy":"category","embeddable":true,"href":"https:\/\/www.culturalusa.com\/news\/wp-json\/wp\/v2\/categories?post=9615"},{"taxonomy":"post_tag","embeddable":true,"href":"https:\/\/www.culturalusa.com\/news\/wp-json\/wp\/v2\/tags?post=9615"}],"curies":[{"name":"wp","href":"https:\/\/api.w.org\/{rel}","templated":true}]}}