{"id":9620,"date":"2021-05-14T11:33:19","date_gmt":"2021-05-14T09:33:19","guid":{"rendered":"https:\/\/www.culturalusa.com\/news\/?p=9620"},"modified":"2021-05-14T12:01:30","modified_gmt":"2021-05-14T10:01:30","slug":"la-grece-rouvre-aux-touristes-les-americains-commencent-a-abandonner-le-masque","status":"publish","type":"post","link":"https:\/\/www.culturalusa.com\/news\/monde\/la-grece-rouvre-aux-touristes-les-americains-commencent-a-abandonner-le-masque\/","title":{"rendered":"La Gr\u00e8ce rouvre aux touristes, les Am\u00e9ricains commencent \u00e0 abandonner le masque"},"content":{"rendered":"<p>Coronavirus: la Gr\u00e8ce lance la saison touristique vendredi avec le retour de la libert\u00e9 de circulation au bout de sept mois de confinement, au lendemain de l&rsquo;annonce par Washington de la lev\u00e9e du port du masque pour les Am\u00e9ricains vaccin\u00e9s.<\/p>\n<blockquote><p>\u00ab\u00a0Nous laissons derri\u00e8re nous les nuages noirs de la peur et de l&rsquo;ins\u00e9curit\u00e9\u00a0\u00bb, a proclam\u00e9 le ministre grec du Tourisme Harry Theocharis, en ouvrant la saison estivale jeudi soir depuis le temple antique de Pos\u00e9idon au cap Sounion, pr\u00e8s d&rsquo;Ath\u00e8nes.<\/p><\/blockquote>\n<p><span style=\"color: #800000;\">Finie l&rsquo;interdiction de quitter son d\u00e9partement ou de se rendre sur une \u00eele sans en \u00eatre r\u00e9sident, finies les autorisations de sortie par SMS, finis les contr\u00f4les de police et les amendes<\/span>&#8230; Partout en Gr\u00e8ce, confin\u00e9e depuis le 7 novembre, les mus\u00e9es aussi rouvrent vendredi.<\/p>\n<p>Seule condition d\u00e9sormais pour voyager en Gr\u00e8ce, pays dont l&rsquo;\u00e9conomie est tr\u00e8s d\u00e9pendante du tourisme: <span style=\"color: #800000;\"><strong>\u00eatre vaccin\u00e9 ou pr\u00e9senter un test Covid n\u00e9gatif<\/strong><\/span>.<\/p>\n<h3>Les iles prot\u00e9g\u00e9es<\/h3>\n<p>Le gouvernement grec a \u00e9galement lanc\u00e9 une grande campagne de vaccination, en vue de la saison touristique, notamment dans les \u00eeles. \u00ab\u00a0L&rsquo;ensemble de nos \u00eeles seront enti\u00e8rement prot\u00e9g\u00e9es d&rsquo;ici fin juin. Jusqu\u2019ici, un tiers d&rsquo;entre elles ont \u00e9t\u00e9 vaccin\u00e9es\u00a0\u00bb, a annonc\u00e9 le ministre du Tourisme.<\/p>\n<p>Au total, plus de 3,8 millions de personnes ont re\u00e7u au moins une dose de vaccin dans un pays de 11 millions d&rsquo;habitants.<\/p>\n<p>L&rsquo;Angleterre se pr\u00e9pare elle aussi \u00e0 franchir dans quelques jours une \u00e9tape majeure de son d\u00e9confinement, avec la r\u00e9ouverture des mus\u00e9es, des h\u00f4tels et des stades lundi prochain, gr\u00e2ce \u00e0 un net recul du coronavirus, apr\u00e8s un long confinement et des vaccinations men\u00e9es tambour battant.<\/p>\n<p>Au Qu\u00e9bec, \u00e0 partir de vendredi, la vaccination s&rsquo;ouvre \u00e0 l&rsquo;ensemble de la population.<\/p>\n<blockquote><p>Aux Etats-Unis, c&rsquo;est environ 35% de la population, soit plus de 117 millions de personnes, qui sont enti\u00e8rement vaccin\u00e9es, c&rsquo;est-\u00e0-dire qu&rsquo;elles ont re\u00e7u soit la dose unique du vaccin de Johnson &amp; Johnson, soit les deux doses des vaccins de Moderna ou de Pfizer\/BioNTech.<\/p><\/blockquote>\n<p>\u00ab\u00a0Si vous \u00eates compl\u00e8tement vaccin\u00e9, vous n&rsquo;avez plus besoin de porter un masque!\u00a0\u00bb, s&rsquo;est r\u00e9joui jeudi le pr\u00e9sident am\u00e9ricain Joe Biden depuis les jardins de la Maison Blanche, alors m\u00eame que huit joueurs du club de baseball des New York Yankees, pourtant vaccin\u00e9s, viennent d&rsquo;\u00eatre test\u00e9s positifs au Covid-19.<\/p>\n<p>Seule exception: les autorit\u00e9s sanitaires recommandent toujours aux personnes vaccin\u00e9es de continuer \u00e0 porter un masque dans les transports (avions, bus, trains&#8230;) ainsi que dans les a\u00e9roports et les gares.<\/p>\n<p>Car les Etats-Unis (plus de 584.000 d\u00e9c\u00e8s) restent le pays le plus endeuill\u00e9 par cette pand\u00e9mie qui a fait plus de 3,3 millions de morts \u00e0 ce jour \u00e0 travers le monde, devant le Br\u00e9sil (plus de 430.000), l&rsquo;Inde (plus de 258.000), le Mexique (219.590) et le Royaume-Uni (127.640).<\/p>\n<h3>P\u00e9nuries de vaccins en Inde<\/h3>\n<p>En Inde, troisi\u00e8me pays le plus endeuill\u00e9 au monde par le Covid apr\u00e8s les Etats-Unis et le Br\u00e9sil, nombre d&rsquo;Etats sont aux prises avec des p\u00e9nuries de vaccins, limitant les cr\u00e9neaux disponibles pour les 600 millions d&rsquo;adultes de 18-44 ans qui peuvent d\u00e9sormais se faire vacciner.<\/p>\n<p>Certains \u00ab\u00a0geeks\u00a0\u00bb ont mis au point des outils pour aider les candidats \u00e0 la vaccination dans certaines villes \u00e0 trouver des cr\u00e9neaux d\u00e8s qu&rsquo;ils sont disponibles.<\/p>\n<p>A l&rsquo;instar de Berty Thomas, 35 ans, programmeur amateur et analyste commercial bas\u00e9 \u00e0 Chennai (l&rsquo;ancienne Madras), qui a cr\u00e9\u00e9 un outil d&rsquo;alerte via la messagerie Telegram et compte d\u00e9j\u00e0 plus de 400.000 abonn\u00e9s.<\/p>\n<p>\u00ab\u00a0Il faut qu&rsquo;il y ait un syst\u00e8me de vaccination de porte-\u00e0-porte. Ceux qui n&rsquo;ont pas de smartphone, que vont-ils faire ?\u00a0\u00bb, s&rsquo;inqui\u00e8te quant \u00e0 lui Mohendra Sharma, marchand de lait \u00e0 Delhi, qui ne poss\u00e8de pas de t\u00e9l\u00e9phone portable.<\/p>\n<p>Autre probl\u00e8me pour les pays en d\u00e9veloppement comme l&rsquo;Inde: la lev\u00e9e des brevets sur les vaccins est une mesure qu&rsquo;ils r\u00e9clament, pour accro\u00eetre l&rsquo;acc\u00e8s aux vaccins. Bonne nouvelle sur ce front: la Chine s&rsquo;est d\u00e9clar\u00e9e jeudi favorable \u00e0 une lev\u00e9e des brevets sur les vaccins anti-Covid.<\/p>\n<p>Au Br\u00e9sil, le premier match de football avec du public payant depuis mars 2020 doit avoir lieu dimanche. Six mille spectateurs pourront assister \u00e0 la finale du tournoi de football de l&rsquo;Etat br\u00e9silien de Maranhao (nord), avec une jauge de remplissage des tribunes de 15%. Mais les spectateurs devront porter des masques, sous peine d&rsquo;\u00eatre expuls\u00e9s. (AFP)<\/p>\n","protected":false},"excerpt":{"rendered":"<p>Coronavirus: la Gr\u00e8ce lance la saison touristique vendredi avec le retour de la libert\u00e9 de circulation au bout de sept mois de confinement, au lendemain de l&rsquo;annonce par Washington de la lev\u00e9e du port du masque pour les Am\u00e9ricains vaccin\u00e9s. \u00ab\u00a0Nous laissons derri\u00e8re nous les nuages noirs de la peur et de l&rsquo;ins\u00e9curit\u00e9\u00a0\u00bb, a proclam\u00e9 [&hellip;]<\/p>\n","protected":false},"author":1,"featured_media":9623,"comment_status":"open","ping_status":"closed","sticky":false,"template":"","format":"standard","meta":{"footnotes":""},"categories":[1372],"tags":[1822,135,1251,1205,1430],"class_list":["post-9620","post","type-post","status-publish","format-standard","has-post-thumbnail","hentry","category-monde","tag-americains","tag-grece","tag-masques","tag-touristes","tag-vaccins"],"aioseo_notices":[],"_links":{"self":[{"href":"https:\/\/www.culturalusa.com\/news\/wp-json\/wp\/v2\/posts\/9620","targetHints":{"allow":["GET"]}}],"collection":[{"href":"https:\/\/www.culturalusa.com\/news\/wp-json\/wp\/v2\/posts"}],"about":[{"href":"https:\/\/www.culturalusa.com\/news\/wp-json\/wp\/v2\/types\/post"}],"author":[{"embeddable":true,"href":"https:\/\/www.culturalusa.com\/news\/wp-json\/wp\/v2\/users\/1"}],"replies":[{"embeddable":true,"href":"https:\/\/www.culturalusa.com\/news\/wp-json\/wp\/v2\/comments?post=9620"}],"version-history":[{"count":0,"href":"https:\/\/www.culturalusa.com\/news\/wp-json\/wp\/v2\/posts\/9620\/revisions"}],"wp:featuredmedia":[{"embeddable":true,"href":"https:\/\/www.culturalusa.com\/news\/wp-json\/wp\/v2\/media\/9623"}],"wp:attachment":[{"href":"https:\/\/www.culturalusa.com\/news\/wp-json\/wp\/v2\/media?parent=9620"}],"wp:term":[{"taxonomy":"category","embeddable":true,"href":"https:\/\/www.culturalusa.com\/news\/wp-json\/wp\/v2\/categories?post=9620"},{"taxonomy":"post_tag","embeddable":true,"href":"https:\/\/www.culturalusa.com\/news\/wp-json\/wp\/v2\/tags?post=9620"}],"curies":[{"name":"wp","href":"https:\/\/api.w.org\/{rel}","templated":true}]}}