{"id":9624,"date":"2021-05-15T11:59:40","date_gmt":"2021-05-15T09:59:40","guid":{"rendered":"https:\/\/www.culturalusa.com\/news\/?p=9624"},"modified":"2021-05-15T12:02:31","modified_gmt":"2021-05-15T10:02:31","slug":"oms-la-2e-annee-de-pandemie-risque-detre-pire-que-la-premiere","status":"publish","type":"post","link":"https:\/\/www.culturalusa.com\/news\/actualite\/oms-la-2e-annee-de-pandemie-risque-detre-pire-que-la-premiere\/","title":{"rendered":"OMS: la 2e ann\u00e9e de pand\u00e9mie risque d&rsquo;\u00eatre pire que la premi\u00e8re"},"content":{"rendered":"<p><strong>La pand\u00e9mie dans le monde est en passe de faire plus de morts cette ann\u00e9e qu&rsquo;en 2020<\/strong>, a pr\u00e9venu vendredi l&rsquo;OMS au moment o\u00f9 l&rsquo;espoir d&rsquo;une vie plus normale s&rsquo;esquisse dans plusieurs pays, au prix toutefois de vifs d\u00e9bats aux Etats-Unis sur la lev\u00e9e de la recommandation du port du masque pour les vaccin\u00e9s.<\/p>\n<blockquote><p>D&rsquo;autres nations, dont l&rsquo;Inde, restent en revanche aux prises avec une flamb\u00e9e \u00e9pid\u00e9mique d\u00e9vastatrice. Le Covid-19 a fait au moins 3,3 millions de morts dans le monde depuis fin d\u00e9cembre 2019 tandis que l&rsquo;apparition de variants et la progression in\u00e9gale des campagnes de vaccination continuent d&rsquo;inqui\u00e9ter.<\/p><\/blockquote>\n<h2>Selon le patron de l&rsquo;Organisation mondiale de la Sant\u00e9 (OMS), Tedros Adhanom Ghebreyesus, \u00ab\u00a0au train o\u00f9 vont les choses, la deuxi\u00e8me ann\u00e9e de la pand\u00e9mie sera \u00ab\u00a0beaucoup plus mortelle que la premi\u00e8re\u00a0\u00bb.<\/h2>\n<p>Il a en outre appel\u00e9 \u00e0 renoncer \u00e0 vacciner les enfants et les adolescents contre le coronavirus et \u00e0 faire don des doses ainsi lib\u00e9r\u00e9es au syst\u00e8me Covax pour les redistribuer aux nations d\u00e9favoris\u00e9es.<\/p>\n<p>Dans ce contexte, la star du tennis Roger Federer a d\u00e9clar\u00e9 que les athl\u00e8tes avaient \u00ab\u00a0besoin d&rsquo;une d\u00e9cision\u00a0\u00bb ferme sur le maintien des Jeux olympiques de Tokyo, ajoutant qu&rsquo;il comprendrait tout \u00e0 fait si l&rsquo;\u00e9v\u00e8nement, d\u00e9j\u00e0 report\u00e9 d&rsquo;un an, \u00e9tait finalement annul\u00e9. \u00ab\u00a0On n&rsquo;entend pas grand-chose. Cela me fait penser que les Jeux auront lieu, m\u00eame si j&rsquo;ai entendu que beaucoup de gens \u00e0 Tokyo sont contre les Jeux\u00a0\u00bb, a-t-il dit \u00e0 la cha\u00eene de t\u00e9l\u00e9vision suisse L\u00e9man Bleu.<\/p>\n<p>Le Japon a \u00e0 cet \u00e9gard \u00e9tendu l&rsquo;\u00e9tat d&rsquo;urgence, qui concernait d\u00e9j\u00e0 six d\u00e9partements dont celui de sa capitale, \u00e0 trois d\u00e9partements suppl\u00e9mentaires face \u00e0 la recrudescence des cas de coronavirus, \u00e0 dix semaines seulement de l&rsquo;ouverture des JO.<\/p>\n<h3>Bas les masques<\/h3>\n<p>Aux Etats-Unis, dans la foul\u00e9e de l&rsquo;annonce par les autorit\u00e9s de la lev\u00e9e de la recommandation du port du masque pour les personnes enti\u00e8rement vaccin\u00e9es (environ 35% de la population), plusieurs enseignes de la distribution, comme le g\u00e9ant Walmart ou les supermarch\u00e9s \u00e0 bas prix Costco, ont annonc\u00e9 vendredi renoncer dans leurs magasins au masque obligatoire, qui reste toutefois de rigueur lorsque la l\u00e9gislation locale l&rsquo;impose.<\/p>\n<p>Mais les nouvelles directives des autorit\u00e9s sanitaires, non contraignantes, ont pris par surprise les responsables locaux, les experts et les entreprises, provoquant vendredi de vifs d\u00e9bats et une certaine confusion dans le pays, des altercations ayant m\u00eame \u00e9clat\u00e9 au Congr\u00e8s.<\/p>\n<p><strong>\u00ab\u00a0Avant, les masques \u00e9taient importants et d&rsquo;un coup ils ne le sont plus\u00a0\u00bb<\/strong>, s&rsquo;est \u00e9tonn\u00e9 \u00e0 New York Ivan Matta, 47 ans, employ\u00e9 dans une entreprise de tourisme. <span style=\"color: #800000;\">\u00ab\u00a0Ma crainte c&rsquo;est, comment vous allez v\u00e9rifier que les gens sont compl\u00e8tement vaccin\u00e9s ou pas?<\/span> Je crois qu&rsquo;il y a beaucoup de gens qui ne vont plus utiliser le masque m\u00eame s&rsquo;ils ne sont pas vaccin\u00e9s\u00a0\u00bb.<\/p>\n<h3>\u00ab\u00a0Merveilleux de pouvoir sortir\u00a0\u00bb<\/h3>\n<p>En parall\u00e8le, forts de r\u00e9sultats jug\u00e9s encourageants par leurs gouvernements, plusieurs pays, notamment en Europe, rouvrent leurs \u00e9conomies affaiblies.<\/p>\n<p>Illustration, la Gr\u00e8ce a lev\u00e9 vendredi toutes les restrictions \u00e0 la circulation apr\u00e8s sept mois de confinement pour inaugurer une saison touristique tr\u00e8s attendue. Seule condition d\u00e9sormais pour y voyager: \u00eatre vaccin\u00e9 ou pr\u00e9senter un test Covid n\u00e9gatif.<\/p>\n<p>\u00ab\u00a0Les restaurants sont ouverts, on peut aller \u00e0 la plage, on peut profiter du beau temps, on peut faire un peu de shopping, c&rsquo;est merveilleux de pouvoir sortir \u00e0 nouveau\u00a0\u00bb, s&rsquo;exclame en Cr\u00e8te une touriste allemande de 28 ans, Caroline Falk.<\/p>\n<p>En Pologne, les caf\u00e9s et les restaurants pourront servir les clients sur les terrasses \u00e0 partir de samedi.<\/p>\n<p>L&rsquo;Italie a de son c\u00f4t\u00e9 annonc\u00e9 qu&rsquo;elle levait \u00e0 partir de dimanche la mini-quarantaine de cinq jours pour les touristes europ\u00e9ens, cependant qu&rsquo;au Portugal, des centaines de vacanciers britanniques sont attendus d\u00e8s lundi pour profiter de la lev\u00e9e des restrictions sur les voyages accord\u00e9e par Lisbonne \u00e0 son premier march\u00e9 touristique.<\/p>\n<h3>Variant indien au Royaume-Uni<\/h3>\n<p>L&rsquo;Angleterre se pr\u00e9pare elle aussi \u00e0 franchir une \u00e9tape majeure, avec la r\u00e9ouverture lundi des mus\u00e9es, h\u00f4tels et stades, gr\u00e2ce \u00e0 un net recul du nombre des cas de Covid, apr\u00e8s un long confinement et des vaccinations effectu\u00e9es tambour battant.<\/p>\n<p>Le Premier ministre britannique Boris Johnson a toutefois pr\u00e9venu vendredi que le variant indien risquait d&rsquo;y perturber la poursuite du d\u00e9confinement s&rsquo;il continuait \u00e0 s&rsquo;y propager, apr\u00e8s une pouss\u00e9e pr\u00e9occupante \u00e0 certains endroits, notamment dans le nord-ouest et \u00e0 Londres.<\/p>\n<p>La France a pour sa part annonc\u00e9 que les voyageurs de quatre nouveaux pays (Colombie, Bahre\u00efn, Costa Rica, Uruguay), sur une liste qui en comptait douze, seraient soumis \u00e0 une quarantaine de dix jours \u00e0 partir de dimanche.<\/p>\n<h3>\u00ab\u00a0On laisse les gens mourir\u00a0\u00bb<\/h3>\n<p>En Inde, en proie \u00e0 une flamb\u00e9e \u00e9pid\u00e9mique d\u00e9vastatrice, nombre d&rsquo;Etats sont aux prises avec des p\u00e9nuries de vaccins, limitant les cr\u00e9neaux disponibles pour les 600 millions d&rsquo;adultes de 18-44 ans qui peuvent d\u00e9sormais se faire vacciner.<\/p>\n<p>La vaccination avec le Spoutnik V russe a n\u00e9anmoins d\u00e9but\u00e9 vendredi dans ce pays de 1,3 milliard d&rsquo;habitants. Les premi\u00e8res injections ont eu lieu \u00e0 Hyderabad (centre), apr\u00e8s une approbation d&rsquo;urgence de l&rsquo;utilisation de ce vaccin par New Delhi le 12 avril.<\/p>\n<p>Apr\u00e8s avoir plong\u00e9 dans le chaos les grandes m\u00e9tropoles indiennes, \u00e0 court de m\u00e9dicaments, de r\u00e9serves d&rsquo;oxyg\u00e8ne et de lits pour les malades, le virus poursuit ses ravages dans les campagnes priv\u00e9es d&rsquo;infrastructures.<\/p>\n<p>Les morts sont enterr\u00e9s ou parfois abandonn\u00e9s dans les rivi\u00e8res, tandis que les malades tentent de se soigner avec des d\u00e9coctions de plantes. Ces derniers jours plus de 100 cadavres ont \u00e9chou\u00e9 sur les rives du Gange, laissant craindre une situation tout aussi d\u00e9sastreuse ailleurs.<\/p>\n<p>\u00ab\u00a0On laisse les gens mourir\u00a0\u00bb, dit Kidwai Ahmad, joint par l&rsquo;AFP dans son village de Sadullahpur, dans l&rsquo;Etat de l&rsquo;Uttar Pradesh (nord). \u00ab\u00a0C&rsquo;est l&rsquo;Inde que l&rsquo;on cache \u00e0 tout le monde\u00a0\u00bb. (AFP)<\/p>\n","protected":false},"excerpt":{"rendered":"<p>La pand\u00e9mie dans le monde est en passe de faire plus de morts cette ann\u00e9e qu&rsquo;en 2020, a pr\u00e9venu vendredi l&rsquo;OMS au moment o\u00f9 l&rsquo;espoir d&rsquo;une vie plus normale s&rsquo;esquisse dans plusieurs pays, au prix toutefois de vifs d\u00e9bats aux Etats-Unis sur la lev\u00e9e de la recommandation du port du masque pour les vaccin\u00e9s. D&rsquo;autres [&hellip;]<\/p>\n","protected":false},"author":1,"featured_media":9625,"comment_status":"open","ping_status":"closed","sticky":false,"template":"","format":"standard","meta":{"footnotes":""},"categories":[30],"tags":[1278,1298,1211,1823],"class_list":["post-9624","post","type-post","status-publish","format-standard","has-post-thumbnail","hentry","category-actualite","tag-masques-chirurgicaux","tag-oms","tag-pandemie","tag-pandemie-mondiale"],"aioseo_notices":[],"_links":{"self":[{"href":"https:\/\/www.culturalusa.com\/news\/wp-json\/wp\/v2\/posts\/9624","targetHints":{"allow":["GET"]}}],"collection":[{"href":"https:\/\/www.culturalusa.com\/news\/wp-json\/wp\/v2\/posts"}],"about":[{"href":"https:\/\/www.culturalusa.com\/news\/wp-json\/wp\/v2\/types\/post"}],"author":[{"embeddable":true,"href":"https:\/\/www.culturalusa.com\/news\/wp-json\/wp\/v2\/users\/1"}],"replies":[{"embeddable":true,"href":"https:\/\/www.culturalusa.com\/news\/wp-json\/wp\/v2\/comments?post=9624"}],"version-history":[{"count":0,"href":"https:\/\/www.culturalusa.com\/news\/wp-json\/wp\/v2\/posts\/9624\/revisions"}],"wp:featuredmedia":[{"embeddable":true,"href":"https:\/\/www.culturalusa.com\/news\/wp-json\/wp\/v2\/media\/9625"}],"wp:attachment":[{"href":"https:\/\/www.culturalusa.com\/news\/wp-json\/wp\/v2\/media?parent=9624"}],"wp:term":[{"taxonomy":"category","embeddable":true,"href":"https:\/\/www.culturalusa.com\/news\/wp-json\/wp\/v2\/categories?post=9624"},{"taxonomy":"post_tag","embeddable":true,"href":"https:\/\/www.culturalusa.com\/news\/wp-json\/wp\/v2\/tags?post=9624"}],"curies":[{"name":"wp","href":"https:\/\/api.w.org\/{rel}","templated":true}]}}