{"id":9647,"date":"2021-05-17T19:41:51","date_gmt":"2021-05-17T17:41:51","guid":{"rendered":"https:\/\/www.culturalusa.com\/news\/?p=9647"},"modified":"2021-05-18T12:00:53","modified_gmt":"2021-05-18T10:00:53","slug":"antonio-costa-na-pas-de-compte-courant-et-on-ne-sait-pas-comment-il-recoit-son-salaire","status":"publish","type":"post","link":"https:\/\/www.culturalusa.com\/news\/portugal\/antonio-costa-na-pas-de-compte-courant-et-on-ne-sait-pas-comment-il-recoit-son-salaire\/","title":{"rendered":"Antonio Costa n&rsquo;a pas de compte courant et on ne sait pas comment il re\u00e7oit son salaire"},"content":{"rendered":"<h2>Le \u00ab\u00a0<a href=\"https:\/\/www.culturalusa.net\/news\/opiniao\/antonio-costa-nao-tem-conta-a-ordem-e-nao-se-sabe-como-recebe-salario\/\" target=\"_blank\" rel=\"noopener\">Premier ministre portugais<\/a>\u00a0\u00bb n&rsquo;a pas de compte courant bancaire !<\/h2>\n<blockquote><p>Le Premier ministre <span style=\"color: #800000;\">Ant\u00f3nio Costa<\/span> n&rsquo;a d\u00e9clar\u00e9 aucun compte courant \u00e0 la banque dans le compte de r\u00e9sultat qu&rsquo;il a remis \u00e0 la Cour constitutionnelle, comme l&rsquo;exige la loi. <span style=\"color: #800000;\">Ainsi, on ne sait pas comment il per\u00e7oit son salaire.<\/span><\/p><\/blockquote>\n<p>Les d\u00e9clarations de revenus des titulaires de la fonction publique ont \u00e9t\u00e9 remises \u00e0 la Cour constitutionnelle (TC) en janvier dernier. Le journal \u00ab\u00a0Correio da Manh\u00e3\u00a0\u00bb (CM) prend une radiographie des revenus d\u00e9clar\u00e9s par les dirigeants des deux principaux partis portugais, Ant\u00f3nio Costa (socialiste) et Rui Rio (centre droite).<\/p>\n<h3>Dans le cas du chef du PS et du Premier ministre, le fait qu&rsquo;il n&rsquo;ait d\u00e9clar\u00e9 aucun compte bancaire en r\u00e8gle, comme le souligne le CM, se d\u00e9marque, ce qui laisse des doutes sur la mani\u00e8re dont il per\u00e7oit son salaire.<\/h3>\n<p>Le journal a contact\u00e9 le bureau d&rsquo;Antonio Costa pour dissiper les doutes, mais il n&rsquo;a pas obtenu de r\u00e9ponse.<\/p>\n<blockquote><p>Parmi les revenus d\u00e9clar\u00e9s, Costa informe qu&rsquo;il est le troisi\u00e8me d\u00e9tenteur d&rsquo;un d\u00e9p\u00f4t \u00e0 terme, d&rsquo;un montant de 100 mille euros, aux c\u00f4t\u00e9s de sa m\u00e8re, Maria Ant\u00f3nia Palla et Carmo, et de son mari, le colonel Manuel Pedroso Marques.<\/p><\/blockquote>\n<p>En outre, <strong>Antonio Costa r\u00e9v\u00e8le qu&rsquo;il poss\u00e8de quatre propri\u00e9t\u00e9s<\/strong>, trois \u00e0 Lisbonne, et \u00e9galement une propri\u00e9t\u00e9 \u00e0 Goa, en Inde, re\u00e7ue dans le cadre d&rsquo;un h\u00e9ritage familial. Le Premier ministre d\u00e9tient \u00e9galement 50 parts d&rsquo;actions dans le Benfica SAD, est \u00e9galement membre du club et d\u00e9tient des certificats d&rsquo;\u00e9pargne avec sa femme.<\/p>\n<p>En 2019, il a d\u00e9clar\u00e9 des revenus de plus de 110 mille euros, ne d\u00e9clarant aucune dette.<\/p>\n<h3>Manque de sens et de s\u00e9rieux de l&rsquo;\u00c9tat portugais. <span style=\"color: #800000;\">Il y a des politiciens qui se moquent des \u00e9lecteurs<\/span> et un manque flagrant de honte, et de l&rsquo;\u00e9norme manque de modestie.<\/h3>\n<p> (CM &#038; <a href=\"https:\/\/www.culturalusa.net\/news\/opiniao\/antonio-costa-nao-tem-conta-a-ordem-e-nao-se-sabe-como-recebe-salario\/\" rel=\"noopener\" target=\"_blank\">CL<\/a>)<\/p>\n","protected":false},"excerpt":{"rendered":"<p>Le \u00ab\u00a0Premier ministre portugais\u00a0\u00bb n&rsquo;a pas de compte courant bancaire ! Le Premier ministre Ant\u00f3nio Costa n&rsquo;a d\u00e9clar\u00e9 aucun compte courant \u00e0 la banque dans le compte de r\u00e9sultat qu&rsquo;il a remis \u00e0 la Cour constitutionnelle, comme l&rsquo;exige la loi. Ainsi, on ne sait pas comment il per\u00e7oit son salaire. Les d\u00e9clarations de revenus des [&hellip;]<\/p>\n","protected":false},"author":1,"featured_media":9648,"comment_status":"open","ping_status":"closed","sticky":false,"template":"","format":"standard","meta":{"footnotes":""},"categories":[3],"tags":[370,1831,1830,403,1829],"class_list":["post-9647","post","type-post","status-publish","format-standard","has-post-thumbnail","hentry","category-portugal","tag-antonio-costa","tag-etat-portugais","tag-compte-courant","tag-premier-ministre-portugais","tag-salaire"],"aioseo_notices":[],"_links":{"self":[{"href":"https:\/\/www.culturalusa.com\/news\/wp-json\/wp\/v2\/posts\/9647","targetHints":{"allow":["GET"]}}],"collection":[{"href":"https:\/\/www.culturalusa.com\/news\/wp-json\/wp\/v2\/posts"}],"about":[{"href":"https:\/\/www.culturalusa.com\/news\/wp-json\/wp\/v2\/types\/post"}],"author":[{"embeddable":true,"href":"https:\/\/www.culturalusa.com\/news\/wp-json\/wp\/v2\/users\/1"}],"replies":[{"embeddable":true,"href":"https:\/\/www.culturalusa.com\/news\/wp-json\/wp\/v2\/comments?post=9647"}],"version-history":[{"count":0,"href":"https:\/\/www.culturalusa.com\/news\/wp-json\/wp\/v2\/posts\/9647\/revisions"}],"wp:featuredmedia":[{"embeddable":true,"href":"https:\/\/www.culturalusa.com\/news\/wp-json\/wp\/v2\/media\/9648"}],"wp:attachment":[{"href":"https:\/\/www.culturalusa.com\/news\/wp-json\/wp\/v2\/media?parent=9647"}],"wp:term":[{"taxonomy":"category","embeddable":true,"href":"https:\/\/www.culturalusa.com\/news\/wp-json\/wp\/v2\/categories?post=9647"},{"taxonomy":"post_tag","embeddable":true,"href":"https:\/\/www.culturalusa.com\/news\/wp-json\/wp\/v2\/tags?post=9647"}],"curies":[{"name":"wp","href":"https:\/\/api.w.org\/{rel}","templated":true}]}}