{"id":9680,"date":"2021-05-21T11:38:53","date_gmt":"2021-05-21T09:38:53","guid":{"rendered":"https:\/\/www.culturalusa.com\/news\/?p=9680"},"modified":"2021-05-21T11:42:30","modified_gmt":"2021-05-21T09:42:30","slug":"pour-mieux-deconfiner-la-france-va-vacciner-a-tour-de-bras","status":"publish","type":"post","link":"https:\/\/www.culturalusa.com\/news\/actualite\/pour-mieux-deconfiner-la-france-va-vacciner-a-tour-de-bras\/","title":{"rendered":"Pour mieux d\u00e9confiner, la France va vacciner \u00e0 tour de bras"},"content":{"rendered":"<p>France Covid-19: sous pression pour ne pas r\u00e9p\u00e9ter les erreurs de l&rsquo;an dernier, la France veut r\u00e9ussir sa sortie de confinement et a pour cela d\u00e9cid\u00e9 d&rsquo;avancer de deux semaines l&rsquo;ouverture officielle \u00e0 tous les adultes de la vaccination contre le Covid-19.<\/p>\n<p>Initialement pr\u00e9vue pour le 15 juin, elle aura finalement lieu le 31 mai, a annonc\u00e9 le Premier ministre Jean Castex, au lendemain des r\u00e9ouvertures des terrasses, cin\u00e9mas ou mus\u00e9es et avant de nouvelles lev\u00e9es de restrictions.<\/p>\n<blockquote><p>Les professions prioritaires &#8211; enseignants, policiers, gendarmes, caissi\u00e8res ou conducteurs de bus &#8211; y auront droit une semaine avant, d\u00e8s ce lundi 24 mai. C&rsquo;\u00e9tait une revendication de longue date des enseignants.<\/p><\/blockquote>\n<h3>Cette \u00ab\u00a0acc\u00e9l\u00e9ration forte\u00a0\u00bb est \u00ab\u00a0permise par le fait que nous allons recevoir beaucoup de doses d&rsquo;ici la fin du mois de juin, donc il faut que nous ayons un taux de vaccination le plus \u00e9lev\u00e9 possible\u00a0\u00bb, a assur\u00e9 M. Castex lors d&rsquo;un d\u00e9placement dans un centre de vaccination en Seine-Saint-Denis.<\/h3>\n<p>Pour l&rsquo;instant, la vaccination est th\u00e9oriquement encore soumise \u00e0 conditions pour les 18-50 ans (la pr\u00e9sence de comorbidit\u00e9s ou la prise de rendez-vous du jour au lendemain). Dans les faits, ces obligations sont toutefois largement contourn\u00e9es puisqu&rsquo;aucune prescription m\u00e9dicale n&rsquo;est n\u00e9cessaire.<\/p>\n<p>21,56 millions de personnes ont re\u00e7u \u00e0 ce stade une premi\u00e8re injection, soit pr\u00e8s d&rsquo;un tiers de la population totale (32,2%), dont 9,26 millions ont \u00e9t\u00e9 vaccin\u00e9es avec deux doses.<\/p>\n<h3>\u00ab\u00a0Tourner la page\u00a0\u00bb<\/h3>\n<p>Mercredi, le ministre de la Sant\u00e9, Olivier V\u00e9ran, a esp\u00e9r\u00e9 sur LCI \u00ab\u00a0tourner la page du Covid\u00a0\u00bb en \u00ab\u00a0novembre ou d\u00e9cembre\u00a0\u00bb, si de nouveaux variants qui contournent la vaccination n&rsquo;ont pas \u00e9merg\u00e9 d&rsquo;ici l\u00e0. <strong><span style=\"color: #800000;\">Jusqu&rsquo;\u00e0 pr\u00e9sent, les vaccins disponibles et approuv\u00e9s sont efficaces contre \u00ab\u00a0tous les variants du virus\u00a0\u00bb<\/span>, a assur\u00e9 jeudi l&rsquo;Organisation mondiale de la sant\u00e9 (OMS)<\/strong>.<\/p>\n<p>Vacciner est d&rsquo;autant plus important que le gouvernement veut \u00e9viter le sc\u00e9nario post-d\u00e9confinement de l&rsquo;an dernier: un \u00e9t\u00e9 insouciant puis une reprise de l&rsquo;\u00e9pid\u00e9mie \u00e0 la rentr\u00e9e et \u00e0 l&rsquo;automne.<\/p>\n<p>\u00ab\u00a0A court terme, il y a des raisons d&rsquo;\u00eatre optimiste. Mais au 30 juin, on aura un rel\u00e2chement qui sera vraisemblablement important et il est trop t\u00f4t pour en pr\u00e9voir l&rsquo;impact\u00a0\u00bb, r\u00e9sume \u00e0 l&rsquo;AFP Mircea Sofonea, ma\u00eetre de conf\u00e9rences en \u00e9pid\u00e9miologie \u00e0 l&rsquo;universit\u00e9 de Montpellier.<\/p>\n<blockquote><p>\u00ab\u00a0Sentiment mitig\u00e9 quand je vois les gens heureux de se retrouver en terrasse mais vraiment tr\u00e8s proches les uns des autres. Tiendra-t-on ainsi?\u00a0\u00bb, s&rsquo;est interrog\u00e9 sur Twitter le pr\u00e9sident de la commission m\u00e9dicale des H\u00f4pitaux de Paris, R\u00e9mi Salomon.<\/p><\/blockquote>\n<p>Mercredi, au sortir de six mois de fermeture des terrasses, certains ont voulu prolonger la f\u00eate. A Rennes, pr\u00e8s de la c\u00e9l\u00e8bre \u00ab\u00a0rue de la soif\u00a0\u00bb, plusieurs centaines de personnes ont ainsi brav\u00e9 le couvre-feu, d\u00e9sormais repouss\u00e9 \u00e0 21h00.<\/p>\n<p>Les pompiers ont d\u00fb intervenir pour \u00e9teindre un feu et la police a utilis\u00e9 des gaz lacrymog\u00e8nes en r\u00e9ponse \u00e0 des tirs de projectiles, selon le commissariat.<\/p>\n<p>\u00ab\u00a0C&rsquo;\u00e9tait la r\u00e9ouverture, on peut comprendre qu&rsquo;il y a eu un engouement mais j&rsquo;appelle tout le monde, c&rsquo;est notre int\u00e9r\u00eat commun, \u00e0 respecter les r\u00e8gles\u00a0\u00bb, a insist\u00e9 M. Castex.<\/p>\n<h3>\u00ab\u00a0Rigueur\u00a0\u00bb<\/h3>\n<p>\u00ab\u00a0Il va falloir un peu plus de rigueur de la part de nos professionnels comme de nos clients\u00a0\u00bb, a d\u00e9clar\u00e9 \u00e0 l&rsquo;AFP le pr\u00e9sident de l&rsquo;UMIH-Gironde (Union des m\u00e9tiers et des industries de l&rsquo;H\u00f4tellerie), Laurent Tournier, qui a \u00e9crit \u00e0 ses adh\u00e9rents pour leur faire passer la consigne.<\/p>\n<blockquote><p>Les r\u00e9ouvertures de mercredi marquent la deuxi\u00e8me \u00e9tape du plan en quatre phases annonc\u00e9 fin avril par Emmanuel Macron. Il doit se poursuivre le 9 juin par la r\u00e9ouverture des caf\u00e9s et restaurants en int\u00e9rieur, des jauges moins strictes et un couvre-feu \u00e0 23h00, qui doit \u00eatre supprim\u00e9 le 30 juin si la situation le permet.<\/p><\/blockquote>\n<p>Mais si la circulation du virus a nettement diminu\u00e9 depuis quatre semaines, elle est loin d&rsquo;avoir disparu, avec environ 14.000 nouveaux cas quotidiens en moyenne.<\/p>\n<p>Le nombre de malades du Covid hospitalis\u00e9s continue lui aussi \u00e0 baisser: il y en a d\u00e9sormais 21.347, dont 3.862 dans les services de r\u00e9animation (contre 31.000 et 6.000 il y a un mois).<\/p>\n<p>Et \u00e0 l&rsquo;heure du d\u00e9confinement, le d\u00e9partement des Deux-S\u00e8vres, en Nouvelle-Aquitaine, conna\u00eet \u00e0 l&rsquo;inverse un nouveau tour de vis faute de \u00ab\u00a0d\u00e9croissance significative\u00a0\u00bb de l&rsquo;\u00e9pid\u00e9mie, selon la pr\u00e9fecture.<\/p>\n<p>Elle a pris mercredi de nouvelles restrictions pour \u00e9viter les rassemblements dans les communes de plus de 5.000 habitants et celles du Marais poitevin touristique. Parmi elles, l&rsquo;interdiction jusqu&rsquo;au 9 juin de la diffusion de musique \u00ab\u00a0pouvant s&rsquo;entendre depuis la rue et qui ne provient pas d&rsquo;un \u00e9tablissement recevant du public ou d&rsquo;une manifestation autoris\u00e9e\u00a0\u00bb. (AFP)<\/p>\n","protected":false},"excerpt":{"rendered":"<p>France Covid-19: sous pression pour ne pas r\u00e9p\u00e9ter les erreurs de l&rsquo;an dernier, la France veut r\u00e9ussir sa sortie de confinement et a pour cela d\u00e9cid\u00e9 d&rsquo;avancer de deux semaines l&rsquo;ouverture officielle \u00e0 tous les adultes de la vaccination contre le Covid-19. Initialement pr\u00e9vue pour le 15 juin, elle aura finalement lieu le 31 mai, [&hellip;]<\/p>\n","protected":false},"author":1,"featured_media":8783,"comment_status":"open","ping_status":"closed","sticky":false,"template":"","format":"standard","meta":{"footnotes":""},"categories":[30],"tags":[1543,1708,1298,1349,1840],"class_list":["post-9680","post","type-post","status-publish","format-standard","has-post-thumbnail","hentry","category-actualite","tag-campagne-de-vaccination","tag-france-covid-19","tag-oms","tag-vaccination","tag-vacciner"],"aioseo_notices":[],"_links":{"self":[{"href":"https:\/\/www.culturalusa.com\/news\/wp-json\/wp\/v2\/posts\/9680","targetHints":{"allow":["GET"]}}],"collection":[{"href":"https:\/\/www.culturalusa.com\/news\/wp-json\/wp\/v2\/posts"}],"about":[{"href":"https:\/\/www.culturalusa.com\/news\/wp-json\/wp\/v2\/types\/post"}],"author":[{"embeddable":true,"href":"https:\/\/www.culturalusa.com\/news\/wp-json\/wp\/v2\/users\/1"}],"replies":[{"embeddable":true,"href":"https:\/\/www.culturalusa.com\/news\/wp-json\/wp\/v2\/comments?post=9680"}],"version-history":[{"count":0,"href":"https:\/\/www.culturalusa.com\/news\/wp-json\/wp\/v2\/posts\/9680\/revisions"}],"wp:featuredmedia":[{"embeddable":true,"href":"https:\/\/www.culturalusa.com\/news\/wp-json\/wp\/v2\/media\/8783"}],"wp:attachment":[{"href":"https:\/\/www.culturalusa.com\/news\/wp-json\/wp\/v2\/media?parent=9680"}],"wp:term":[{"taxonomy":"category","embeddable":true,"href":"https:\/\/www.culturalusa.com\/news\/wp-json\/wp\/v2\/categories?post=9680"},{"taxonomy":"post_tag","embeddable":true,"href":"https:\/\/www.culturalusa.com\/news\/wp-json\/wp\/v2\/tags?post=9680"}],"curies":[{"name":"wp","href":"https:\/\/api.w.org\/{rel}","templated":true}]}}