{"id":9703,"date":"2021-05-25T15:12:21","date_gmt":"2021-05-25T13:12:21","guid":{"rendered":"https:\/\/www.culturalusa.com\/news\/?p=9703"},"modified":"2021-05-25T15:16:33","modified_gmt":"2021-05-25T13:16:33","slug":"ue-les-27-acceptent-le-certificat-sanitaire-et-pourparlers-ardus-sur-le-climat","status":"publish","type":"post","link":"https:\/\/www.culturalusa.com\/news\/actualite\/ue-les-27-acceptent-le-certificat-sanitaire-et-pourparlers-ardus-sur-le-climat\/","title":{"rendered":"UE: les 27 acceptent le certificat sanitaire et pourparlers ardus sur le climat"},"content":{"rendered":"<p>Bruxelles: <strong>les dirigeants des Vingt-Sept ont endoss\u00e9 mardi le <span style=\"color: #800000;\">certificat sanitaire<\/span><\/strong> qui doit permettre une r\u00e9ouverture des fronti\u00e8res et poursuivaient leurs difficiles pourparlers sur le plan d&rsquo;action de l&rsquo;UE pour le climat.<\/p>\n<p>Au premier jour de leur sommet, les chefs d&rsquo;Etat et de gouvernement de l&rsquo;UE s&rsquo;\u00e9taient rapidement accord\u00e9s lundi soir sur un nouveau train de sanctions contre le B\u00e9larus pour avoir d\u00e9rout\u00e9 un avion de ligne europ\u00e9en transportant un journaliste d&rsquo;opposition.<\/p>\n<blockquote><p>Soucieux de coordonner la r\u00e9ouverture progressive de leurs fronti\u00e8res \u00e0 l&rsquo;approche de l&rsquo;\u00e9t\u00e9, \u00e0 mesure qu&rsquo;avancent les campagnes de vaccination, les Vingt-Sept ont salu\u00e9 mardi l&rsquo;\u00e9laboration d&rsquo;un \u00ab\u00a0certificat num\u00e9rique europ\u00e9en Covid\u00a0\u00bb, appelant \u00e0 sa \u00ab\u00a0mise en place rapide\u00a0\u00bb, selon des conclusions diffus\u00e9es \u00e0 la mi-journ\u00e9e.<\/p><\/blockquote>\n<p>Eurod\u00e9put\u00e9s et Etats membres s&rsquo;\u00e9taient mis d&rsquo;accord la semaine derni\u00e8re sur ce pass commun destin\u00e9 \u00e0 faciliter les voyages dans l&rsquo;UE \u00e0 partir du 1er juillet. Il attestera qu&rsquo;une personne est vaccin\u00e9e contre le Covid-19, qu&rsquo;elle a pass\u00e9 un test n\u00e9gatif ou qu&rsquo;elle est immunis\u00e9e apr\u00e8s avoir contract\u00e9 la maladie.<\/p>\n<p>Les Vingt-Sept se sont aussi d\u00e9j\u00e0 entendus pour permettre l&rsquo;entr\u00e9e dans l&rsquo;UE aux voyageurs de pays tiers ayant re\u00e7u les doses n\u00e9cessaires de vaccins anti-Covid approuv\u00e9s par les Europ\u00e9ens.<\/p>\n<h3>\u00ab\u00a0Le certificat sanitaire est particuli\u00e8rement important pour red\u00e9marrer notre \u00e9conomie, avec la libre circulation des travailleurs mais aussi des touristes cet \u00e9t\u00e9\u00a0\u00bb, a soulign\u00e9 le Premier ministre croate Andrej Plenkovic, dont le pays est tr\u00e8s d\u00e9pendant du tourisme.<\/h3>\n<p>Certains Etats veulent cependant se r\u00e9server le droit d&rsquo;imposer aux titulaires de ces certificats certaines mesures, comme des quarantaines, face \u00e0 l&rsquo;\u00e9mergence de variants par exemple.<\/p>\n<p>\u00ab\u00a0Tout d\u00e9pend de la situation sanitaire dans votre pays, et dans celle du voyageur. Cela va \u00eatre complexe\u00a0\u00bb, a reconnu aupr\u00e8s de l&rsquo;AFP le ministre irlandais des Affaires europ\u00e9ennes, Thomas Byrne.<\/p>\n<p>Quelque 170 millions de personnes dans l&rsquo;UE (soit 46% de la population adulte) auront \u00e9t\u00e9 vaccin\u00e9es au 30 mai, selon la Commission europ\u00e9enne, qui vise un taux de 70% d&rsquo;ici fin juillet.<\/p>\n<h3>\u00ab\u00a0Chacun doit faire sa part\u00a0\u00bb<\/h3>\n<p><strong>Les dirigeants pr\u00e9sentent \u00e9galement leurs positions sur le <span style=\"color: #800000;\">futur plan d&rsquo;action climatique<\/span><\/strong> que proposera mi-juillet la Commission en vue d&rsquo;atteindre la neutralit\u00e9 carbone du continent \u00e0 horizon 2050.<\/p>\n<blockquote><p>Les Vingt-Sept s&rsquo;\u00e9taient accord\u00e9s en d\u00e9cembre pour r\u00e9duire les <span style=\"color: #800000;\">\u00e9missions de gaz \u00e0 effet de serre<\/span> dans l&rsquo;UE d&rsquo;au moins 55% d&rsquo;ici 2030 par rapport \u00e0 1990. Ils veulent d\u00e9sormais fournir \u00e0 la Commission des lignes directrices concr\u00e8tes pour y parvenir.<\/p><\/blockquote>\n<p>Les conclusions du sommet devraient rester \u00ab\u00a0concises et g\u00e9n\u00e9rales\u00a0\u00bb, faute de disposer d&rsquo;\u00e9tudes d&rsquo;impact, \u00ab\u00a0mais ce d\u00e9bat montrera \u00e0 la Commission o\u00f9 se situent les Etats\u00a0\u00bb par rapport au syst\u00e8me r\u00e9partissant entre les pays les efforts de r\u00e9duction des \u00e9missions, souligne un diplomate.<\/p>\n<p>Ce syst\u00e8me comprend des secteurs (transports, b\u00e2timents, agriculture, gestion des d\u00e9chets&#8230;) actuellement exclus du march\u00e9 des droits d&rsquo;\u00e9missions carbone (ETS), lequel reste r\u00e9serv\u00e9 aux entreprises de l&rsquo;\u00e9nergie et de l&rsquo;industrie.<\/p>\n<p>\u00ab\u00a0L&rsquo;Autriche soutient des objectifs ambitieux, mais nous voulons que chaque Etat membre fasse sa part\u00a0\u00bb, a observ\u00e9 mardi matin le chancelier autrichien Sebastian Kurz, qui a \u00e9galement rappel\u00e9 &#8211;comme le Luxembourg&#8211; sa farouche opposition au nucl\u00e9aire.<\/p>\n<h3>\u00ab\u00a0Hautement sensible\u00a0\u00bb<\/h3>\n<p>Concernant les r\u00e9ductions d&rsquo;\u00e9missions, \u00ab\u00a0il s&rsquo;agit d&rsquo;un jeu \u00e0 somme nulle, puisqu&rsquo;il faut partager entre nous un effort donn\u00e9. Si je diminue mon effort, on augmente celui d&rsquo;un autre\u00a0\u00bb, commente un diplomate.<\/p>\n<p>Le d\u00e9bat porte notamment sur les crit\u00e8res de cette r\u00e9partition: doit-elle se fonder sur le PIB, alors que les pays les plus d\u00e9velopp\u00e9s ont d\u00e9j\u00e0 massivement sabr\u00e9 leurs \u00e9missions et que les moins favoris\u00e9s, d\u00e9pendants d&rsquo;\u00e9nergies fossiles et de secteurs polluants, manquent de moyens pour investir?<\/p>\n<p>\u00ab\u00a0On peut \u00e9laborer un nouveau m\u00e9canisme visant \u00e0 cr\u00e9er un march\u00e9 d&rsquo;\u00e9missions pour le b\u00e2timent ou les transports, mais on ne g\u00e8re pas un prix carbone pour le transport routier comme pour une usine (&#8230;) Certains Etats ont commenc\u00e9 \u00e0 le faire, d&rsquo;autres sont radicalement contre, d&rsquo;autres s&rsquo;interrogent sur la solidarit\u00e9 du dispositif\u00a0\u00bb, selon une source diplomatique.<\/p>\n<p>Imposer des droits d&rsquo;\u00e9mission ou de nouvelles restrictions au transport routier et a\u00e9rien, ou encore au fret maritime, \u00ab\u00a0ce sont des questions hautement sensibles et on ne peut pas avoir un accord \u00e9crit l\u00e0-dessus avant que la Commission n&rsquo;avance ses propositions, c&rsquo;est trop technique\u00a0\u00bb, abonde un autre diplomate.<\/p>\n","protected":false},"excerpt":{"rendered":"<p>Bruxelles: les dirigeants des Vingt-Sept ont endoss\u00e9 mardi le certificat sanitaire qui doit permettre une r\u00e9ouverture des fronti\u00e8res et poursuivaient leurs difficiles pourparlers sur le plan d&rsquo;action de l&rsquo;UE pour le climat. Au premier jour de leur sommet, les chefs d&rsquo;Etat et de gouvernement de l&rsquo;UE s&rsquo;\u00e9taient rapidement accord\u00e9s lundi soir sur un nouveau train [&hellip;]<\/p>\n","protected":false},"author":1,"featured_media":9704,"comment_status":"open","ping_status":"closed","sticky":false,"template":"","format":"standard","meta":{"footnotes":""},"categories":[30],"tags":[1663,1851,208,815,173],"class_list":["post-9703","post","type-post","status-publish","format-standard","has-post-thumbnail","hentry","category-actualite","tag-emissions-de-gaz-a-effet-de-serre","tag-certificat-sanitaire","tag-climat","tag-ue","tag-union-europeenne"],"aioseo_notices":[],"_links":{"self":[{"href":"https:\/\/www.culturalusa.com\/news\/wp-json\/wp\/v2\/posts\/9703","targetHints":{"allow":["GET"]}}],"collection":[{"href":"https:\/\/www.culturalusa.com\/news\/wp-json\/wp\/v2\/posts"}],"about":[{"href":"https:\/\/www.culturalusa.com\/news\/wp-json\/wp\/v2\/types\/post"}],"author":[{"embeddable":true,"href":"https:\/\/www.culturalusa.com\/news\/wp-json\/wp\/v2\/users\/1"}],"replies":[{"embeddable":true,"href":"https:\/\/www.culturalusa.com\/news\/wp-json\/wp\/v2\/comments?post=9703"}],"version-history":[{"count":0,"href":"https:\/\/www.culturalusa.com\/news\/wp-json\/wp\/v2\/posts\/9703\/revisions"}],"wp:featuredmedia":[{"embeddable":true,"href":"https:\/\/www.culturalusa.com\/news\/wp-json\/wp\/v2\/media\/9704"}],"wp:attachment":[{"href":"https:\/\/www.culturalusa.com\/news\/wp-json\/wp\/v2\/media?parent=9703"}],"wp:term":[{"taxonomy":"category","embeddable":true,"href":"https:\/\/www.culturalusa.com\/news\/wp-json\/wp\/v2\/categories?post=9703"},{"taxonomy":"post_tag","embeddable":true,"href":"https:\/\/www.culturalusa.com\/news\/wp-json\/wp\/v2\/tags?post=9703"}],"curies":[{"name":"wp","href":"https:\/\/api.w.org\/{rel}","templated":true}]}}