{"id":9719,"date":"2021-05-28T02:05:17","date_gmt":"2021-05-28T00:05:17","guid":{"rendered":"https:\/\/www.culturalusa.com\/news\/?p=9719"},"modified":"2021-05-28T02:12:00","modified_gmt":"2021-05-28T00:12:00","slug":"le-covid-19-a-ete-cree-en-laboratoire-facebook-va-autoriser-les-posts-sur-cette-theorie","status":"publish","type":"post","link":"https:\/\/www.culturalusa.com\/news\/actualite\/le-covid-19-a-ete-cree-en-laboratoire-facebook-va-autoriser-les-posts-sur-cette-theorie\/","title":{"rendered":"Le Covid-19 a \u00e9t\u00e9 cr\u00e9\u00e9 en laboratoire ? Facebook va autoriser les posts sur cette th\u00e9orie."},"content":{"rendered":"<p>L\u2019hypoth\u00e8se selon laquelle le virus aurait \u00e9t\u00e9 fabriqu\u00e9 par l\u2019homme regagne du terrain aux \u00c9tats-Unis, le r\u00e9seau social Facebook change son fusil d\u2019\u00e9paule.<\/p>\n<blockquote><p>Cette d\u00e9cision risque de faire couler beaucoup d&rsquo;encre sur la Toile. Facebook ne supprimera plus la publication de th\u00e9ories affirmant que le coronavirus aurait \u00e9t\u00e9 cr\u00e9\u00e9 par l&rsquo;\u00eatre humain. Ce changement de r\u00e8gles intervient alors que l&rsquo;hypoth\u00e8se d&rsquo;un accident de laboratoire en Chine revient dans le d\u00e9bat am\u00e9ricain.<\/p><\/blockquote>\n<p>\u00ab \u00c0 la lumi\u00e8re des investigations en cours sur les origines du Covid-19 et en consultation avec les experts de la sant\u00e9, nous ne retirerons d\u00e9sormais plus de nos plateformes les all\u00e9gations sur le fait que <span style=\"color: #800000;\"><strong>le Covid-19 a \u00e9t\u00e9 cr\u00e9\u00e9 par l&rsquo;homme ou a \u00e9t\u00e9 fabriqu\u00e9 \u00bb<\/strong><\/span>, a indiqu\u00e9 mercredi 26 mai 2021 le groupe californien sur son site Internet.<\/p>\n<p>Le r\u00e9seau social, utilis\u00e9 par quelque 3,45 milliards de personnes sur au moins une de ses quatre plateformes (Facebook, Instagram, Messenger, WhatsApp), va \u00e0 rebours de ses pr\u00e9c\u00e9dentes r\u00e8gles sur la d\u00e9sinformation au temps du Covid-19, d\u00e9j\u00e0 actualis\u00e9es en f\u00e9vrier dernier.<\/p>\n<p>Elles pr\u00e9voyaient jusqu&rsquo;\u00e0 pr\u00e9sent d&rsquo;interdire les th\u00e9ories sugg\u00e9rant que le virus avait une origine humaine, au m\u00eame titre que les all\u00e9gations sur la pr\u00e9tendue inefficacit\u00e9 des vaccins ou sur leur caract\u00e8re pr\u00e9tendu toxique et dangereux.<\/p>\n<p>Facebook explique continuer \u00e0 \u00ab travailler avec les experts pour suivre l&rsquo;\u00e9volution de la nature de la pand\u00e9mie et [mettre] r\u00e9guli\u00e8rement \u00e0 jour [leurs] politiques \u00e0 mesure que de nouveaux faits et tendances apparaissent \u00bb. Twitter n&rsquo;a en revanche pas chang\u00e9 son r\u00e8glement sur la d\u00e9sinformation autour du Covid-19.<\/p>\n<p>\u00ab Nous continuons de prendre des mesures coercitives contre les contenus et les comptes pr\u00e9sentant des affirmations manifestement fausses ou trompeuses sur le Covid-19 et qui peuvent conduire \u00e0 un risque de pr\u00e9judice \u00bb, a indiqu\u00e9 un porte-parole de l&rsquo;entreprise \u00e0 l&rsquo;Agence France-Presse.<\/p>\n<p>\u00ab Nous menons ce travail en \u00e9troite concertation avec les autorit\u00e9s sanitaires mondiales et continuerons de collaborer avec des experts en sant\u00e9 publique pour aider les gens \u00e0 trouver des informations s\u00e9rieuses et fiables sur le Covid-19 \u00bb, a-t-il ajout\u00e9. YouTube n&rsquo;avait pas r\u00e9agi dans l&rsquo;imm\u00e9diat aux sollicitations de l&rsquo;AFP.<\/p>\n<h3>Les pro-Trump ont aussit\u00f4t r\u00e9agi<\/h3>\n<p>La volte-face de Facebook a suscit\u00e9 de nombreuses r\u00e9actions de voix conservatrices et de partisans de l&rsquo;ancien pr\u00e9sident am\u00e9ricain Donald Trump, qui accusent le g\u00e9ant des r\u00e9seaux sociaux de les avoir musel\u00e9s lorsqu&rsquo;ils avaient imput\u00e9 une origine humaine au Covid au d\u00e9but de la pand\u00e9mie.<\/p>\n<blockquote><p>\u00ab Ouah ! <span style=\"color: #800000;\">Mais ils ont supprim\u00e9 cette histoire pendant un an en diffamant Trump et les r\u00e9publicains<\/span> au motif d&rsquo;une th\u00e9orie du complot, en mettant sur liste noire la presse conservatrice et en nous bannissant \u00bb, a notamment tweet\u00e9 la blogueuse Kelly Sadler, ancienne conseill\u00e8re de Donald Trump.<\/p><\/blockquote>\n<p>Facebook a d\u00e9velopp\u00e9 un programme de v\u00e9rification des faits par des m\u00e9dias tiers, auquel participe l&rsquo;Agence France-Presse, pour lutter contre la d\u00e9sinformation. En septembre dernier, un article du site Politifact mentionnait que les autorit\u00e9s sanitaires mondiales ont \u00ab dit \u00e0 de multiples reprises que le coronavirus n&rsquo;\u00e9tait pas issu d&rsquo;un laboratoire \u00bb. Mais Politifact a reconnu d\u00e9but mai que cette affirmation faisait l&rsquo;objet d&rsquo;un d\u00e9bat.<\/p>\n<h3>La th\u00e9orie de nouveau sur la table<\/h3>\n<blockquote><p>La th\u00e9orie d&rsquo;un accident de laboratoire \u00e0 Wuhan, en Chine, est revenue sur le devant de la sc\u00e8ne ces derni\u00e8res semaines aux \u00c9tats-Unis apr\u00e8s avoir \u00e9t\u00e9 longtemps \u00e9cart\u00e9e par la plupart des experts.<\/p><\/blockquote>\n<p>Et les appels en faveur d&rsquo;enqu\u00eates plus approfondies se multiplient au sein de la communaut\u00e9 scientifique. Le pr\u00e9sident am\u00e9ricain Joe Biden a appel\u00e9 mercredi 26 mai ses services de renseignement \u00e0 \u00ab redoubler d&rsquo;efforts \u00bb pour expliquer l&rsquo;origine du Covid-19 et a exig\u00e9 un rapport d&rsquo;ici \u00e0 90 jours.<\/p>\n<p>Le locataire de la Maison-Blanche a rappel\u00e9 que les travaux du renseignement am\u00e9ricain, qui se concentrent sur deux hypoth\u00e8ses, origine animale ou fuite d&rsquo;un laboratoire, n&rsquo;ont pas permis \u00e0 ce jour d&rsquo;aboutir \u00e0 \u00ab une conclusion d\u00e9finitive \u00bb.<\/p>\n<p>Apr\u00e8s un s\u00e9jour de quatre semaines \u00e0 Wuhan en d\u00e9but d&rsquo;ann\u00e9e, une \u00e9tude conjointe d&rsquo;experts de l&rsquo;OMS et d&rsquo;experts chinois avait de son c\u00f4t\u00e9 jug\u00e9 en mars \u00ab extr\u00eamement improbable \u00bb un accident de laboratoire.<\/p>\n<p>Les \u00c9tats-Unis et 13 pays alli\u00e9s avaient par la suite exprim\u00e9 leurs \u00ab pr\u00e9occupations \u00bb dans une d\u00e9claration commune au sujet du rapport, r\u00e9clamant \u00e0 la Chine de donner \u00ab pleinement acc\u00e8s \u00bb \u00e0 ses donn\u00e9es. Les premiers cas de Covid-19 ont \u00e9t\u00e9 identifi\u00e9s fin 2019 \u00e0 Wuhan, avant que le virus ne se r\u00e9pande dans le monde entier et n&#8217;emporte, \u00e0 ce jour, pr\u00e8s de 3,5 millions de personnes. (AFP)<\/p>\n","protected":false},"excerpt":{"rendered":"<p>L\u2019hypoth\u00e8se selon laquelle le virus aurait \u00e9t\u00e9 fabriqu\u00e9 par l\u2019homme regagne du terrain aux \u00c9tats-Unis, le r\u00e9seau social Facebook change son fusil d\u2019\u00e9paule. Cette d\u00e9cision risque de faire couler beaucoup d&rsquo;encre sur la Toile. Facebook ne supprimera plus la publication de th\u00e9ories affirmant que le coronavirus aurait \u00e9t\u00e9 cr\u00e9\u00e9 par l&rsquo;\u00eatre humain. Ce changement de [&hellip;]<\/p>\n","protected":false},"author":1,"featured_media":9720,"comment_status":"open","ping_status":"closed","sticky":false,"template":"","format":"standard","meta":{"footnotes":""},"categories":[30],"tags":[152,1856,164,1857,1540],"class_list":["post-9719","post","type-post","status-publish","format-standard","has-post-thumbnail","hentry","category-actualite","tag-chine","tag-covid-19-cree-en-laboratoire","tag-facebook","tag-laboratoire","tag-wuhan"],"aioseo_notices":[],"_links":{"self":[{"href":"https:\/\/www.culturalusa.com\/news\/wp-json\/wp\/v2\/posts\/9719","targetHints":{"allow":["GET"]}}],"collection":[{"href":"https:\/\/www.culturalusa.com\/news\/wp-json\/wp\/v2\/posts"}],"about":[{"href":"https:\/\/www.culturalusa.com\/news\/wp-json\/wp\/v2\/types\/post"}],"author":[{"embeddable":true,"href":"https:\/\/www.culturalusa.com\/news\/wp-json\/wp\/v2\/users\/1"}],"replies":[{"embeddable":true,"href":"https:\/\/www.culturalusa.com\/news\/wp-json\/wp\/v2\/comments?post=9719"}],"version-history":[{"count":0,"href":"https:\/\/www.culturalusa.com\/news\/wp-json\/wp\/v2\/posts\/9719\/revisions"}],"wp:featuredmedia":[{"embeddable":true,"href":"https:\/\/www.culturalusa.com\/news\/wp-json\/wp\/v2\/media\/9720"}],"wp:attachment":[{"href":"https:\/\/www.culturalusa.com\/news\/wp-json\/wp\/v2\/media?parent=9719"}],"wp:term":[{"taxonomy":"category","embeddable":true,"href":"https:\/\/www.culturalusa.com\/news\/wp-json\/wp\/v2\/categories?post=9719"},{"taxonomy":"post_tag","embeddable":true,"href":"https:\/\/www.culturalusa.com\/news\/wp-json\/wp\/v2\/tags?post=9719"}],"curies":[{"name":"wp","href":"https:\/\/api.w.org\/{rel}","templated":true}]}}