{"id":9738,"date":"2021-05-31T11:54:57","date_gmt":"2021-05-31T09:54:57","guid":{"rendered":"https:\/\/www.culturalusa.com\/news\/?p=9738"},"modified":"2021-05-31T11:54:57","modified_gmt":"2021-05-31T09:54:57","slug":"en-france-la-vaccination-pour-tous-sur-la-ligne-de-depart","status":"publish","type":"post","link":"https:\/\/www.culturalusa.com\/news\/actualite\/en-france-la-vaccination-pour-tous-sur-la-ligne-de-depart\/","title":{"rendered":"En France, la vaccination pour tous sur la ligne de d\u00e9part"},"content":{"rendered":"<p>Covid-19: <strong>fini les crit\u00e8res d&rsquo;\u00e9tat de sant\u00e9 ou d&rsquo;\u00e2ge<\/strong>, \u00e0 partir de lundi, <span style=\"color: #800000;\">toute la population majeure de France sera \u00e9ligible \u00e0 la vaccination contre le Covid-19<\/span>, \u00e9tape cruciale pour \u00e9viter un rebond de l&rsquo;\u00e9pid\u00e9mie alors que les restrictions s&rsquo;all\u00e8gent peu \u00e0 peu.<\/p>\n<p>Les 18-49 ans \u00e9taient officiellement la derni\u00e8re cat\u00e9gorie \u00e0 pouvoir int\u00e9grer sans conditions la campagne de vaccination, qui s&rsquo;est \u00e9largie par paliers depuis son d\u00e9marrage fin d\u00e9cembre.<\/p>\n<blockquote><p>Les candidats doivent n\u00e9anmoins s&rsquo;armer de patience: les r\u00e9servations, qui ont d\u00e9marr\u00e9 il y a quatre jours, arrivent de mani\u00e8re \u00ab\u00a0progressive\u00a0\u00bb sur les plateformes internet sp\u00e9cialis\u00e9es (Doctolib, Keldoc, Maiia), selon le ministre de la Sant\u00e9, Olivier V\u00e9ran. De nouveaux cr\u00e9neaux de rendez-vous seront mis en ligne \u00ab\u00a0chaque jour\u00a0\u00bb, a-t-il pr\u00e9cis\u00e9.<\/p><\/blockquote>\n<p>Doctolib, principale plateforme de r\u00e9servation, s&rsquo;attend \u00e0 une forte affluence mais a pr\u00e9venu qu&rsquo;elle ne pourrait pas r\u00e9pondre \u00e0 toutes les demandes de patients, au regard du \u00ab\u00a0nombre encore limit\u00e9 de doses de vaccins, notamment Pfizer et Moderna\u00a0\u00bb.<\/p>\n<p>\u00ab\u00a028 millions de personnes adultes sont \u00e9ligibles \u00e0 la vaccination et non vaccin\u00e9es \u00e0 date pour en moyenne 500.000 rendez-vous disponibles chaque jour\u00a0\u00bb, a ajout\u00e9 la principale plateforme de r\u00e9servation.<\/p>\n<h3>Vacciner le plus largement possible est un enjeu majeur pour \u00e9viter une reprise de l&rsquo;\u00e9pid\u00e9mie dans les semaines et les mois \u00e0 venir.<\/h3>\n<p>Les indicateurs sanitaires ont continu\u00e9 de s&rsquo;am\u00e9liorer samedi, avec 10.675 cas positifs recens\u00e9s \u00e0 travers le pays, tandis que 16.847 malades du Covid \u00e9taient soign\u00e9s \u00e0 l&rsquo;h\u00f4pital, dont 3.028 en services de soins critiques (environ 500 de moins que la semaine derni\u00e8re).<\/p>\n<p>Malgr\u00e9 cette dynamique de baisse, le chiffre de 10.000 nouveaux cas quotidiens de contaminations \u00ab\u00a0n&rsquo;est pas suffisant\u00a0\u00bb pour \u00e9carter le spectre d&rsquo;une quatri\u00e8me vague, estime dans le JDD Arnaud Fontanet, \u00e9pid\u00e9miologiste \u00e0 l&rsquo;Institut Pasteur.<\/p>\n<h3>\u00ab\u00a0Quinze jours cruciaux\u00a0\u00bb<\/h3>\n<p>\u00ab\u00a0Ce que les sc\u00e9narios nous montrent, c&rsquo;est que si la d\u00e9crue se poursuit jusqu&rsquo;au 9 juin, prochaine \u00e9tape de la lev\u00e9e des restrictions, nous passerons un \u00e9t\u00e9 tranquille\u00a0\u00bb, explique le Pr Fontanet, membre du conseil scientifique, qui guide le gouvernement.<\/p>\n<p>Pour \u00e7a, \u00ab\u00a0les quinze jours \u00e0 venir seront cruciaux\u00a0\u00bb, pr\u00e9vient-il, appelant les Fran\u00e7ais \u00e0 ne pas rel\u00e2cher les gestes barri\u00e8re, surtout \u00e0 l&rsquo;int\u00e9rieur o\u00f9 le risque de contamination est plus \u00e9lev\u00e9.<\/p>\n<p>Quant au port du masque en ext\u00e9rieur, avec l&rsquo;arriv\u00e9e des beaux jours, \u00ab\u00a0la crainte est que beaucoup de non-vaccin\u00e9s en profitent\u00a0\u00bb pour le \u00ab\u00a0tomber eux aussi\u00a0\u00bb, rel\u00e8ve l&rsquo;\u00e9pid\u00e9miologiste, alors que certaines villes, comme en Nouvelle-Aquitaine ou en Moselle, ont d\u00e9j\u00e0 annonc\u00e9 un all\u00e8gement, voire une lev\u00e9e de l&rsquo;obligation de se masquer.<\/p>\n<p>Plus optimiste, le Pr Pierre Parneix, m\u00e9decin hygi\u00e9niste et de sant\u00e9 publique au CHU de Bordeaux, anticipe dans Le Parisien que l&rsquo;on pourra enlever le masque \u00ab\u00a0\u00e0 partir de d\u00e9but juin\u00a0\u00bb, dans certains endroits peu denses, \u00ab\u00a0si la dynamique positive se confirme\u00a0\u00bb. Et \u00e0 condition de continuer \u00e0 appliquer les autres gestes barri\u00e8re: d\u00e9sinfection des mains, distanciation&#8230; surtout pour les non-vaccin\u00e9s.<\/p>\n<p>A ce stade, 25.315.595 personnes ont re\u00e7u au moins une injection (soit 37,8% de la population totale et 48,2% de la population majeure), et 10.742.886 personnes ont re\u00e7u deux injections (soit 16% de la population totale et 20,5% de la population majeure).<\/p>\n<blockquote><p>L&rsquo;objectif du gouvernement, de 30 millions de primo-vaccin\u00e9s d&rsquo;ici au 15 juin, para\u00eet tenable. La suite est en revanche plus incertaine, et les autorit\u00e9s sanitaires veulent absolument \u00e9viter que la vaccination ne plafonne cet \u00e9t\u00e9 \u00e0 un niveau insuffisant. Le mot d&rsquo;ordre est donc d&rsquo;aller chercher tous ceux qui ont droit \u00e0 la vaccination.<\/p><\/blockquote>\n<p>Autre levier de taille: la <strong>vaccination<\/strong> prochaine des adolescents, qui permettrait d&rsquo;acc\u00e9l\u00e9rer la protection collective de la population. Vendredi, <span style=\"color: #800000;\"><strong>l&rsquo;Agence europ\u00e9enne du m\u00e9dicament (EMA) a donn\u00e9 son feu vert \u00e0 l&rsquo;utilisation du produit de Pfizer\/BioNTech pour les 12-15 ans<\/strong><\/span>. La Haute autorit\u00e9 de sant\u00e9 (HAS) devrait dire en milieu de semaine s&rsquo;il peut \u00eatre administr\u00e9 aux adolescents en France. (AFP)<\/p>\n","protected":false},"excerpt":{"rendered":"<p>Covid-19: fini les crit\u00e8res d&rsquo;\u00e9tat de sant\u00e9 ou d&rsquo;\u00e2ge, \u00e0 partir de lundi, toute la population majeure de France sera \u00e9ligible \u00e0 la vaccination contre le Covid-19, \u00e9tape cruciale pour \u00e9viter un rebond de l&rsquo;\u00e9pid\u00e9mie alors que les restrictions s&rsquo;all\u00e8gent peu \u00e0 peu. Les 18-49 ans \u00e9taient officiellement la derni\u00e8re cat\u00e9gorie \u00e0 pouvoir int\u00e9grer sans [&hellip;]<\/p>\n","protected":false},"author":1,"featured_media":9739,"comment_status":"open","ping_status":"closed","sticky":false,"template":"","format":"standard","meta":{"footnotes":""},"categories":[30],"tags":[1214,1510,1349,1869],"class_list":["post-9738","post","type-post","status-publish","format-standard","has-post-thumbnail","hentry","category-actualite","tag-covid-19","tag-pfizer-biontech","tag-vaccination","tag-vaccination-pour-tous"],"aioseo_notices":[],"_links":{"self":[{"href":"https:\/\/www.culturalusa.com\/news\/wp-json\/wp\/v2\/posts\/9738","targetHints":{"allow":["GET"]}}],"collection":[{"href":"https:\/\/www.culturalusa.com\/news\/wp-json\/wp\/v2\/posts"}],"about":[{"href":"https:\/\/www.culturalusa.com\/news\/wp-json\/wp\/v2\/types\/post"}],"author":[{"embeddable":true,"href":"https:\/\/www.culturalusa.com\/news\/wp-json\/wp\/v2\/users\/1"}],"replies":[{"embeddable":true,"href":"https:\/\/www.culturalusa.com\/news\/wp-json\/wp\/v2\/comments?post=9738"}],"version-history":[{"count":0,"href":"https:\/\/www.culturalusa.com\/news\/wp-json\/wp\/v2\/posts\/9738\/revisions"}],"wp:featuredmedia":[{"embeddable":true,"href":"https:\/\/www.culturalusa.com\/news\/wp-json\/wp\/v2\/media\/9739"}],"wp:attachment":[{"href":"https:\/\/www.culturalusa.com\/news\/wp-json\/wp\/v2\/media?parent=9738"}],"wp:term":[{"taxonomy":"category","embeddable":true,"href":"https:\/\/www.culturalusa.com\/news\/wp-json\/wp\/v2\/categories?post=9738"},{"taxonomy":"post_tag","embeddable":true,"href":"https:\/\/www.culturalusa.com\/news\/wp-json\/wp\/v2\/tags?post=9738"}],"curies":[{"name":"wp","href":"https:\/\/api.w.org\/{rel}","templated":true}]}}