{"id":9748,"date":"2021-06-01T14:08:16","date_gmt":"2021-06-01T12:08:16","guid":{"rendered":"https:\/\/www.culturalusa.com\/news\/?p=9748"},"modified":"2021-06-01T14:11:39","modified_gmt":"2021-06-01T12:11:39","slug":"coronavirus-le-point-et-les-nouveaux-bilans-sur-la-pandemie-dans-le-monde","status":"publish","type":"post","link":"https:\/\/www.culturalusa.com\/news\/monde\/coronavirus-le-point-et-les-nouveaux-bilans-sur-la-pandemie-dans-le-monde\/","title":{"rendered":"Coronavirus: le point et les nouveaux bilans sur la pand\u00e9mie dans le monde"},"content":{"rendered":"<p>Nouveaux bilans, nouvelles mesures et faits marquants: le point sur les derni\u00e8res \u00e9volutions de la pand\u00e9mie de Covid-19 dans le monde.<\/p>\n<h3>Apr\u00e8s r\u00e9\u00e9valuation, le P\u00e9rou a le plus haut taux mondial de d\u00e9c\u00e8s<\/h3>\n<p>Le P\u00e9rou, qui a r\u00e9\u00e9valu\u00e9 lundi sur les recommandations d&rsquo;experts le nombre de personnes mortes du Covid, passant de 69.000 \u00e0 180.000, est d\u00e9sormais le pays au monde avec le plus grand nombre de d\u00e9c\u00e8s par million d&rsquo;habitants, selon le classement \u00e9tabli par l&rsquo;AFP sur la base de chiffres officiels.<\/p>\n<h3>En pleine catastrophe sanitaire, le Br\u00e9sil r\u00e9cup\u00e8re la Copa Am\u00e9rica<\/h3>\n<p>Contre toute attente, l&rsquo;organisation de la Copa Am\u00e9rica qui d\u00e9bute dans 14 jours a \u00e9t\u00e9 attribu\u00e9e au Br\u00e9sil apr\u00e8s les retraits des co-organisateurs argentins et colombiens pour raisons sanitaires.<\/p>\n<p>\u00ab\u00a0Championnat de la mort\u00a0\u00bb avec pour mascotte \u00ab\u00a0Covidinho\u00a0\u00bb: les critiques ont vite fus\u00e9 au Br\u00e9sil o\u00f9 le Covid-19 a fait plus de 460.000 morts. Le gouvernement br\u00e9silien a annonc\u00e9 lundi soir que rien n&rsquo;\u00e9tait encore d\u00e9finitif.<\/p>\n<h3>L&rsquo;UE et Londres toujours sceptiques sur la lev\u00e9e des brevets sur les vaccins anti-Covid<\/h3>\n<p>L&rsquo;Union europ\u00e9enne, la Grande-Bretagne et le Japon ont maintenu leur r\u00e9serve sur une lev\u00e9e \u00e9ventuelle des brevets concernant les vaccins anti-Covid devant l&rsquo;OMC, a indiqu\u00e9 lundi un repr\u00e9sentant de cette organisation commerciale.<\/p>\n<h4>Restaurants et caf\u00e9s en Turquie autoris\u00e9s \u00e0 accueillir des clients<\/h4>\n<p>Les restaurants et les caf\u00e9s en Turquie, dont les activit\u00e9s \u00e9taient limit\u00e9es aux ventes \u00e0 emporter depuis la mi-avril dans le cadre des restrictions contre la pand\u00e9mie, seront autoris\u00e9s \u00e0 recevoir des clients \u00e0 partir de mardi, a annonc\u00e9 lundi le pr\u00e9sident turc.<\/p>\n<h3>L&rsquo;OMS utilisera les lettres grecques pour nommer les variants<\/h3>\n<p>B.1.617, B.1.1.7, B.1.351&#8230; Retenir les noms scientifiques des variants du Covid-19 s&rsquo;av\u00e8re \u00eatre un v\u00e9ritable casse-t\u00eate. Mais l&rsquo;OMS va simplifier les choses en leur donnant aussi des noms de lettres grecques.<\/p>\n<h2>France: vaccination pour tous les adultes<\/h2>\n<p>Finis les crit\u00e8res d&rsquo;\u00e2ge ou d&rsquo;\u00e9tat de sant\u00e9: toute la population majeure de France est \u00e9ligible depuis lundi \u00e0 la vaccination, \u00ab\u00a0\u00e9tape cl\u00e9\u00a0\u00bb pour \u00e9viter un rebond de l&rsquo;\u00e9pid\u00e9mie alors que les restrictions s&rsquo;all\u00e8gent peu \u00e0 peu dans ce pays.<\/p>\n<h4>Lettonie: le public finalement autoris\u00e9 pour le Championnat du monde de hockey sur glace<\/h4>\n<p>Contre toute attente, les spectateurs pourront assister, en nombre limit\u00e9, au Championnat du monde de hockey sur glace, qui d\u00e9bute mardi, a annonc\u00e9 le parlement letton, \u00e0 condition de pouvoir prouver qu&rsquo;ils ont \u00e9t\u00e9 enti\u00e8rement vaccin\u00e9s ou qu&rsquo;ils ont d\u00e9j\u00e0 eu le Covid-19.<\/p>\n<h4>L&rsquo;OMS va se renforcer<\/h4>\n<p>Les membres de l&rsquo;Organisation mondiale de la sant\u00e9 (OMS) ont adopt\u00e9 une r\u00e9solution sur le renforcement de l&rsquo;organisation, apr\u00e8s une semaine de d\u00e9bats.<\/p>\n<p>Principal enjeu de la r\u00e9union, la r\u00e9forme de l&rsquo;agence et de sa capacit\u00e9 \u00e0 coordonner la r\u00e9ponse aux crises sanitaires mondiales et pr\u00e9venir de futures \u00e9pid\u00e9mies a domin\u00e9 les d\u00e9bats, alors que l&rsquo;OMS et la communaut\u00e9 internationale ont \u00e9t\u00e9 incapables de pr\u00e9venir la pand\u00e9mie de Covid-19.<\/p>\n<h3>Plus de 3,54 millions de morts<\/h3>\n<p>La pand\u00e9mie a fait au moins 3.543.125 morts dans le monde depuis que le bureau de l&rsquo;OMS en Chine a fait \u00e9tat de l&rsquo;apparition de la maladie fin d\u00e9cembre 2019, selon un bilan \u00e9tabli par l&rsquo;AFP \u00e0 partir de sources officielles lundi \u00e0 10H00 GMT.<\/p>\n<p>Apr\u00e8s les \u00c9tats-Unis (594.565 d\u00e9c\u00e8s), les pays comptant le plus grand nombre de morts sont le Br\u00e9sil (462.791), l&rsquo;Inde (329.100), le Mexique (223.507) et le Royaume-Uni (127.781).<\/p>\n<p>Ces chiffres, qui reposent sur les bilans quotidiens des autorit\u00e9s nationales de sant\u00e9, sont globalement sous-\u00e9valu\u00e9s. Ils excluent les r\u00e9visions \u00e0 la hausse r\u00e9alis\u00e9es a posteriori par certains organismes statistiques.<\/p>\n<p>En prenant en compte la surmortalit\u00e9 directement et indirectement li\u00e9e au Covid-19, l&rsquo;OMS estime que le bilan r\u00e9el est \u00ab\u00a0deux \u00e0 trois fois plus \u00e9lev\u00e9\u00a0\u00bb.<\/p>\n","protected":false},"excerpt":{"rendered":"<p>Nouveaux bilans, nouvelles mesures et faits marquants: le point sur les derni\u00e8res \u00e9volutions de la pand\u00e9mie de Covid-19 dans le monde. Apr\u00e8s r\u00e9\u00e9valuation, le P\u00e9rou a le plus haut taux mondial de d\u00e9c\u00e8s Le P\u00e9rou, qui a r\u00e9\u00e9valu\u00e9 lundi sur les recommandations d&rsquo;experts le nombre de personnes mortes du Covid, passant de 69.000 \u00e0 180.000, [&hellip;]<\/p>\n","protected":false},"author":1,"featured_media":8064,"comment_status":"open","ping_status":"closed","sticky":false,"template":"","format":"standard","meta":{"footnotes":""},"categories":[1372],"tags":[443,1180,1870,1157,1298,1211,1434,815,1349],"class_list":["post-9748","post","type-post","status-publish","format-standard","has-post-thumbnail","hentry","category-monde","tag-bresil","tag-coronavirus","tag-covid-19-dans-le-monde","tag-londres","tag-oms","tag-pandemie","tag-perou","tag-ue","tag-vaccination"],"aioseo_notices":[],"_links":{"self":[{"href":"https:\/\/www.culturalusa.com\/news\/wp-json\/wp\/v2\/posts\/9748","targetHints":{"allow":["GET"]}}],"collection":[{"href":"https:\/\/www.culturalusa.com\/news\/wp-json\/wp\/v2\/posts"}],"about":[{"href":"https:\/\/www.culturalusa.com\/news\/wp-json\/wp\/v2\/types\/post"}],"author":[{"embeddable":true,"href":"https:\/\/www.culturalusa.com\/news\/wp-json\/wp\/v2\/users\/1"}],"replies":[{"embeddable":true,"href":"https:\/\/www.culturalusa.com\/news\/wp-json\/wp\/v2\/comments?post=9748"}],"version-history":[{"count":0,"href":"https:\/\/www.culturalusa.com\/news\/wp-json\/wp\/v2\/posts\/9748\/revisions"}],"wp:featuredmedia":[{"embeddable":true,"href":"https:\/\/www.culturalusa.com\/news\/wp-json\/wp\/v2\/media\/8064"}],"wp:attachment":[{"href":"https:\/\/www.culturalusa.com\/news\/wp-json\/wp\/v2\/media?parent=9748"}],"wp:term":[{"taxonomy":"category","embeddable":true,"href":"https:\/\/www.culturalusa.com\/news\/wp-json\/wp\/v2\/categories?post=9748"},{"taxonomy":"post_tag","embeddable":true,"href":"https:\/\/www.culturalusa.com\/news\/wp-json\/wp\/v2\/tags?post=9748"}],"curies":[{"name":"wp","href":"https:\/\/api.w.org\/{rel}","templated":true}]}}