{"id":9750,"date":"2021-06-01T14:37:44","date_gmt":"2021-06-01T12:37:44","guid":{"rendered":"https:\/\/www.culturalusa.com\/news\/?p=9750"},"modified":"2021-06-01T14:41:09","modified_gmt":"2021-06-01T12:41:09","slug":"les-francais-ont-epargne-142-milliards-deuros-de-plus-que-dhabitude","status":"publish","type":"post","link":"https:\/\/www.culturalusa.com\/news\/economie\/les-francais-ont-epargne-142-milliards-deuros-de-plus-que-dhabitude\/","title":{"rendered":"Les Fran\u00e7ais ont \u00e9pargn\u00e9 142 milliards d&rsquo;euros de plus que d&rsquo;habitude"},"content":{"rendered":"<p><strong>Pendant la pand\u00e9mie, les records continuent: les Fran\u00e7ais ont \u00e9pargn\u00e9 environ 142 milliards d&rsquo;euros de plus<\/strong> qu&rsquo;en temps normal entre la fin du premier trimestre 2020, soit peu apr\u00e8s l&rsquo;irruption du Covid-19 dans le pays, et la fin du premier trimestre 2021, a estim\u00e9 mardi la Banque de France.<\/p>\n<h2>L&rsquo;enjeu de ce pactole est immense: le gouvernement esp\u00e8re que les Fran\u00e7ais d\u00e9penseront largement cette \u00e9pargne dans des produits ou des services en France pour soutenir l&rsquo;activit\u00e9 et atteindre les 5 % de <span style=\"color: #800000;\">croissance \u00e9conomique<\/span> vis\u00e9s pour cette ann\u00e9e.<\/h2>\n<blockquote><p>Selon une note de la banque centrale, le surplus d&rsquo;\u00e9pargne, calcul\u00e9 par rapport aux \u00ab\u00a0flux qu&rsquo;on aurait obtenus en prolongeant la tendance pr\u00e9-Covid\u00a0\u00bb, s&rsquo;est constitu\u00e9 surtout lors des mois de confinement en 2020, c&rsquo;est-\u00e0-dire en mars, avril, mai et novembre et \u00ab\u00a0son accumulation s&rsquo;est poursuivie au premier trimestre 2021\u00a0\u00bb.<\/p><\/blockquote>\n<p>Mais \u00ab\u00a0selon les premi\u00e8res indications disponibles il n&rsquo;y a pas eu d&rsquo;acc\u00e9l\u00e9ration notable de cette accumulation en avril avec la fermeture des commerces non essentiels, dans l&rsquo;ensemble de la France\u00a0\u00bb, poursuit le document.<\/p>\n<p>Sur l&rsquo;ensemble de l&rsquo;ann\u00e9e 2020, qui comprenait donc deux mois et demi sans Covid-19, ce surplus avait \u00e9t\u00e9 estim\u00e9 \u00e0 115 milliards d&rsquo;euros.<\/p>\n<p>Les d\u00e9p\u00f4ts sur les comptes \u00e0 vue et sur le Livret A ont bondi pendant la crise sanitaire \u00e0 des niveaux jamais vus, profitant \u00e0 la fois de l&rsquo;impossibilit\u00e9 pour les Fran\u00e7ais de consommer et de leur volont\u00e9 de se pr\u00e9munir face \u00e0 l&rsquo;avenir dans un contexte de crise sanitaire et \u00e9conomique.<\/p>\n<h3>\u00ab\u00a0Les encours de d\u00e9p\u00f4ts \u00e0 vue ont progress\u00e9 de plus de 100 milliards d&rsquo;euros depuis fin 2019, soit une hausse de 20 %\u00a0\u00bb, a \u00e9galement signal\u00e9 la Banque de France.<\/h3>\n","protected":false},"excerpt":{"rendered":"<p>Pendant la pand\u00e9mie, les records continuent: les Fran\u00e7ais ont \u00e9pargn\u00e9 environ 142 milliards d&rsquo;euros de plus qu&rsquo;en temps normal entre la fin du premier trimestre 2020, soit peu apr\u00e8s l&rsquo;irruption du Covid-19 dans le pays, et la fin du premier trimestre 2021, a estim\u00e9 mardi la Banque de France. L&rsquo;enjeu de ce pactole est immense: [&hellip;]<\/p>\n","protected":false},"author":1,"featured_media":9751,"comment_status":"open","ping_status":"closed","sticky":false,"template":"","format":"standard","meta":{"footnotes":""},"categories":[1],"tags":[1189,181,1871,1872,1703,210],"class_list":["post-9750","post","type-post","status-publish","format-standard","has-post-thumbnail","hentry","category-economie","tag-economie","tag-epargnants","tag-epargne","tag-epargne-france","tag-banque-de-france","tag-croissance-economique"],"aioseo_notices":[],"_links":{"self":[{"href":"https:\/\/www.culturalusa.com\/news\/wp-json\/wp\/v2\/posts\/9750","targetHints":{"allow":["GET"]}}],"collection":[{"href":"https:\/\/www.culturalusa.com\/news\/wp-json\/wp\/v2\/posts"}],"about":[{"href":"https:\/\/www.culturalusa.com\/news\/wp-json\/wp\/v2\/types\/post"}],"author":[{"embeddable":true,"href":"https:\/\/www.culturalusa.com\/news\/wp-json\/wp\/v2\/users\/1"}],"replies":[{"embeddable":true,"href":"https:\/\/www.culturalusa.com\/news\/wp-json\/wp\/v2\/comments?post=9750"}],"version-history":[{"count":0,"href":"https:\/\/www.culturalusa.com\/news\/wp-json\/wp\/v2\/posts\/9750\/revisions"}],"wp:featuredmedia":[{"embeddable":true,"href":"https:\/\/www.culturalusa.com\/news\/wp-json\/wp\/v2\/media\/9751"}],"wp:attachment":[{"href":"https:\/\/www.culturalusa.com\/news\/wp-json\/wp\/v2\/media?parent=9750"}],"wp:term":[{"taxonomy":"category","embeddable":true,"href":"https:\/\/www.culturalusa.com\/news\/wp-json\/wp\/v2\/categories?post=9750"},{"taxonomy":"post_tag","embeddable":true,"href":"https:\/\/www.culturalusa.com\/news\/wp-json\/wp\/v2\/tags?post=9750"}],"curies":[{"name":"wp","href":"https:\/\/api.w.org\/{rel}","templated":true}]}}