{"id":979,"date":"2013-03-20T00:01:22","date_gmt":"2013-03-19T23:01:22","guid":{"rendered":"http:\/\/www.culturalusa.com\/news\/?p=979"},"modified":"2013-03-20T00:01:49","modified_gmt":"2013-03-19T23:01:49","slug":"le-dysfonctionnement-entre-les-politiciens-et-le-peuple-est-a-la-hausse","status":"publish","type":"post","link":"https:\/\/www.culturalusa.com\/news\/portugal\/le-dysfonctionnement-entre-les-politiciens-et-le-peuple-est-a-la-hausse\/","title":{"rendered":"Le dysfonctionnement entre les politiciens et le peuple est \u00e0 la hausse"},"content":{"rendered":"<p><img loading=\"lazy\" decoding=\"async\" src=\"http:\/\/www.culturalusa.com\/news\/wp-content\/uploads\/2013\/03\/sampaio.jpg\" alt=\"Jorge Sampaio\" width=\"460\" height=\"260\" class=\"aligncenter size-full wp-image-980\" \/>L&rsquo;ancien Pr\u00e9sident de la R\u00e9publique portugais, <strong>Jorge Sampaio<\/strong>, a d\u00e9clar\u00e9 qu&rsquo;il est n\u00e9cessaire de renforcer la l\u00e9gitimit\u00e9 du syst\u00e8me politique, notant que de moins en moins de citoyens portugais se voient dans leurs repr\u00e9sentants politiques.<\/p>\n<p>\u00ab\u00a0Le dysfonctionnement entre la classe politique et la population portugaise est en augmentation. On n&rsquo;a pas \u00e9t\u00e9 en mesure de gouverner avec le sens strat\u00e9gique pour donner confiance aux portugais\u00a0\u00bb, a d\u00e9clar\u00e9 le responsable, lors de la conf\u00e9rence \u00ab\u00a0R\u00e9inventer l&rsquo;avenir\u00a0\u00bb, parrain\u00e9 par le magazine Vis\u00e3o, dans le cadre de la c\u00e9l\u00e9bration de son vingti\u00e8me anniversaire, la Fondation Champalimaud \u00e0 Lisbonne.<\/p>\n<p>Jorge Sampaio a soulign\u00e9 que \u00ab\u00a0la soci\u00e9t\u00e9 politique a \u00e9t\u00e9 incapable de se r\u00e9former\u00a0\u00bb, il doit y avoir un \u00ab\u00a0renforcement de la l\u00e9gitimit\u00e9 du syst\u00e8me politique\u00a0\u00bb au Portugal.<\/p>\n<p>En illustrant: \u00ab\u00a0Quand je suis \u00e0 l&rsquo;\u00e9coute de la chaine du Canal Parlamento, je vois l&rsquo;agressivit\u00e9 qu&rsquo;il y a [entre les d\u00e9put\u00e9s de diff\u00e9rents partis] Cela ne peut pas \u00eatre mobilisateur pour les citoyens.\u00a0\u00bb<\/p>\n<p>Critiquant le manque de culture du compromis politique, Jorge Sampaio affirme que cela est d\u00fb \u00e0 un \u00ab\u00a0traumatisme au bloc central de 1983-1985.\u00a0\u00bb<\/p>\n<p>Interrog\u00e9 par Francisco Balsem\u00e3o, pr\u00e9sident du groupe Impresa, qui a anim\u00e9 le d\u00e9bat, il se demandait si je d\u00e9fendais un pacte de r\u00e9gime entre le PS et le PSD\/CDS, actuellement au gouvernement, Sampaio a soulign\u00e9 \u00ab\u00a0qu&rsquo;au Portugal, il est tr\u00e8s mauvais de parler de Pacte\u00a0\u00bb.<\/p>\n<p>Toutefois, il s&rsquo;est interrog\u00e9: \u00ab\u00a0En mati\u00e8re d&rsquo;\u00e9ducation, peut-il y avoir un accord entre les forces politiques? Dans la justice? Dans la Sant\u00e9? Dans la D\u00e9fense? Est-il si difficile? Il nous faut une entente sur l&rsquo;imm\u00e9diat.\u00a0\u00bb<\/p>\n<p>\u00ab\u00a0Je suis absolument d&rsquo;accord. Il y a 20 ans que je vous parle d&rsquo;un pacte (alliance)\u00a0\u00bb de regime, a r\u00e9torqu\u00e9 Balsem\u00e3o.<\/p>\n<p>Sampaio a justifi\u00e9 cette position par la situation actuelle du pays qui, \u00e0 son avis, \u00ab\u00a0refl\u00e8te la crise aigu\u00eb de l&rsquo;Europe\u00a0\u00bb et renforce la n\u00e9cessit\u00e9 de r\u00e9fl\u00e9chir sur l&rsquo;avenir au-dessus des int\u00e9r\u00eats partisans.<\/p>\n<p>\u00ab\u00a0Le noeud gordien qui nous entoure est si grand, que, ou il y a des engagements s\u00e9rieux \u00e0 faire le contraire l&rsquo;insensibilit\u00e9 de la &lsquo;tro\u00efka&rsquo;, ou la triade, peu importe comme vous voulez l&rsquo;appeler, ou alors nous sommes en grande difficult\u00e9\u00a0\u00bb, at-il dit.<\/p>\n<p>Et il a r\u00e9affirm\u00e9: \u00ab\u00a0Nous devons nous unir pour leur dire que ceci ne peut pas continuer. Et que ces orientations ne sont pas faites pour l&rsquo;Europe\u00a0\u00bb.<\/p>\n<p>Arguant du fait que l&rsquo;Union europ\u00e9enne a \u00e9t\u00e9 lente \u00e0 r\u00e9agir \u00e0 la crise financi\u00e8re d\u00e9clench\u00e9e par la faillite de la banque am\u00e9ricaine Lehman Brothers, l&rsquo;ancien gouverneur a soulign\u00e9 que le contexte r\u00e9gional europ\u00e9en complique encore plus la situation qui pr\u00e9vaut au Portugal.<\/p>\n<p>\u00ab\u00a0Nous avons besoin de nous racheter nous-m\u00eames de ce plan de sauvetage\u00a0\u00bb, at-il dit, affirmant qu&rsquo;il y a \u00ab\u00a0un sentiment\u00a0\u00bb que la r\u00e9ponse europ\u00e9enne \u00e0 la crise est en attente de \u00ab\u00a0calendriers\u00a0\u00bb comme par exemple les \u00e9lections en Allemagne.<\/p>\n<p>\u00ab\u00a0L&rsquo;Union europ\u00e9enne, cette communaut\u00e9, qui a mis des d\u00e9cennies \u00e0 se construire est en train de s&rsquo;\u00e9ffondrer. Une division actuelle entre le nord et le sud, et entre le centre et le sud, est tr\u00e8s n\u00e9gatif\u00a0\u00bb, at-il dit.<\/p>\n<p>\u00ab\u00a0Nous avons besoin de trouver dans le contexte actuel une strat\u00e9gie bas\u00e9e sur la solidarit\u00e9. Qui aurait dit, il ya quelques ann\u00e9es, qu&rsquo;il \u00e9tait possible d&rsquo;\u00eatre en train de discuter de l&rsquo;ind\u00e9pendance de la Catalogne, le Pays basque ou de l&rsquo;Ecosse\u00a0\u00bb, a conclu Jorge Sampaio. <\/p>\n<p style=\"text-align:center\"><!--\ngoogle_ad_client = \"ca-pub-2727717456356200\";\n\/* CulturaLusa 468x60 *\/\ngoogle_ad_slot = \"2785499263\";\ngoogle_ad_width = 468;\ngoogle_ad_height = 60;\n\/\/--><br \/><\/p>\n","protected":false},"excerpt":{"rendered":"<p>L&rsquo;ancien Pr\u00e9sident de la R\u00e9publique portugais, Jorge Sampaio, a d\u00e9clar\u00e9 qu&rsquo;il est n\u00e9cessaire de renforcer la l\u00e9gitimit\u00e9 du syst\u00e8me politique, notant que de moins en moins de citoyens portugais se voient dans leurs repr\u00e9sentants politiques. \u00ab\u00a0Le dysfonctionnement entre la classe politique et la population portugaise est en augmentation. On n&rsquo;a pas \u00e9t\u00e9 en mesure de [&hellip;]<\/p>\n","protected":false},"author":1,"featured_media":0,"comment_status":"open","ping_status":"closed","sticky":false,"template":"","format":"standard","meta":{"footnotes":""},"categories":[3],"tags":[],"class_list":["post-979","post","type-post","status-publish","format-standard","hentry","category-portugal"],"aioseo_notices":[],"_links":{"self":[{"href":"https:\/\/www.culturalusa.com\/news\/wp-json\/wp\/v2\/posts\/979","targetHints":{"allow":["GET"]}}],"collection":[{"href":"https:\/\/www.culturalusa.com\/news\/wp-json\/wp\/v2\/posts"}],"about":[{"href":"https:\/\/www.culturalusa.com\/news\/wp-json\/wp\/v2\/types\/post"}],"author":[{"embeddable":true,"href":"https:\/\/www.culturalusa.com\/news\/wp-json\/wp\/v2\/users\/1"}],"replies":[{"embeddable":true,"href":"https:\/\/www.culturalusa.com\/news\/wp-json\/wp\/v2\/comments?post=979"}],"version-history":[{"count":0,"href":"https:\/\/www.culturalusa.com\/news\/wp-json\/wp\/v2\/posts\/979\/revisions"}],"wp:attachment":[{"href":"https:\/\/www.culturalusa.com\/news\/wp-json\/wp\/v2\/media?parent=979"}],"wp:term":[{"taxonomy":"category","embeddable":true,"href":"https:\/\/www.culturalusa.com\/news\/wp-json\/wp\/v2\/categories?post=979"},{"taxonomy":"post_tag","embeddable":true,"href":"https:\/\/www.culturalusa.com\/news\/wp-json\/wp\/v2\/tags?post=979"}],"curies":[{"name":"wp","href":"https:\/\/api.w.org\/{rel}","templated":true}]}}